{"id":1239,"date":"2020-07-31T12:35:54","date_gmt":"2020-07-31T10:35:54","guid":{"rendered":"https:\/\/www.aibi.it\/coopaibc\/?p=1239"},"modified":"2020-07-31T12:35:54","modified_gmt":"2020-07-31T10:35:54","slug":"adolescenti-attacchi-di-panico-dopo-la-quarantena-cosa-fare","status":"publish","type":"post","link":"https:\/\/www.aibi.it\/coopaibc\/adolescenti-attacchi-di-panico-dopo-la-quarantena-cosa-fare\/","title":{"rendered":"Adolescenti. Attacchi di panico dopo la quarantena. Cosa fare?"},"content":{"rendered":"<blockquote><p>Buongiorno,<\/p>\n<p>Dopo la quarantena per il Coronavirus della scorsa primavera, nostro figlio adolescente ha iniziato a soffrire di attacchi di panico. All&#8217;imporvviso dice che gli manca l&#8217;aria, prova un senso di nausea e la tachicardia. Siamo molto preoccupati perch\u00e9 \u00e8 sempre stato un bambino molto ansioso, ma adesso \u00e8 sempre chiuso dentro casa e si rifiuta di uscire anche per andare a trovare la sua fidanzatina, che risiede in un comune limitrofo.<\/p>\n<p>A settembre dovr\u00e0 tornare a scuola. Come possiamo aiutarla?<\/p>\n<p>Carla ed Enrico<\/p><\/blockquote>\n<p>Cari signori,<\/p>\n<p>Purtroppo i disturbi d&#8217;ansia sono tra i malesseri pi\u00f9 diffusi, anche tra i giovanissimi. Si tratta di una paura improvvisa per una minaccia sconosciuta, che potrebbe arrivare all&#8217;improvviso senza sapere quale sia. Si tratta di un disturbo che solitamente compare intorno ai 20 anni, anche se di base c&#8217;\u00e8 una predisposizione a sperimentare emozioni negative dall&#8217;infanzia.<\/p>\n<p>Durante un attacco di panico il corpo viene travolto da sensazioni che la mente non pu\u00f2 tollerare: la sensazione di non farcela, di morire. Di essere travolta dagli impegni e dalle responsabilit\u00e0. Generalmente si tratta anche delle aspettative che sono riposte in se stessi.<\/p>\n<p>Il malessere fisico pu\u00f2 essere ridotto con i giusti interventi terapeutici, perci\u00f2 bisogna chiedere aiuto. Ma bisogna anche imparare a regiare, facendo affidamento su se stessi. Serve un approccio consapevole delle proprie responsabilit\u00e0, evitando di sentirsi in colpa se le cose non vanno come si vorrebbe. Bisogna, in sintesi, essere pi\u00f9 tolleranti verso se stessi e anche chi sta vicino a questi ragazzi deve evitare che le proprie aspettative su un ripristino delle normali condizioni di vita si trasformino in una pressione generatrice di ansia. Un atteggiamento eccessivamente premuroso pu\u00f2 essere controproducente.<\/p>\n<p>Il consiglio, sempre e comunque, \u00e8 quello di rivolgersi a uno specialista che possa aiutare. Vi invitiamo inoltre a contattarci per approfondire l\u2019argomento. L\u2019equipe del CEFAM \u00e8 in grado di valutare ed offrire il percorso pi\u00f9 idoneo affinch\u00e9 il figlio della coppia impari a gestire e, successivamente risolvere, questi attacchi di panico.<\/p>\n<p>Cordiali saluti,<\/p>\n<p><strong>Staff AIBC<\/strong><\/p>\n","protected":false},"excerpt":{"rendered":"<p>Buongiorno, Dopo la quarantena per il Coronavirus della scorsa primavera, nostro figlio adolescente ha iniziato a soffrire di attacchi di panico. All&rsquo;imporvviso dice che gli manca l&rsquo;aria, prova un senso di nausea e la tachicardia. Siamo molto preoccupati perch&eacute; &egrave; sempre stato un bambino molto ansioso, ma adesso &egrave; sempre [&hellip;]<\/p>\n","protected":false},"author":10,"featured_media":1240,"comment_status":"open","ping_status":"open","sticky":false,"template":"","format":"standard","meta":{"footnotes":""},"categories":[1],"tags":[11],"class_list":{"0":"post-1239","1":"post","2":"type-post","3":"status-publish","4":"format-standard","5":"has-post-thumbnail","7":"category-news","8":"tag-famiglia"},"yoast_head":"<!-- This site is optimized with the Yoast SEO plugin v26.1.1 - https:\/\/yoast.com\/wordpress\/plugins\/seo\/ -->\n<title>Adolescenti. Attacchi di panico dopo la quarantena. Cosa fare? - AIBC<\/title>\n<meta name=\"robots\" content=\"index, follow, max-snippet:-1, max-image-preview:large, max-video-preview:-1\" \/>\n<link rel=\"canonical\" href=\"https:\/\/www.aibi.it\/coopaibc\/adolescenti-attacchi-di-panico-dopo-la-quarantena-cosa-fare\/\" \/>\n<meta property=\"og:locale\" content=\"it_IT\" \/>\n<meta property=\"og:type\" content=\"article\" \/>\n<meta property=\"og:title\" content=\"Adolescenti. Attacchi di panico dopo la quarantena. Cosa fare?\" \/>\n<meta property=\"og:description\" content=\"Buongiorno, dopo la quarantena per il Coronavirus della scorsa primavera, nostro figlio adolescente ha iniziato a soffrire di attacchi di panico.\" \/>\n<meta property=\"og:url\" content=\"https:\/\/www.aibi.it\/coopaibc\/adolescenti-attacchi-di-panico-dopo-la-quarantena-cosa-fare\/\" \/>\n<meta property=\"og:site_name\" content=\"AIBC\" \/>\n<meta property=\"article:published_time\" content=\"2020-07-31T10:35:54+00:00\" \/>\n<meta property=\"og:image\" content=\"https:\/\/www.aibi.it\/coopaibc\/wp-content\/uploads\/2020\/07\/panicovid.jpg\" \/>\n\t<meta property=\"og:image:width\" content=\"1200\" \/>\n\t<meta property=\"og:image:height\" content=\"631\" \/>\n\t<meta property=\"og:image:type\" content=\"image\/jpeg\" \/>\n<meta name=\"author\" content=\"francescoE\" \/>\n<meta name=\"twitter:card\" content=\"summary_large_image\" \/>\n<meta name=\"twitter:title\" content=\"Adolescenti. Attacchi di panico dopo la quarantena. Cosa fare?\" \/>\n<meta name=\"twitter:description\" content=\"Buongiorno, dopo la quarantena per il Coronavirus della scorsa primavera, nostro figlio adolescente ha iniziato a soffrire di attacchi di panico.\" \/>\n<meta name=\"twitter:image\" content=\"https:\/\/www.aibi.it\/coopaibc\/wp-content\/uploads\/2020\/07\/panicovid.jpg\" \/>\n<meta name=\"twitter:label1\" content=\"Scritto da\" \/>\n\t<meta name=\"twitter:data1\" content=\"francescoE\" \/>\n\t<meta name=\"twitter:label2\" content=\"Tempo di lettura stimato\" \/>\n\t<meta name=\"twitter:data2\" content=\"2 minuti\" \/>\n<script type=\"application\/ld+json\" class=\"yoast-schema-graph\">{\"@context\":\"https:\/\/schema.org\",\"@graph\":[{\"@type\":\"Article\",\"@id\":\"https:\/\/www.aibi.it\/coopaibc\/adolescenti-attacchi-di-panico-dopo-la-quarantena-cosa-fare\/#article\",\"isPartOf\":{\"@id\":\"https:\/\/www.aibi.it\/coopaibc\/adolescenti-attacchi-di-panico-dopo-la-quarantena-cosa-fare\/\"},\"author\":{\"name\":\"francescoE\",\"@id\":\"https:\/\/www.aibi.it\/coopaibc\/#\/schema\/person\/29ad36869e080d9e3fe4cf7707235543\"},\"headline\":\"Adolescenti. Attacchi di panico dopo la quarantena. Cosa fare?\",\"datePublished\":\"2020-07-31T10:35:54+00:00\",\"mainEntityOfPage\":{\"@id\":\"https:\/\/www.aibi.it\/coopaibc\/adolescenti-attacchi-di-panico-dopo-la-quarantena-cosa-fare\/\"},\"wordCount\":340,\"commentCount\":0,\"publisher\":{\"@id\":\"https:\/\/www.aibi.it\/coopaibc\/#organization\"},\"image\":{\"@id\":\"https:\/\/www.aibi.it\/coopaibc\/adolescenti-attacchi-di-panico-dopo-la-quarantena-cosa-fare\/#primaryimage\"},\"thumbnailUrl\":\"https:\/\/www.aibi.it\/coopaibc\/wp-content\/uploads\/2020\/07\/panicovid.jpg\",\"keywords\":[\"famiglia\"],\"articleSection\":[\"News\"],\"inLanguage\":\"it-IT\",\"potentialAction\":[{\"@type\":\"CommentAction\",\"name\":\"Comment\",\"target\":[\"https:\/\/www.aibi.it\/coopaibc\/adolescenti-attacchi-di-panico-dopo-la-quarantena-cosa-fare\/#respond\"]}]},{\"@type\":\"WebPage\",\"@id\":\"https:\/\/www.aibi.it\/coopaibc\/adolescenti-attacchi-di-panico-dopo-la-quarantena-cosa-fare\/\",\"url\":\"https:\/\/www.aibi.it\/coopaibc\/adolescenti-attacchi-di-panico-dopo-la-quarantena-cosa-fare\/\",\"name\":\"Adolescenti. Attacchi di panico dopo la quarantena. Cosa fare? - AIBC\",\"isPartOf\":{\"@id\":\"https:\/\/www.aibi.it\/coopaibc\/#website\"},\"primaryImageOfPage\":{\"@id\":\"https:\/\/www.aibi.it\/coopaibc\/adolescenti-attacchi-di-panico-dopo-la-quarantena-cosa-fare\/#primaryimage\"},\"image\":{\"@id\":\"https:\/\/www.aibi.it\/coopaibc\/adolescenti-attacchi-di-panico-dopo-la-quarantena-cosa-fare\/#primaryimage\"},\"thumbnailUrl\":\"https:\/\/www.aibi.it\/coopaibc\/wp-content\/uploads\/2020\/07\/panicovid.jpg\",\"datePublished\":\"2020-07-31T10:35:54+00:00\",\"breadcrumb\":{\"@id\":\"https:\/\/www.aibi.it\/coopaibc\/adolescenti-attacchi-di-panico-dopo-la-quarantena-cosa-fare\/#breadcrumb\"},\"inLanguage\":\"it-IT\",\"potentialAction\":[{\"@type\":\"ReadAction\",\"target\":[\"https:\/\/www.aibi.it\/coopaibc\/adolescenti-attacchi-di-panico-dopo-la-quarantena-cosa-fare\/\"]}]},{\"@type\":\"ImageObject\",\"inLanguage\":\"it-IT\",\"@id\":\"https:\/\/www.aibi.it\/coopaibc\/adolescenti-attacchi-di-panico-dopo-la-quarantena-cosa-fare\/#primaryimage\",\"url\":\"https:\/\/www.aibi.it\/coopaibc\/wp-content\/uploads\/2020\/07\/panicovid.jpg\",\"contentUrl\":\"https:\/\/www.aibi.it\/coopaibc\/wp-content\/uploads\/2020\/07\/panicovid.jpg\",\"width\":1200,\"height\":631},{\"@type\":\"BreadcrumbList\",\"@id\":\"https:\/\/www.aibi.it\/coopaibc\/adolescenti-attacchi-di-panico-dopo-la-quarantena-cosa-fare\/#breadcrumb\",\"itemListElement\":[{\"@type\":\"ListItem\",\"position\":1,\"name\":\"Home\",\"item\":\"https:\/\/www.aibi.it\/coopaibc\/\"},{\"@type\":\"ListItem\",\"position\":2,\"name\":\"Adolescenti. Attacchi di panico dopo la quarantena. Cosa fare?\"}]},{\"@type\":\"WebSite\",\"@id\":\"https:\/\/www.aibi.it\/coopaibc\/#website\",\"url\":\"https:\/\/www.aibi.it\/coopaibc\/\",\"name\":\"AIBC\",\"description\":\"Cooperativa Sociale\",\"publisher\":{\"@id\":\"https:\/\/www.aibi.it\/coopaibc\/#organization\"},\"potentialAction\":[{\"@type\":\"SearchAction\",\"target\":{\"@type\":\"EntryPoint\",\"urlTemplate\":\"https:\/\/www.aibi.it\/coopaibc\/?s={search_term_string}\"},\"query-input\":{\"@type\":\"PropertyValueSpecification\",\"valueRequired\":true,\"valueName\":\"search_term_string\"}}],\"inLanguage\":\"it-IT\"},{\"@type\":\"Organization\",\"@id\":\"https:\/\/www.aibi.it\/coopaibc\/#organization\",\"name\":\"AIBC\",\"url\":\"https:\/\/www.aibi.it\/coopaibc\/\",\"logo\":{\"@type\":\"ImageObject\",\"inLanguage\":\"it-IT\",\"@id\":\"https:\/\/www.aibi.it\/coopaibc\/#\/schema\/logo\/image\/\",\"url\":\"https:\/\/www.aibi.it\/coopaibc\/wp-content\/uploads\/2016\/11\/cropped-logo-aibc-arancio-neg-150-1.png\",\"contentUrl\":\"https:\/\/www.aibi.it\/coopaibc\/wp-content\/uploads\/2016\/11\/cropped-logo-aibc-arancio-neg-150-1.png\",\"width\":150,\"height\":88,\"caption\":\"AIBC\"},\"image\":{\"@id\":\"https:\/\/www.aibi.it\/coopaibc\/#\/schema\/logo\/image\/\"}},{\"@type\":\"Person\",\"@id\":\"https:\/\/www.aibi.it\/coopaibc\/#\/schema\/person\/29ad36869e080d9e3fe4cf7707235543\",\"name\":\"francescoE\",\"image\":{\"@type\":\"ImageObject\",\"inLanguage\":\"it-IT\",\"@id\":\"https:\/\/www.aibi.it\/coopaibc\/#\/schema\/person\/image\/\",\"url\":\"https:\/\/secure.gravatar.com\/avatar\/eb25bc3259115f3cc20fd1978e06816ae94cd44934e33996da7a734be3641d43?s=96&d=mm&r=g\",\"contentUrl\":\"https:\/\/secure.gravatar.com\/avatar\/eb25bc3259115f3cc20fd1978e06816ae94cd44934e33996da7a734be3641d43?s=96&d=mm&r=g\",\"caption\":\"francescoE\"},\"url\":\"https:\/\/www.aibi.it\/coopaibc\/author\/francescoe\/\"}]}<\/script>\n<!-- \/ Yoast SEO plugin. -->","yoast_head_json":{"title":"Adolescenti. Attacchi di panico dopo la quarantena. Cosa fare? - AIBC","robots":{"index":"index","follow":"follow","max-snippet":"max-snippet:-1","max-image-preview":"max-image-preview:large","max-video-preview":"max-video-preview:-1"},"canonical":"https:\/\/www.aibi.it\/coopaibc\/adolescenti-attacchi-di-panico-dopo-la-quarantena-cosa-fare\/","og_locale":"it_IT","og_type":"article","og_title":"Adolescenti. Attacchi di panico dopo la quarantena. Cosa fare?","og_description":"Buongiorno, dopo la quarantena per il Coronavirus della scorsa primavera, nostro figlio adolescente ha iniziato a soffrire di attacchi di panico.","og_url":"https:\/\/www.aibi.it\/coopaibc\/adolescenti-attacchi-di-panico-dopo-la-quarantena-cosa-fare\/","og_site_name":"AIBC","article_published_time":"2020-07-31T10:35:54+00:00","og_image":[{"width":1200,"height":631,"url":"https:\/\/www.aibi.it\/coopaibc\/wp-content\/uploads\/2020\/07\/panicovid.jpg","type":"image\/jpeg"}],"author":"francescoE","twitter_card":"summary_large_image","twitter_title":"Adolescenti. Attacchi di panico dopo la quarantena. Cosa fare?","twitter_description":"Buongiorno, dopo la quarantena per il Coronavirus della scorsa primavera, nostro figlio adolescente ha iniziato a soffrire di attacchi di panico.","twitter_image":"https:\/\/www.aibi.it\/coopaibc\/wp-content\/uploads\/2020\/07\/panicovid.jpg","twitter_misc":{"Scritto da":"francescoE","Tempo di lettura stimato":"2 minuti"},"schema":{"@context":"https:\/\/schema.org","@graph":[{"@type":"Article","@id":"https:\/\/www.aibi.it\/coopaibc\/adolescenti-attacchi-di-panico-dopo-la-quarantena-cosa-fare\/#article","isPartOf":{"@id":"https:\/\/www.aibi.it\/coopaibc\/adolescenti-attacchi-di-panico-dopo-la-quarantena-cosa-fare\/"},"author":{"name":"francescoE","@id":"https:\/\/www.aibi.it\/coopaibc\/#\/schema\/person\/29ad36869e080d9e3fe4cf7707235543"},"headline":"Adolescenti. Attacchi di panico dopo la quarantena. Cosa fare?","datePublished":"2020-07-31T10:35:54+00:00","mainEntityOfPage":{"@id":"https:\/\/www.aibi.it\/coopaibc\/adolescenti-attacchi-di-panico-dopo-la-quarantena-cosa-fare\/"},"wordCount":340,"commentCount":0,"publisher":{"@id":"https:\/\/www.aibi.it\/coopaibc\/#organization"},"image":{"@id":"https:\/\/www.aibi.it\/coopaibc\/adolescenti-attacchi-di-panico-dopo-la-quarantena-cosa-fare\/#primaryimage"},"thumbnailUrl":"https:\/\/www.aibi.it\/coopaibc\/wp-content\/uploads\/2020\/07\/panicovid.jpg","keywords":["famiglia"],"articleSection":["News"],"inLanguage":"it-IT","potentialAction":[{"@type":"CommentAction","name":"Comment","target":["https:\/\/www.aibi.it\/coopaibc\/adolescenti-attacchi-di-panico-dopo-la-quarantena-cosa-fare\/#respond"]}]},{"@type":"WebPage","@id":"https:\/\/www.aibi.it\/coopaibc\/adolescenti-attacchi-di-panico-dopo-la-quarantena-cosa-fare\/","url":"https:\/\/www.aibi.it\/coopaibc\/adolescenti-attacchi-di-panico-dopo-la-quarantena-cosa-fare\/","name":"Adolescenti. Attacchi di panico dopo la quarantena. Cosa fare? - AIBC","isPartOf":{"@id":"https:\/\/www.aibi.it\/coopaibc\/#website"},"primaryImageOfPage":{"@id":"https:\/\/www.aibi.it\/coopaibc\/adolescenti-attacchi-di-panico-dopo-la-quarantena-cosa-fare\/#primaryimage"},"image":{"@id":"https:\/\/www.aibi.it\/coopaibc\/adolescenti-attacchi-di-panico-dopo-la-quarantena-cosa-fare\/#primaryimage"},"thumbnailUrl":"https:\/\/www.aibi.it\/coopaibc\/wp-content\/uploads\/2020\/07\/panicovid.jpg","datePublished":"2020-07-31T10:35:54+00:00","breadcrumb":{"@id":"https:\/\/www.aibi.it\/coopaibc\/adolescenti-attacchi-di-panico-dopo-la-quarantena-cosa-fare\/#breadcrumb"},"inLanguage":"it-IT","potentialAction":[{"@type":"ReadAction","target":["https:\/\/www.aibi.it\/coopaibc\/adolescenti-attacchi-di-panico-dopo-la-quarantena-cosa-fare\/"]}]},{"@type":"ImageObject","inLanguage":"it-IT","@id":"https:\/\/www.aibi.it\/coopaibc\/adolescenti-attacchi-di-panico-dopo-la-quarantena-cosa-fare\/#primaryimage","url":"https:\/\/www.aibi.it\/coopaibc\/wp-content\/uploads\/2020\/07\/panicovid.jpg","contentUrl":"https:\/\/www.aibi.it\/coopaibc\/wp-content\/uploads\/2020\/07\/panicovid.jpg","width":1200,"height":631},{"@type":"BreadcrumbList","@id":"https:\/\/www.aibi.it\/coopaibc\/adolescenti-attacchi-di-panico-dopo-la-quarantena-cosa-fare\/#breadcrumb","itemListElement":[{"@type":"ListItem","position":1,"name":"Home","item":"https:\/\/www.aibi.it\/coopaibc\/"},{"@type":"ListItem","position":2,"name":"Adolescenti. Attacchi di panico dopo la quarantena. Cosa fare?"}]},{"@type":"WebSite","@id":"https:\/\/www.aibi.it\/coopaibc\/#website","url":"https:\/\/www.aibi.it\/coopaibc\/","name":"AIBC","description":"Cooperativa Sociale","publisher":{"@id":"https:\/\/www.aibi.it\/coopaibc\/#organization"},"potentialAction":[{"@type":"SearchAction","target":{"@type":"EntryPoint","urlTemplate":"https:\/\/www.aibi.it\/coopaibc\/?s={search_term_string}"},"query-input":{"@type":"PropertyValueSpecification","valueRequired":true,"valueName":"search_term_string"}}],"inLanguage":"it-IT"},{"@type":"Organization","@id":"https:\/\/www.aibi.it\/coopaibc\/#organization","name":"AIBC","url":"https:\/\/www.aibi.it\/coopaibc\/","logo":{"@type":"ImageObject","inLanguage":"it-IT","@id":"https:\/\/www.aibi.it\/coopaibc\/#\/schema\/logo\/image\/","url":"https:\/\/www.aibi.it\/coopaibc\/wp-content\/uploads\/2016\/11\/cropped-logo-aibc-arancio-neg-150-1.png","contentUrl":"https:\/\/www.aibi.it\/coopaibc\/wp-content\/uploads\/2016\/11\/cropped-logo-aibc-arancio-neg-150-1.png","width":150,"height":88,"caption":"AIBC"},"image":{"@id":"https:\/\/www.aibi.it\/coopaibc\/#\/schema\/logo\/image\/"}},{"@type":"Person","@id":"https:\/\/www.aibi.it\/coopaibc\/#\/schema\/person\/29ad36869e080d9e3fe4cf7707235543","name":"francescoE","image":{"@type":"ImageObject","inLanguage":"it-IT","@id":"https:\/\/www.aibi.it\/coopaibc\/#\/schema\/person\/image\/","url":"https:\/\/secure.gravatar.com\/avatar\/eb25bc3259115f3cc20fd1978e06816ae94cd44934e33996da7a734be3641d43?s=96&d=mm&r=g","contentUrl":"https:\/\/secure.gravatar.com\/avatar\/eb25bc3259115f3cc20fd1978e06816ae94cd44934e33996da7a734be3641d43?s=96&d=mm&r=g","caption":"francescoE"},"url":"https:\/\/www.aibi.it\/coopaibc\/author\/francescoe\/"}]}},"_links":{"self":[{"href":"https:\/\/www.aibi.it\/coopaibc\/wp-json\/wp\/v2\/posts\/1239","targetHints":{"allow":["GET"]}}],"collection":[{"href":"https:\/\/www.aibi.it\/coopaibc\/wp-json\/wp\/v2\/posts"}],"about":[{"href":"https:\/\/www.aibi.it\/coopaibc\/wp-json\/wp\/v2\/types\/post"}],"author":[{"embeddable":true,"href":"https:\/\/www.aibi.it\/coopaibc\/wp-json\/wp\/v2\/users\/10"}],"replies":[{"embeddable":true,"href":"https:\/\/www.aibi.it\/coopaibc\/wp-json\/wp\/v2\/comments?post=1239"}],"version-history":[{"count":2,"href":"https:\/\/www.aibi.it\/coopaibc\/wp-json\/wp\/v2\/posts\/1239\/revisions"}],"predecessor-version":[{"id":1257,"href":"https:\/\/www.aibi.it\/coopaibc\/wp-json\/wp\/v2\/posts\/1239\/revisions\/1257"}],"wp:featuredmedia":[{"embeddable":true,"href":"https:\/\/www.aibi.it\/coopaibc\/wp-json\/wp\/v2\/media\/1240"}],"wp:attachment":[{"href":"https:\/\/www.aibi.it\/coopaibc\/wp-json\/wp\/v2\/media?parent=1239"}],"wp:term":[{"taxonomy":"category","embeddable":true,"href":"https:\/\/www.aibi.it\/coopaibc\/wp-json\/wp\/v2\/categories?post=1239"},{"taxonomy":"post_tag","embeddable":true,"href":"https:\/\/www.aibi.it\/coopaibc\/wp-json\/wp\/v2\/tags?post=1239"}],"curies":[{"name":"wp","href":"https:\/\/api.w.org\/{rel}","templated":true}]}}