{"id":1368,"date":"2020-08-29T16:11:06","date_gmt":"2020-08-29T14:11:06","guid":{"rendered":"https:\/\/www.aibi.it\/coopaibc\/?p=1368"},"modified":"2020-08-29T16:11:06","modified_gmt":"2020-08-29T14:11:06","slug":"sono-un-padre-separato-e-vorrei-essere-coinvolto-di-piu-nella-vita-scolastica-dei-miei-figli-la-mia-richiesta-e-lecita","status":"publish","type":"post","link":"https:\/\/www.aibi.it\/coopaibc\/sono-un-padre-separato-e-vorrei-essere-coinvolto-di-piu-nella-vita-scolastica-dei-miei-figli-la-mia-richiesta-e-lecita\/","title":{"rendered":"Sono un padre separato e vorrei essere coinvolto di pi\u00f9 nella vita scolastica dei miei figli. La mia richiesta \u00e8 lecita?"},"content":{"rendered":"<blockquote>\n<p style=\"font-weight: 400;\">Gentilissima\u00a0 redazione,<\/p>\n<p style=\"font-weight: 400;\">sono un pap\u00e0 separato di due bellissimi bambini di 9 e 13 anni che vivono in casa con la madre.<\/p>\n<p style=\"font-weight: 400;\">Anche se il giudice ha disposto l\u2019affidamento congiunto dei ragazzi, mi sento un po\u2019 estromesso dalla loro vita educativa, soprattutto scolastica.<\/p>\n<p style=\"font-weight: 400;\">Gli insegnanti si rivolgono solo a mia moglie per ogni voto o comunicazione, mentre anche io vorrei essere messo al corrente di ci\u00f2 che accade a scuola.<\/p>\n<p style=\"font-weight: 400;\">La mia \u00e8 una richiesta lecita? Come posso fare?<\/p>\n<p style=\"font-weight: 400;\">Grazie<\/p>\n<p style=\"font-weight: 400;\">Marco<\/p>\n<\/blockquote>\n<p style=\"font-weight: 400;\">\n<p style=\"font-weight: 400;\">\n<p style=\"font-weight: 400;\">Gentilissimo Marco,<\/p>\n<p style=\"font-weight: 400;\">\u00e8 assolutamente diritto ( e dovere) del padre, anche se separato e non collocatario, partecipare alla vita educativa dei propri figli.<\/p>\n<p style=\"font-weight: 400;\">Nel nostro ordinamento vige in fatti il principio della \u201cbigenitorialit\u00e0\u201d che sancisce il diritto del bambino a ricevere cure, educazione e istruzione da parte di entrambi i genitori, anche se separati.<\/p>\n<p style=\"font-weight: 400;\">Aspetto fondamentale di tutta la normativa \u00e8 l\u2019assoluta centralit\u00e0 del minore e l\u2019esigenza di rispettare i suoi interessi.<\/p>\n<p style=\"font-weight: 400;\">Entrambi i genitori quindi, esercitano pari responsabilit\u00e0 sui figli, diritto\/dovere che devono portare avanti di comune accordo, tenendo conto delle capacit\u00e0, delle inclinazioni naturali e delle aspirazioni del figlio.<\/p>\n<p style=\"font-weight: 400;\">Come indicato in una circolare del MIUR del 2015, intitolata: \u201c<em>Indicazioni operative per la concreta attuazione in ambito scolastico della legge 54\/2006 -&#8220;Disposizioni in materia di separazione dei genitori e affidamento condiviso dei figli&#8221;, <\/em>tale regola trova eccezione solo in alcuni casi specifici come nell\u2019 affidamento esclusivo dei figli.<\/p>\n<p style=\"font-weight: 400;\">In tal caso, il genitore non affidatario, avr\u00e0 comunque il diritto\/ dovere di vigilare sull\u2019 istruzione ed educazione dei figli e potr\u00e0 ricorrere al giudice quando ritenga che siano state assunte decisioni pregiudizievoli al loro interesse.<em>\u00a0<\/em>In ogni caso, salvo che non sia diversamente stabilito dal giudice, le decisioni di maggiore interesse per i figli\u00a0\u00a0saranno comunque adottate da entrambi i genitori.\u00a0Solo qualora il genitore sia dichiarato decaduto dalla responsabilit\u00e0 genitoriale ai sensi dell\u2019art. 330 del c.c. a seguito di un provvedimento del Tribunale, potr\u00e0 essere considerato decaduto dalla possibilit\u00e0 di partecipare alle scelte di vita del figlio.<\/p>\n<p style=\"font-weight: 400;\">Tornando alla sua domanda, la circolare emanata dal Ministero dell\u2019 Istruzione invita le strutture scolastiche ad \u201c<em>incoraggiare, favorire e garantire l\u2019esercizio del diritto\/ dovere del genitore separato o divorziato o non pi\u00f9 convivente, anche se non affidatario e\/o non collocatario, (articoli 155 e 317 c.c.), di vigilare sull\u2019istruzione ed educazione dei figli e conseguentemente di facilitare agli stessi l\u2019accesso alla documentazione scolastica e alle informazioni relative alle attivit\u00e0 scolastiche ed extrascolastiche previste dal POF\u201d.<\/em><\/p>\n<p style=\"font-weight: 400;\">Pertanto caro Marco, il suo desiderio di essere coinvolto maggiormente nel percorso scolastico dei suoi figli \u00e8 del tutto lecito, anzi le dir\u00f2 di pi\u00f9 \u00e8 suo diritto e dovere.<\/p>\n<p style=\"font-weight: 400;\">Qualora la sua richiesta non sia tenuta in considerazione dalla struttura scolastica la invito pertanto a segnalare via pec o tramite raccomandata, alla direzione scolastica della scuola frequentata dai suoi figli, il suo diritto, sottolineando che si attende un coinvolgimento paritario a quello dell\u2019altro genitore nel corso dell\u2019anno scolastico.<\/p>\n<p style=\"font-weight: 400;\">Qualora volesse\u00a0approfondire l\u2019argomento, non esiti a contattarci al\u00a0<strong>3400088431<\/strong>\u00a0oppure scrivendo all\u2019indirizzo mail\u00a0<strong>cefam@coopaibc.it<\/strong><\/p>\n<p style=\"font-weight: 400;\">\u00a0<strong>Staff AIBC<\/strong><\/p>\n","protected":false},"excerpt":{"rendered":"<p>Gentilissima&nbsp; redazione, sono un pap&agrave; separato di due bellissimi bambini di 9 e 13 anni che vivono in casa con la madre. Anche se il giudice ha disposto l&rsquo;affidamento congiunto dei ragazzi, mi sento un po&rsquo; estromesso dalla loro vita educativa, soprattutto scolastica. Gli insegnanti si rivolgono solo a mia [&hellip;]<\/p>\n","protected":false},"author":4,"featured_media":1369,"comment_status":"open","ping_status":"open","sticky":false,"template":"","format":"standard","meta":{"footnotes":""},"categories":[1],"tags":[11],"class_list":{"0":"post-1368","1":"post","2":"type-post","3":"status-publish","4":"format-standard","5":"has-post-thumbnail","7":"category-news","8":"tag-famiglia"},"yoast_head":"<!-- This site is optimized with the Yoast SEO plugin v26.1.1 - https:\/\/yoast.com\/wordpress\/plugins\/seo\/ -->\n<title>Sono un padre separato e vorrei essere coinvolto di pi\u00f9 nella vita scolastica dei miei figli. La mia richiesta \u00e8 lecita? - AIBC<\/title>\n<meta name=\"robots\" content=\"index, follow, max-snippet:-1, max-image-preview:large, max-video-preview:-1\" \/>\n<link rel=\"canonical\" href=\"https:\/\/www.aibi.it\/coopaibc\/sono-un-padre-separato-e-vorrei-essere-coinvolto-di-piu-nella-vita-scolastica-dei-miei-figli-la-mia-richiesta-e-lecita\/\" \/>\n<meta property=\"og:locale\" content=\"it_IT\" \/>\n<meta property=\"og:type\" content=\"article\" \/>\n<meta property=\"og:title\" content=\"Sono un padre separato e vorrei essere coinvolto di pi\u00f9 nella vita scolastica dei miei figli. La mia richiesta \u00e8 lecita? - AIBC\" \/>\n<meta property=\"og:description\" content=\"Gentilissima&nbsp; redazione, sono un pap&agrave; separato di due bellissimi bambini di 9 e 13 anni che vivono in casa con la madre. Anche se il giudice ha disposto l&rsquo;affidamento congiunto dei ragazzi, mi sento un po&rsquo; estromesso dalla loro vita educativa, soprattutto scolastica. Gli insegnanti si rivolgono solo a mia [&hellip;]\" \/>\n<meta property=\"og:url\" content=\"https:\/\/www.aibi.it\/coopaibc\/sono-un-padre-separato-e-vorrei-essere-coinvolto-di-piu-nella-vita-scolastica-dei-miei-figli-la-mia-richiesta-e-lecita\/\" \/>\n<meta property=\"og:site_name\" content=\"AIBC\" \/>\n<meta property=\"article:published_time\" content=\"2020-08-29T14:11:06+00:00\" \/>\n<meta property=\"og:image\" content=\"https:\/\/www.aibi.it\/coopaibc\/wp-content\/uploads\/2020\/08\/pap\u00e0.jpg\" \/>\n\t<meta property=\"og:image:width\" content=\"1200\" \/>\n\t<meta property=\"og:image:height\" content=\"630\" \/>\n\t<meta property=\"og:image:type\" content=\"image\/jpeg\" \/>\n<meta name=\"author\" content=\"mariaS\" \/>\n<meta name=\"twitter:card\" content=\"summary_large_image\" \/>\n<meta name=\"twitter:label1\" content=\"Scritto da\" \/>\n\t<meta name=\"twitter:data1\" content=\"mariaS\" \/>\n\t<meta name=\"twitter:label2\" content=\"Tempo di lettura stimato\" \/>\n\t<meta name=\"twitter:data2\" content=\"3 minuti\" \/>\n<script type=\"application\/ld+json\" class=\"yoast-schema-graph\">{\"@context\":\"https:\/\/schema.org\",\"@graph\":[{\"@type\":\"Article\",\"@id\":\"https:\/\/www.aibi.it\/coopaibc\/sono-un-padre-separato-e-vorrei-essere-coinvolto-di-piu-nella-vita-scolastica-dei-miei-figli-la-mia-richiesta-e-lecita\/#article\",\"isPartOf\":{\"@id\":\"https:\/\/www.aibi.it\/coopaibc\/sono-un-padre-separato-e-vorrei-essere-coinvolto-di-piu-nella-vita-scolastica-dei-miei-figli-la-mia-richiesta-e-lecita\/\"},\"author\":{\"name\":\"mariaS\",\"@id\":\"https:\/\/www.aibi.it\/coopaibc\/#\/schema\/person\/20c35acf37410bdb55edad4e6aa0ff7c\"},\"headline\":\"Sono un padre separato e vorrei essere coinvolto di pi\u00f9 nella vita scolastica dei miei figli. La mia richiesta \u00e8 lecita?\",\"datePublished\":\"2020-08-29T14:11:06+00:00\",\"mainEntityOfPage\":{\"@id\":\"https:\/\/www.aibi.it\/coopaibc\/sono-un-padre-separato-e-vorrei-essere-coinvolto-di-piu-nella-vita-scolastica-dei-miei-figli-la-mia-richiesta-e-lecita\/\"},\"wordCount\":524,\"commentCount\":0,\"publisher\":{\"@id\":\"https:\/\/www.aibi.it\/coopaibc\/#organization\"},\"image\":{\"@id\":\"https:\/\/www.aibi.it\/coopaibc\/sono-un-padre-separato-e-vorrei-essere-coinvolto-di-piu-nella-vita-scolastica-dei-miei-figli-la-mia-richiesta-e-lecita\/#primaryimage\"},\"thumbnailUrl\":\"https:\/\/www.aibi.it\/coopaibc\/wp-content\/uploads\/2020\/08\/pap\u00e0.jpg\",\"keywords\":[\"famiglia\"],\"articleSection\":[\"News\"],\"inLanguage\":\"it-IT\",\"potentialAction\":[{\"@type\":\"CommentAction\",\"name\":\"Comment\",\"target\":[\"https:\/\/www.aibi.it\/coopaibc\/sono-un-padre-separato-e-vorrei-essere-coinvolto-di-piu-nella-vita-scolastica-dei-miei-figli-la-mia-richiesta-e-lecita\/#respond\"]}]},{\"@type\":\"WebPage\",\"@id\":\"https:\/\/www.aibi.it\/coopaibc\/sono-un-padre-separato-e-vorrei-essere-coinvolto-di-piu-nella-vita-scolastica-dei-miei-figli-la-mia-richiesta-e-lecita\/\",\"url\":\"https:\/\/www.aibi.it\/coopaibc\/sono-un-padre-separato-e-vorrei-essere-coinvolto-di-piu-nella-vita-scolastica-dei-miei-figli-la-mia-richiesta-e-lecita\/\",\"name\":\"Sono un padre separato e vorrei essere coinvolto di pi\u00f9 nella vita scolastica dei miei figli. La mia richiesta \u00e8 lecita? - AIBC\",\"isPartOf\":{\"@id\":\"https:\/\/www.aibi.it\/coopaibc\/#website\"},\"primaryImageOfPage\":{\"@id\":\"https:\/\/www.aibi.it\/coopaibc\/sono-un-padre-separato-e-vorrei-essere-coinvolto-di-piu-nella-vita-scolastica-dei-miei-figli-la-mia-richiesta-e-lecita\/#primaryimage\"},\"image\":{\"@id\":\"https:\/\/www.aibi.it\/coopaibc\/sono-un-padre-separato-e-vorrei-essere-coinvolto-di-piu-nella-vita-scolastica-dei-miei-figli-la-mia-richiesta-e-lecita\/#primaryimage\"},\"thumbnailUrl\":\"https:\/\/www.aibi.it\/coopaibc\/wp-content\/uploads\/2020\/08\/pap\u00e0.jpg\",\"datePublished\":\"2020-08-29T14:11:06+00:00\",\"breadcrumb\":{\"@id\":\"https:\/\/www.aibi.it\/coopaibc\/sono-un-padre-separato-e-vorrei-essere-coinvolto-di-piu-nella-vita-scolastica-dei-miei-figli-la-mia-richiesta-e-lecita\/#breadcrumb\"},\"inLanguage\":\"it-IT\",\"potentialAction\":[{\"@type\":\"ReadAction\",\"target\":[\"https:\/\/www.aibi.it\/coopaibc\/sono-un-padre-separato-e-vorrei-essere-coinvolto-di-piu-nella-vita-scolastica-dei-miei-figli-la-mia-richiesta-e-lecita\/\"]}]},{\"@type\":\"ImageObject\",\"inLanguage\":\"it-IT\",\"@id\":\"https:\/\/www.aibi.it\/coopaibc\/sono-un-padre-separato-e-vorrei-essere-coinvolto-di-piu-nella-vita-scolastica-dei-miei-figli-la-mia-richiesta-e-lecita\/#primaryimage\",\"url\":\"https:\/\/www.aibi.it\/coopaibc\/wp-content\/uploads\/2020\/08\/pap\u00e0.jpg\",\"contentUrl\":\"https:\/\/www.aibi.it\/coopaibc\/wp-content\/uploads\/2020\/08\/pap\u00e0.jpg\",\"width\":1200,\"height\":630},{\"@type\":\"BreadcrumbList\",\"@id\":\"https:\/\/www.aibi.it\/coopaibc\/sono-un-padre-separato-e-vorrei-essere-coinvolto-di-piu-nella-vita-scolastica-dei-miei-figli-la-mia-richiesta-e-lecita\/#breadcrumb\",\"itemListElement\":[{\"@type\":\"ListItem\",\"position\":1,\"name\":\"Home\",\"item\":\"https:\/\/www.aibi.it\/coopaibc\/\"},{\"@type\":\"ListItem\",\"position\":2,\"name\":\"Sono un padre separato e vorrei essere coinvolto di pi\u00f9 nella vita scolastica dei miei figli. La mia richiesta \u00e8 lecita?\"}]},{\"@type\":\"WebSite\",\"@id\":\"https:\/\/www.aibi.it\/coopaibc\/#website\",\"url\":\"https:\/\/www.aibi.it\/coopaibc\/\",\"name\":\"AIBC\",\"description\":\"Cooperativa Sociale\",\"publisher\":{\"@id\":\"https:\/\/www.aibi.it\/coopaibc\/#organization\"},\"potentialAction\":[{\"@type\":\"SearchAction\",\"target\":{\"@type\":\"EntryPoint\",\"urlTemplate\":\"https:\/\/www.aibi.it\/coopaibc\/?s={search_term_string}\"},\"query-input\":{\"@type\":\"PropertyValueSpecification\",\"valueRequired\":true,\"valueName\":\"search_term_string\"}}],\"inLanguage\":\"it-IT\"},{\"@type\":\"Organization\",\"@id\":\"https:\/\/www.aibi.it\/coopaibc\/#organization\",\"name\":\"AIBC\",\"url\":\"https:\/\/www.aibi.it\/coopaibc\/\",\"logo\":{\"@type\":\"ImageObject\",\"inLanguage\":\"it-IT\",\"@id\":\"https:\/\/www.aibi.it\/coopaibc\/#\/schema\/logo\/image\/\",\"url\":\"https:\/\/www.aibi.it\/coopaibc\/wp-content\/uploads\/2016\/11\/cropped-logo-aibc-arancio-neg-150-1.png\",\"contentUrl\":\"https:\/\/www.aibi.it\/coopaibc\/wp-content\/uploads\/2016\/11\/cropped-logo-aibc-arancio-neg-150-1.png\",\"width\":150,\"height\":88,\"caption\":\"AIBC\"},\"image\":{\"@id\":\"https:\/\/www.aibi.it\/coopaibc\/#\/schema\/logo\/image\/\"}},{\"@type\":\"Person\",\"@id\":\"https:\/\/www.aibi.it\/coopaibc\/#\/schema\/person\/20c35acf37410bdb55edad4e6aa0ff7c\",\"name\":\"mariaS\",\"image\":{\"@type\":\"ImageObject\",\"inLanguage\":\"it-IT\",\"@id\":\"https:\/\/www.aibi.it\/coopaibc\/#\/schema\/person\/image\/\",\"url\":\"https:\/\/secure.gravatar.com\/avatar\/2cc649c1b18c2525711df2229be1bec404547cf030008c81a2f6b37f5287aaab?s=96&d=mm&r=g\",\"contentUrl\":\"https:\/\/secure.gravatar.com\/avatar\/2cc649c1b18c2525711df2229be1bec404547cf030008c81a2f6b37f5287aaab?s=96&d=mm&r=g\",\"caption\":\"mariaS\"},\"url\":\"https:\/\/www.aibi.it\/coopaibc\/author\/marias\/\"}]}<\/script>\n<!-- \/ Yoast SEO plugin. -->","yoast_head_json":{"title":"Sono un padre separato e vorrei essere coinvolto di pi\u00f9 nella vita scolastica dei miei figli. La mia richiesta \u00e8 lecita? - AIBC","robots":{"index":"index","follow":"follow","max-snippet":"max-snippet:-1","max-image-preview":"max-image-preview:large","max-video-preview":"max-video-preview:-1"},"canonical":"https:\/\/www.aibi.it\/coopaibc\/sono-un-padre-separato-e-vorrei-essere-coinvolto-di-piu-nella-vita-scolastica-dei-miei-figli-la-mia-richiesta-e-lecita\/","og_locale":"it_IT","og_type":"article","og_title":"Sono un padre separato e vorrei essere coinvolto di pi\u00f9 nella vita scolastica dei miei figli. La mia richiesta \u00e8 lecita? - AIBC","og_description":"Gentilissima&nbsp; redazione, sono un pap&agrave; separato di due bellissimi bambini di 9 e 13 anni che vivono in casa con la madre. Anche se il giudice ha disposto l&rsquo;affidamento congiunto dei ragazzi, mi sento un po&rsquo; estromesso dalla loro vita educativa, soprattutto scolastica. Gli insegnanti si rivolgono solo a mia [&hellip;]","og_url":"https:\/\/www.aibi.it\/coopaibc\/sono-un-padre-separato-e-vorrei-essere-coinvolto-di-piu-nella-vita-scolastica-dei-miei-figli-la-mia-richiesta-e-lecita\/","og_site_name":"AIBC","article_published_time":"2020-08-29T14:11:06+00:00","og_image":[{"width":1200,"height":630,"url":"https:\/\/www.aibi.it\/coopaibc\/wp-content\/uploads\/2020\/08\/pap\u00e0.jpg","type":"image\/jpeg"}],"author":"mariaS","twitter_card":"summary_large_image","twitter_misc":{"Scritto da":"mariaS","Tempo di lettura stimato":"3 minuti"},"schema":{"@context":"https:\/\/schema.org","@graph":[{"@type":"Article","@id":"https:\/\/www.aibi.it\/coopaibc\/sono-un-padre-separato-e-vorrei-essere-coinvolto-di-piu-nella-vita-scolastica-dei-miei-figli-la-mia-richiesta-e-lecita\/#article","isPartOf":{"@id":"https:\/\/www.aibi.it\/coopaibc\/sono-un-padre-separato-e-vorrei-essere-coinvolto-di-piu-nella-vita-scolastica-dei-miei-figli-la-mia-richiesta-e-lecita\/"},"author":{"name":"mariaS","@id":"https:\/\/www.aibi.it\/coopaibc\/#\/schema\/person\/20c35acf37410bdb55edad4e6aa0ff7c"},"headline":"Sono un padre separato e vorrei essere coinvolto di pi\u00f9 nella vita scolastica dei miei figli. La mia richiesta \u00e8 lecita?","datePublished":"2020-08-29T14:11:06+00:00","mainEntityOfPage":{"@id":"https:\/\/www.aibi.it\/coopaibc\/sono-un-padre-separato-e-vorrei-essere-coinvolto-di-piu-nella-vita-scolastica-dei-miei-figli-la-mia-richiesta-e-lecita\/"},"wordCount":524,"commentCount":0,"publisher":{"@id":"https:\/\/www.aibi.it\/coopaibc\/#organization"},"image":{"@id":"https:\/\/www.aibi.it\/coopaibc\/sono-un-padre-separato-e-vorrei-essere-coinvolto-di-piu-nella-vita-scolastica-dei-miei-figli-la-mia-richiesta-e-lecita\/#primaryimage"},"thumbnailUrl":"https:\/\/www.aibi.it\/coopaibc\/wp-content\/uploads\/2020\/08\/pap\u00e0.jpg","keywords":["famiglia"],"articleSection":["News"],"inLanguage":"it-IT","potentialAction":[{"@type":"CommentAction","name":"Comment","target":["https:\/\/www.aibi.it\/coopaibc\/sono-un-padre-separato-e-vorrei-essere-coinvolto-di-piu-nella-vita-scolastica-dei-miei-figli-la-mia-richiesta-e-lecita\/#respond"]}]},{"@type":"WebPage","@id":"https:\/\/www.aibi.it\/coopaibc\/sono-un-padre-separato-e-vorrei-essere-coinvolto-di-piu-nella-vita-scolastica-dei-miei-figli-la-mia-richiesta-e-lecita\/","url":"https:\/\/www.aibi.it\/coopaibc\/sono-un-padre-separato-e-vorrei-essere-coinvolto-di-piu-nella-vita-scolastica-dei-miei-figli-la-mia-richiesta-e-lecita\/","name":"Sono un padre separato e vorrei essere coinvolto di pi\u00f9 nella vita scolastica dei miei figli. La mia richiesta \u00e8 lecita? - AIBC","isPartOf":{"@id":"https:\/\/www.aibi.it\/coopaibc\/#website"},"primaryImageOfPage":{"@id":"https:\/\/www.aibi.it\/coopaibc\/sono-un-padre-separato-e-vorrei-essere-coinvolto-di-piu-nella-vita-scolastica-dei-miei-figli-la-mia-richiesta-e-lecita\/#primaryimage"},"image":{"@id":"https:\/\/www.aibi.it\/coopaibc\/sono-un-padre-separato-e-vorrei-essere-coinvolto-di-piu-nella-vita-scolastica-dei-miei-figli-la-mia-richiesta-e-lecita\/#primaryimage"},"thumbnailUrl":"https:\/\/www.aibi.it\/coopaibc\/wp-content\/uploads\/2020\/08\/pap\u00e0.jpg","datePublished":"2020-08-29T14:11:06+00:00","breadcrumb":{"@id":"https:\/\/www.aibi.it\/coopaibc\/sono-un-padre-separato-e-vorrei-essere-coinvolto-di-piu-nella-vita-scolastica-dei-miei-figli-la-mia-richiesta-e-lecita\/#breadcrumb"},"inLanguage":"it-IT","potentialAction":[{"@type":"ReadAction","target":["https:\/\/www.aibi.it\/coopaibc\/sono-un-padre-separato-e-vorrei-essere-coinvolto-di-piu-nella-vita-scolastica-dei-miei-figli-la-mia-richiesta-e-lecita\/"]}]},{"@type":"ImageObject","inLanguage":"it-IT","@id":"https:\/\/www.aibi.it\/coopaibc\/sono-un-padre-separato-e-vorrei-essere-coinvolto-di-piu-nella-vita-scolastica-dei-miei-figli-la-mia-richiesta-e-lecita\/#primaryimage","url":"https:\/\/www.aibi.it\/coopaibc\/wp-content\/uploads\/2020\/08\/pap\u00e0.jpg","contentUrl":"https:\/\/www.aibi.it\/coopaibc\/wp-content\/uploads\/2020\/08\/pap\u00e0.jpg","width":1200,"height":630},{"@type":"BreadcrumbList","@id":"https:\/\/www.aibi.it\/coopaibc\/sono-un-padre-separato-e-vorrei-essere-coinvolto-di-piu-nella-vita-scolastica-dei-miei-figli-la-mia-richiesta-e-lecita\/#breadcrumb","itemListElement":[{"@type":"ListItem","position":1,"name":"Home","item":"https:\/\/www.aibi.it\/coopaibc\/"},{"@type":"ListItem","position":2,"name":"Sono un padre separato e vorrei essere coinvolto di pi\u00f9 nella vita scolastica dei miei figli. La mia richiesta \u00e8 lecita?"}]},{"@type":"WebSite","@id":"https:\/\/www.aibi.it\/coopaibc\/#website","url":"https:\/\/www.aibi.it\/coopaibc\/","name":"AIBC","description":"Cooperativa Sociale","publisher":{"@id":"https:\/\/www.aibi.it\/coopaibc\/#organization"},"potentialAction":[{"@type":"SearchAction","target":{"@type":"EntryPoint","urlTemplate":"https:\/\/www.aibi.it\/coopaibc\/?s={search_term_string}"},"query-input":{"@type":"PropertyValueSpecification","valueRequired":true,"valueName":"search_term_string"}}],"inLanguage":"it-IT"},{"@type":"Organization","@id":"https:\/\/www.aibi.it\/coopaibc\/#organization","name":"AIBC","url":"https:\/\/www.aibi.it\/coopaibc\/","logo":{"@type":"ImageObject","inLanguage":"it-IT","@id":"https:\/\/www.aibi.it\/coopaibc\/#\/schema\/logo\/image\/","url":"https:\/\/www.aibi.it\/coopaibc\/wp-content\/uploads\/2016\/11\/cropped-logo-aibc-arancio-neg-150-1.png","contentUrl":"https:\/\/www.aibi.it\/coopaibc\/wp-content\/uploads\/2016\/11\/cropped-logo-aibc-arancio-neg-150-1.png","width":150,"height":88,"caption":"AIBC"},"image":{"@id":"https:\/\/www.aibi.it\/coopaibc\/#\/schema\/logo\/image\/"}},{"@type":"Person","@id":"https:\/\/www.aibi.it\/coopaibc\/#\/schema\/person\/20c35acf37410bdb55edad4e6aa0ff7c","name":"mariaS","image":{"@type":"ImageObject","inLanguage":"it-IT","@id":"https:\/\/www.aibi.it\/coopaibc\/#\/schema\/person\/image\/","url":"https:\/\/secure.gravatar.com\/avatar\/2cc649c1b18c2525711df2229be1bec404547cf030008c81a2f6b37f5287aaab?s=96&d=mm&r=g","contentUrl":"https:\/\/secure.gravatar.com\/avatar\/2cc649c1b18c2525711df2229be1bec404547cf030008c81a2f6b37f5287aaab?s=96&d=mm&r=g","caption":"mariaS"},"url":"https:\/\/www.aibi.it\/coopaibc\/author\/marias\/"}]}},"_links":{"self":[{"href":"https:\/\/www.aibi.it\/coopaibc\/wp-json\/wp\/v2\/posts\/1368","targetHints":{"allow":["GET"]}}],"collection":[{"href":"https:\/\/www.aibi.it\/coopaibc\/wp-json\/wp\/v2\/posts"}],"about":[{"href":"https:\/\/www.aibi.it\/coopaibc\/wp-json\/wp\/v2\/types\/post"}],"author":[{"embeddable":true,"href":"https:\/\/www.aibi.it\/coopaibc\/wp-json\/wp\/v2\/users\/4"}],"replies":[{"embeddable":true,"href":"https:\/\/www.aibi.it\/coopaibc\/wp-json\/wp\/v2\/comments?post=1368"}],"version-history":[{"count":1,"href":"https:\/\/www.aibi.it\/coopaibc\/wp-json\/wp\/v2\/posts\/1368\/revisions"}],"predecessor-version":[{"id":1370,"href":"https:\/\/www.aibi.it\/coopaibc\/wp-json\/wp\/v2\/posts\/1368\/revisions\/1370"}],"wp:featuredmedia":[{"embeddable":true,"href":"https:\/\/www.aibi.it\/coopaibc\/wp-json\/wp\/v2\/media\/1369"}],"wp:attachment":[{"href":"https:\/\/www.aibi.it\/coopaibc\/wp-json\/wp\/v2\/media?parent=1368"}],"wp:term":[{"taxonomy":"category","embeddable":true,"href":"https:\/\/www.aibi.it\/coopaibc\/wp-json\/wp\/v2\/categories?post=1368"},{"taxonomy":"post_tag","embeddable":true,"href":"https:\/\/www.aibi.it\/coopaibc\/wp-json\/wp\/v2\/tags?post=1368"}],"curies":[{"name":"wp","href":"https:\/\/api.w.org\/{rel}","templated":true}]}}