{"id":1407,"date":"2020-09-12T15:27:40","date_gmt":"2020-09-12T13:27:40","guid":{"rendered":"https:\/\/www.aibi.it\/coopaibc\/?p=1407"},"modified":"2020-09-12T15:27:40","modified_gmt":"2020-09-12T13:27:40","slug":"adozione-e-scuola-se-la-scelta-della-classe-fosse-sbagliata","status":"publish","type":"post","link":"https:\/\/www.aibi.it\/coopaibc\/adozione-e-scuola-se-la-scelta-della-classe-fosse-sbagliata\/","title":{"rendered":"Adozione e scuola. Se la scelta della classe fosse sbagliata?"},"content":{"rendered":"<blockquote>\n<p style=\"font-weight: 400;\">Buongiorno,<\/p>\n<p style=\"font-weight: 400;\">sono una mamma di un bambino arrivato da poco dal Brasile. Mio figlio ha 9 anni. Mio marito ed io abbiamo presentato alla dirigente scolastica \u00a0la storia e i bisogni di nostro figlio. Parla molto poco l\u2019italiano e vive malissimo il confronto con altri bambini. Quando vive la frustrazione ha episodi di enuresi. Lo hanno inserito in una classa corrispondente alla sua et\u00e0. Temo che gli stiamo chiedendo troppo. Se fosse sbagliato? Se per mio figlio fosse pi\u00f9 corretto frequentare una classe inferiore alla sua et\u00e0 anagrafica?<\/p>\n<p style=\"font-weight: 400;\">Laura<\/p>\n<\/blockquote>\n<p style=\"font-weight: 400;\">\n<p style=\"font-weight: 400;\">Cara Laura,<\/p>\n<p style=\"font-weight: 400;\">molto spesso ci troviamo di fronte a queste, giustissime, domande che si pongono i genitori adottivi.<\/p>\n<p style=\"font-weight: 400;\">Voi genitori, pi\u00f9 di chiunque altro, conoscete i vostri figli, siete voi la voce dei bisogni dei vostri bambini. Pensiamo non ci sia nulla di sbagliato nel portare tutti i vostri dubbi e le vostre titubanze alla dirigente scolastica.<\/p>\n<p style=\"font-weight: 400;\">Molto spesso il mondo degli adulti commette l\u2019errore di trasferire sui bambini le proprie aspirazioni, i propri pensieri e le proprie modalit\u00e0. Ma i nostri bambini sono persone diverse da quello che noi abbiamo in mente. Sarebbe rischioso per vostro figlio andare in una classe dove non riesce a stare sereno, dove non riesce a stare al passo con i suo compagni e con il programma, dove magari per le sue difficolt\u00e0 legittime si troverebbe a essere anche deriso dagli stessi. Sarebbe molto frustrante per lui e potrebbe viverlo come un suo fallimento.<\/p>\n<p style=\"font-weight: 400;\">Molto meglio percorrere una strada pi\u00f9 prudenziale, dove vostro figlio possa sperimentarsi \u2013 con i suoi tempi e modalit\u00e0 \u2013 rispetto alle richieste della scuola.<\/p>\n<p style=\"font-weight: 400;\">La scuola rappresenta un grosso impegno per i bambini. \u00a0Vi trascorrono molte ore e noi adulti abbiamo il dovere di creare attorno a loro il contesto pi\u00f9 idoneo e corretto per favorire il loro benessere.<\/p>\n<p style=\"font-weight: 400;\">Non ponetevi problemi nell\u2019esporre la vostra opinione. Chiedete pareri al personale scolastico competente per farvi accompagnare nell\u2019ottenere il giusto percorso, capendo che risorse e idee possano offrire a vostro figlio per favorire un buon inserimento.<\/p>\n<p style=\"font-weight: 400;\">Noi come associazione rimaniamo accanto a voi e siamo disponibili nell\u2019accompagnarvi in questo percorso con le nostre famiglie adottive e i nostri professionisti.<\/p>\n<p style=\"font-weight: 400;\">Non esiti a contattarci al\u00a0<strong>3400088431<\/strong>\u00a0oppure scrivendo all\u2019indirizzo mail\u00a0<strong>cefam@coopaibc.it<\/strong><\/p>\n<p style=\"font-weight: 400;\">\u00a0<strong>Staff AIBC<\/strong><\/p>\n","protected":false},"excerpt":{"rendered":"<p>Buongiorno, sono una mamma di un bambino arrivato da poco dal Brasile. Mio figlio ha 9 anni. Mio marito ed io abbiamo presentato alla dirigente scolastica &nbsp;la storia e i bisogni di nostro figlio. Parla molto poco l&rsquo;italiano e vive malissimo il confronto con altri bambini. Quando vive la frustrazione [&hellip;]<\/p>\n","protected":false},"author":4,"featured_media":1408,"comment_status":"open","ping_status":"open","sticky":false,"template":"","format":"standard","meta":{"footnotes":""},"categories":[1],"tags":[11],"class_list":{"0":"post-1407","1":"post","2":"type-post","3":"status-publish","4":"format-standard","5":"has-post-thumbnail","7":"category-news","8":"tag-famiglia"},"yoast_head":"<!-- This site is optimized with the Yoast SEO plugin v26.1.1 - https:\/\/yoast.com\/wordpress\/plugins\/seo\/ -->\n<title>Adozione e scuola. Se la scelta della classe fosse sbagliata? - AIBC<\/title>\n<meta name=\"robots\" content=\"index, follow, max-snippet:-1, max-image-preview:large, max-video-preview:-1\" \/>\n<link rel=\"canonical\" href=\"https:\/\/www.aibi.it\/coopaibc\/adozione-e-scuola-se-la-scelta-della-classe-fosse-sbagliata\/\" \/>\n<meta property=\"og:locale\" content=\"it_IT\" \/>\n<meta property=\"og:type\" content=\"article\" \/>\n<meta property=\"og:title\" content=\"Adozione e scuola. Se la scelta della classe fosse sbagliata? - AIBC\" \/>\n<meta property=\"og:description\" content=\"Buongiorno, sono una mamma di un bambino arrivato da poco dal Brasile. Mio figlio ha 9 anni. Mio marito ed io abbiamo presentato alla dirigente scolastica &nbsp;la storia e i bisogni di nostro figlio. Parla molto poco l&rsquo;italiano e vive malissimo il confronto con altri bambini. Quando vive la frustrazione [&hellip;]\" \/>\n<meta property=\"og:url\" content=\"https:\/\/www.aibi.it\/coopaibc\/adozione-e-scuola-se-la-scelta-della-classe-fosse-sbagliata\/\" \/>\n<meta property=\"og:site_name\" content=\"AIBC\" \/>\n<meta property=\"article:published_time\" content=\"2020-09-12T13:27:40+00:00\" \/>\n<meta property=\"og:image\" content=\"https:\/\/www.aibi.it\/coopaibc\/wp-content\/uploads\/2020\/09\/scuola-1.jpg\" \/>\n\t<meta property=\"og:image:width\" content=\"1200\" \/>\n\t<meta property=\"og:image:height\" content=\"630\" \/>\n\t<meta property=\"og:image:type\" content=\"image\/jpeg\" \/>\n<meta name=\"author\" content=\"mariaS\" \/>\n<meta name=\"twitter:card\" content=\"summary_large_image\" \/>\n<meta name=\"twitter:label1\" content=\"Scritto da\" \/>\n\t<meta name=\"twitter:data1\" content=\"mariaS\" \/>\n\t<meta name=\"twitter:label2\" content=\"Tempo di lettura stimato\" \/>\n\t<meta name=\"twitter:data2\" content=\"2 minuti\" \/>\n<script type=\"application\/ld+json\" class=\"yoast-schema-graph\">{\"@context\":\"https:\/\/schema.org\",\"@graph\":[{\"@type\":\"Article\",\"@id\":\"https:\/\/www.aibi.it\/coopaibc\/adozione-e-scuola-se-la-scelta-della-classe-fosse-sbagliata\/#article\",\"isPartOf\":{\"@id\":\"https:\/\/www.aibi.it\/coopaibc\/adozione-e-scuola-se-la-scelta-della-classe-fosse-sbagliata\/\"},\"author\":{\"name\":\"mariaS\",\"@id\":\"https:\/\/www.aibi.it\/coopaibc\/#\/schema\/person\/20c35acf37410bdb55edad4e6aa0ff7c\"},\"headline\":\"Adozione e scuola. Se la scelta della classe fosse sbagliata?\",\"datePublished\":\"2020-09-12T13:27:40+00:00\",\"mainEntityOfPage\":{\"@id\":\"https:\/\/www.aibi.it\/coopaibc\/adozione-e-scuola-se-la-scelta-della-classe-fosse-sbagliata\/\"},\"wordCount\":384,\"commentCount\":0,\"publisher\":{\"@id\":\"https:\/\/www.aibi.it\/coopaibc\/#organization\"},\"image\":{\"@id\":\"https:\/\/www.aibi.it\/coopaibc\/adozione-e-scuola-se-la-scelta-della-classe-fosse-sbagliata\/#primaryimage\"},\"thumbnailUrl\":\"https:\/\/www.aibi.it\/coopaibc\/wp-content\/uploads\/2020\/09\/scuola-1.jpg\",\"keywords\":[\"famiglia\"],\"articleSection\":[\"News\"],\"inLanguage\":\"it-IT\",\"potentialAction\":[{\"@type\":\"CommentAction\",\"name\":\"Comment\",\"target\":[\"https:\/\/www.aibi.it\/coopaibc\/adozione-e-scuola-se-la-scelta-della-classe-fosse-sbagliata\/#respond\"]}]},{\"@type\":\"WebPage\",\"@id\":\"https:\/\/www.aibi.it\/coopaibc\/adozione-e-scuola-se-la-scelta-della-classe-fosse-sbagliata\/\",\"url\":\"https:\/\/www.aibi.it\/coopaibc\/adozione-e-scuola-se-la-scelta-della-classe-fosse-sbagliata\/\",\"name\":\"Adozione e scuola. Se la scelta della classe fosse sbagliata? - AIBC\",\"isPartOf\":{\"@id\":\"https:\/\/www.aibi.it\/coopaibc\/#website\"},\"primaryImageOfPage\":{\"@id\":\"https:\/\/www.aibi.it\/coopaibc\/adozione-e-scuola-se-la-scelta-della-classe-fosse-sbagliata\/#primaryimage\"},\"image\":{\"@id\":\"https:\/\/www.aibi.it\/coopaibc\/adozione-e-scuola-se-la-scelta-della-classe-fosse-sbagliata\/#primaryimage\"},\"thumbnailUrl\":\"https:\/\/www.aibi.it\/coopaibc\/wp-content\/uploads\/2020\/09\/scuola-1.jpg\",\"datePublished\":\"2020-09-12T13:27:40+00:00\",\"breadcrumb\":{\"@id\":\"https:\/\/www.aibi.it\/coopaibc\/adozione-e-scuola-se-la-scelta-della-classe-fosse-sbagliata\/#breadcrumb\"},\"inLanguage\":\"it-IT\",\"potentialAction\":[{\"@type\":\"ReadAction\",\"target\":[\"https:\/\/www.aibi.it\/coopaibc\/adozione-e-scuola-se-la-scelta-della-classe-fosse-sbagliata\/\"]}]},{\"@type\":\"ImageObject\",\"inLanguage\":\"it-IT\",\"@id\":\"https:\/\/www.aibi.it\/coopaibc\/adozione-e-scuola-se-la-scelta-della-classe-fosse-sbagliata\/#primaryimage\",\"url\":\"https:\/\/www.aibi.it\/coopaibc\/wp-content\/uploads\/2020\/09\/scuola-1.jpg\",\"contentUrl\":\"https:\/\/www.aibi.it\/coopaibc\/wp-content\/uploads\/2020\/09\/scuola-1.jpg\",\"width\":1200,\"height\":630},{\"@type\":\"BreadcrumbList\",\"@id\":\"https:\/\/www.aibi.it\/coopaibc\/adozione-e-scuola-se-la-scelta-della-classe-fosse-sbagliata\/#breadcrumb\",\"itemListElement\":[{\"@type\":\"ListItem\",\"position\":1,\"name\":\"Home\",\"item\":\"https:\/\/www.aibi.it\/coopaibc\/\"},{\"@type\":\"ListItem\",\"position\":2,\"name\":\"Adozione e scuola. Se la scelta della classe fosse sbagliata?\"}]},{\"@type\":\"WebSite\",\"@id\":\"https:\/\/www.aibi.it\/coopaibc\/#website\",\"url\":\"https:\/\/www.aibi.it\/coopaibc\/\",\"name\":\"AIBC\",\"description\":\"Cooperativa Sociale\",\"publisher\":{\"@id\":\"https:\/\/www.aibi.it\/coopaibc\/#organization\"},\"potentialAction\":[{\"@type\":\"SearchAction\",\"target\":{\"@type\":\"EntryPoint\",\"urlTemplate\":\"https:\/\/www.aibi.it\/coopaibc\/?s={search_term_string}\"},\"query-input\":{\"@type\":\"PropertyValueSpecification\",\"valueRequired\":true,\"valueName\":\"search_term_string\"}}],\"inLanguage\":\"it-IT\"},{\"@type\":\"Organization\",\"@id\":\"https:\/\/www.aibi.it\/coopaibc\/#organization\",\"name\":\"AIBC\",\"url\":\"https:\/\/www.aibi.it\/coopaibc\/\",\"logo\":{\"@type\":\"ImageObject\",\"inLanguage\":\"it-IT\",\"@id\":\"https:\/\/www.aibi.it\/coopaibc\/#\/schema\/logo\/image\/\",\"url\":\"https:\/\/www.aibi.it\/coopaibc\/wp-content\/uploads\/2016\/11\/cropped-logo-aibc-arancio-neg-150-1.png\",\"contentUrl\":\"https:\/\/www.aibi.it\/coopaibc\/wp-content\/uploads\/2016\/11\/cropped-logo-aibc-arancio-neg-150-1.png\",\"width\":150,\"height\":88,\"caption\":\"AIBC\"},\"image\":{\"@id\":\"https:\/\/www.aibi.it\/coopaibc\/#\/schema\/logo\/image\/\"}},{\"@type\":\"Person\",\"@id\":\"https:\/\/www.aibi.it\/coopaibc\/#\/schema\/person\/20c35acf37410bdb55edad4e6aa0ff7c\",\"name\":\"mariaS\",\"image\":{\"@type\":\"ImageObject\",\"inLanguage\":\"it-IT\",\"@id\":\"https:\/\/www.aibi.it\/coopaibc\/#\/schema\/person\/image\/\",\"url\":\"https:\/\/secure.gravatar.com\/avatar\/2cc649c1b18c2525711df2229be1bec404547cf030008c81a2f6b37f5287aaab?s=96&d=mm&r=g\",\"contentUrl\":\"https:\/\/secure.gravatar.com\/avatar\/2cc649c1b18c2525711df2229be1bec404547cf030008c81a2f6b37f5287aaab?s=96&d=mm&r=g\",\"caption\":\"mariaS\"},\"url\":\"https:\/\/www.aibi.it\/coopaibc\/author\/marias\/\"}]}<\/script>\n<!-- \/ Yoast SEO plugin. -->","yoast_head_json":{"title":"Adozione e scuola. Se la scelta della classe fosse sbagliata? - AIBC","robots":{"index":"index","follow":"follow","max-snippet":"max-snippet:-1","max-image-preview":"max-image-preview:large","max-video-preview":"max-video-preview:-1"},"canonical":"https:\/\/www.aibi.it\/coopaibc\/adozione-e-scuola-se-la-scelta-della-classe-fosse-sbagliata\/","og_locale":"it_IT","og_type":"article","og_title":"Adozione e scuola. Se la scelta della classe fosse sbagliata? - AIBC","og_description":"Buongiorno, sono una mamma di un bambino arrivato da poco dal Brasile. Mio figlio ha 9 anni. Mio marito ed io abbiamo presentato alla dirigente scolastica &nbsp;la storia e i bisogni di nostro figlio. Parla molto poco l&rsquo;italiano e vive malissimo il confronto con altri bambini. Quando vive la frustrazione [&hellip;]","og_url":"https:\/\/www.aibi.it\/coopaibc\/adozione-e-scuola-se-la-scelta-della-classe-fosse-sbagliata\/","og_site_name":"AIBC","article_published_time":"2020-09-12T13:27:40+00:00","og_image":[{"width":1200,"height":630,"url":"https:\/\/www.aibi.it\/coopaibc\/wp-content\/uploads\/2020\/09\/scuola-1.jpg","type":"image\/jpeg"}],"author":"mariaS","twitter_card":"summary_large_image","twitter_misc":{"Scritto da":"mariaS","Tempo di lettura stimato":"2 minuti"},"schema":{"@context":"https:\/\/schema.org","@graph":[{"@type":"Article","@id":"https:\/\/www.aibi.it\/coopaibc\/adozione-e-scuola-se-la-scelta-della-classe-fosse-sbagliata\/#article","isPartOf":{"@id":"https:\/\/www.aibi.it\/coopaibc\/adozione-e-scuola-se-la-scelta-della-classe-fosse-sbagliata\/"},"author":{"name":"mariaS","@id":"https:\/\/www.aibi.it\/coopaibc\/#\/schema\/person\/20c35acf37410bdb55edad4e6aa0ff7c"},"headline":"Adozione e scuola. Se la scelta della classe fosse sbagliata?","datePublished":"2020-09-12T13:27:40+00:00","mainEntityOfPage":{"@id":"https:\/\/www.aibi.it\/coopaibc\/adozione-e-scuola-se-la-scelta-della-classe-fosse-sbagliata\/"},"wordCount":384,"commentCount":0,"publisher":{"@id":"https:\/\/www.aibi.it\/coopaibc\/#organization"},"image":{"@id":"https:\/\/www.aibi.it\/coopaibc\/adozione-e-scuola-se-la-scelta-della-classe-fosse-sbagliata\/#primaryimage"},"thumbnailUrl":"https:\/\/www.aibi.it\/coopaibc\/wp-content\/uploads\/2020\/09\/scuola-1.jpg","keywords":["famiglia"],"articleSection":["News"],"inLanguage":"it-IT","potentialAction":[{"@type":"CommentAction","name":"Comment","target":["https:\/\/www.aibi.it\/coopaibc\/adozione-e-scuola-se-la-scelta-della-classe-fosse-sbagliata\/#respond"]}]},{"@type":"WebPage","@id":"https:\/\/www.aibi.it\/coopaibc\/adozione-e-scuola-se-la-scelta-della-classe-fosse-sbagliata\/","url":"https:\/\/www.aibi.it\/coopaibc\/adozione-e-scuola-se-la-scelta-della-classe-fosse-sbagliata\/","name":"Adozione e scuola. Se la scelta della classe fosse sbagliata? - AIBC","isPartOf":{"@id":"https:\/\/www.aibi.it\/coopaibc\/#website"},"primaryImageOfPage":{"@id":"https:\/\/www.aibi.it\/coopaibc\/adozione-e-scuola-se-la-scelta-della-classe-fosse-sbagliata\/#primaryimage"},"image":{"@id":"https:\/\/www.aibi.it\/coopaibc\/adozione-e-scuola-se-la-scelta-della-classe-fosse-sbagliata\/#primaryimage"},"thumbnailUrl":"https:\/\/www.aibi.it\/coopaibc\/wp-content\/uploads\/2020\/09\/scuola-1.jpg","datePublished":"2020-09-12T13:27:40+00:00","breadcrumb":{"@id":"https:\/\/www.aibi.it\/coopaibc\/adozione-e-scuola-se-la-scelta-della-classe-fosse-sbagliata\/#breadcrumb"},"inLanguage":"it-IT","potentialAction":[{"@type":"ReadAction","target":["https:\/\/www.aibi.it\/coopaibc\/adozione-e-scuola-se-la-scelta-della-classe-fosse-sbagliata\/"]}]},{"@type":"ImageObject","inLanguage":"it-IT","@id":"https:\/\/www.aibi.it\/coopaibc\/adozione-e-scuola-se-la-scelta-della-classe-fosse-sbagliata\/#primaryimage","url":"https:\/\/www.aibi.it\/coopaibc\/wp-content\/uploads\/2020\/09\/scuola-1.jpg","contentUrl":"https:\/\/www.aibi.it\/coopaibc\/wp-content\/uploads\/2020\/09\/scuola-1.jpg","width":1200,"height":630},{"@type":"BreadcrumbList","@id":"https:\/\/www.aibi.it\/coopaibc\/adozione-e-scuola-se-la-scelta-della-classe-fosse-sbagliata\/#breadcrumb","itemListElement":[{"@type":"ListItem","position":1,"name":"Home","item":"https:\/\/www.aibi.it\/coopaibc\/"},{"@type":"ListItem","position":2,"name":"Adozione e scuola. Se la scelta della classe fosse sbagliata?"}]},{"@type":"WebSite","@id":"https:\/\/www.aibi.it\/coopaibc\/#website","url":"https:\/\/www.aibi.it\/coopaibc\/","name":"AIBC","description":"Cooperativa Sociale","publisher":{"@id":"https:\/\/www.aibi.it\/coopaibc\/#organization"},"potentialAction":[{"@type":"SearchAction","target":{"@type":"EntryPoint","urlTemplate":"https:\/\/www.aibi.it\/coopaibc\/?s={search_term_string}"},"query-input":{"@type":"PropertyValueSpecification","valueRequired":true,"valueName":"search_term_string"}}],"inLanguage":"it-IT"},{"@type":"Organization","@id":"https:\/\/www.aibi.it\/coopaibc\/#organization","name":"AIBC","url":"https:\/\/www.aibi.it\/coopaibc\/","logo":{"@type":"ImageObject","inLanguage":"it-IT","@id":"https:\/\/www.aibi.it\/coopaibc\/#\/schema\/logo\/image\/","url":"https:\/\/www.aibi.it\/coopaibc\/wp-content\/uploads\/2016\/11\/cropped-logo-aibc-arancio-neg-150-1.png","contentUrl":"https:\/\/www.aibi.it\/coopaibc\/wp-content\/uploads\/2016\/11\/cropped-logo-aibc-arancio-neg-150-1.png","width":150,"height":88,"caption":"AIBC"},"image":{"@id":"https:\/\/www.aibi.it\/coopaibc\/#\/schema\/logo\/image\/"}},{"@type":"Person","@id":"https:\/\/www.aibi.it\/coopaibc\/#\/schema\/person\/20c35acf37410bdb55edad4e6aa0ff7c","name":"mariaS","image":{"@type":"ImageObject","inLanguage":"it-IT","@id":"https:\/\/www.aibi.it\/coopaibc\/#\/schema\/person\/image\/","url":"https:\/\/secure.gravatar.com\/avatar\/2cc649c1b18c2525711df2229be1bec404547cf030008c81a2f6b37f5287aaab?s=96&d=mm&r=g","contentUrl":"https:\/\/secure.gravatar.com\/avatar\/2cc649c1b18c2525711df2229be1bec404547cf030008c81a2f6b37f5287aaab?s=96&d=mm&r=g","caption":"mariaS"},"url":"https:\/\/www.aibi.it\/coopaibc\/author\/marias\/"}]}},"_links":{"self":[{"href":"https:\/\/www.aibi.it\/coopaibc\/wp-json\/wp\/v2\/posts\/1407","targetHints":{"allow":["GET"]}}],"collection":[{"href":"https:\/\/www.aibi.it\/coopaibc\/wp-json\/wp\/v2\/posts"}],"about":[{"href":"https:\/\/www.aibi.it\/coopaibc\/wp-json\/wp\/v2\/types\/post"}],"author":[{"embeddable":true,"href":"https:\/\/www.aibi.it\/coopaibc\/wp-json\/wp\/v2\/users\/4"}],"replies":[{"embeddable":true,"href":"https:\/\/www.aibi.it\/coopaibc\/wp-json\/wp\/v2\/comments?post=1407"}],"version-history":[{"count":1,"href":"https:\/\/www.aibi.it\/coopaibc\/wp-json\/wp\/v2\/posts\/1407\/revisions"}],"predecessor-version":[{"id":1409,"href":"https:\/\/www.aibi.it\/coopaibc\/wp-json\/wp\/v2\/posts\/1407\/revisions\/1409"}],"wp:featuredmedia":[{"embeddable":true,"href":"https:\/\/www.aibi.it\/coopaibc\/wp-json\/wp\/v2\/media\/1408"}],"wp:attachment":[{"href":"https:\/\/www.aibi.it\/coopaibc\/wp-json\/wp\/v2\/media?parent=1407"}],"wp:term":[{"taxonomy":"category","embeddable":true,"href":"https:\/\/www.aibi.it\/coopaibc\/wp-json\/wp\/v2\/categories?post=1407"},{"taxonomy":"post_tag","embeddable":true,"href":"https:\/\/www.aibi.it\/coopaibc\/wp-json\/wp\/v2\/tags?post=1407"}],"curies":[{"name":"wp","href":"https:\/\/api.w.org\/{rel}","templated":true}]}}