{"id":1683,"date":"2020-10-14T15:31:30","date_gmt":"2020-10-14T13:31:30","guid":{"rendered":"https:\/\/www.aibi.it\/coopaibc\/?p=1683"},"modified":"2020-10-14T15:31:30","modified_gmt":"2020-10-14T13:31:30","slug":"dormire-con-fratelli-e-sorelle-nella-stessa-stanza-e-educativo","status":"publish","type":"post","link":"https:\/\/www.aibi.it\/coopaibc\/dormire-con-fratelli-e-sorelle-nella-stessa-stanza-e-educativo\/","title":{"rendered":"Dormire con fratelli e sorelle nella stessa stanza? \u00c8 educativo"},"content":{"rendered":"<h2>Lo sostiene padre Vincent De Mello, sacerdote della diocesi di Parigi. &#8220;Si impara il decentramento&#8221;<\/h2>\n<p>Fare dormire insieme fratelli e sorelle nella stessa stanza? Pu\u00f2 apportare diversi benefici. Lo sostiene convintamente, con un editoriale su <em>Aleteia.org<\/em>, <strong>padre Vincent De Mello<\/strong>, sacerdote della diocesi di Parigi. <em>&#8220;In molte famiglie<\/em> &#8211; scrive padre De Mello &#8211; <em>c\u2019\u00e8 la stanza dei piccoli e quella dei grandi, finch\u00e9 uno dei grandi non ottiene la propria camera. La collocazione geografica domestica segna con discrezione le tappe di una storia familiare&#8221;.<\/em><\/p>\n<p><em>&#8220;In certe famiglie<\/em> &#8211; prosegue &#8211; <em>ho notato un altro modo di fare che ritengo davvero molto positivo. Decidono di mettere nella stessa camera un piccolo e un grande, ma dello stesso sesso. I ritmi sono diversi, ma almeno non possono ignorarsi n\u00e9 evitarsi. \u00c8 un\u2019opportunit\u00e0 per &#8216;lavorare&#8217; sulle relazioni tra fratelli e sorelle. Il pi\u00f9 grande esercita come un piccolo apostolato con il pi\u00f9 giovane, spesso lo fa pregare per esempio. Questo stretto contatto contribuisce a far s\u00ec che i piccoli e i pi\u00f9 grandi si conoscano davvero perch\u00e9 la verit\u00e0 \u00e8 che possiamo anche essere fratelli e sorelle e non conoscerci bene. Nel periodo di tempo in cui si vive sotto lo stesso tetto, \u00e8 necessario che i legami si creino al di l\u00e0 delle discussioni e degli attriti&#8221;<\/em><\/p>\n<h3>Dormire tra fratelli e sorelle nella stessa stanza? Fa bene<\/h3>\n<p><em>&#8220;Sono convinto<\/em> &#8211; aggiunge il prelato <em>&#8211; che al di fuori della famiglia, altri luoghi possono essere molto importanti per costruire questa relazione. Resta il fatto che, tra fratelli, c\u2019\u00e8 qualcosa da costruire nella vita quotidiana a casa&#8221;.<\/em><\/p>\n<p><em>&#8220;Il decentramento, il dono di s\u00e9<\/em> &#8211; prosegue padre De Mello &#8211;<em> si impara gi\u00e0 con i fratelli e le sorelle. Senza affollare le camere e senza sopprimere gli spazi di intimit\u00e0, questi cambiamenti in casa possono talvolta aiutarci a guardare al fratello (o alla sorella) in modo diverso e a capirlo meglio. I fratelli sono proprio quei prossimi che dobbiamo imparare ad amare. Che Ges\u00f9 ci comanda di amare. E Lui non aveva &#8216;dove posare il capo&#8217;, dormendo probabilmente ogni notte accanto ad un nuovo discepolo&#8221;.<\/em><\/p>\n<p>Per approfondire l\u2019argomento \u00e8 possibile contattare il <strong>CEFAM \u2013 Centro Europeo Formazione Accoglienza Minori<\/strong> allo <strong>3400088431<\/strong> oppure scrivendo all\u2019indirizzo mail <a href=\"mailto:cefam@fondazioneaibi.it\">cefam@fondazioneaibi.it<\/a> per fissare un incontro<\/p>\n","protected":false},"excerpt":{"rendered":"<p>Lo sostiene padre Vincent De Mello, sacerdote della diocesi di Parigi. &ldquo;Si impara il decentramento&rdquo; Fare dormire insieme fratelli e sorelle nella stessa stanza? Pu&ograve; apportare diversi benefici. Lo sostiene convintamente, con un editoriale su Aleteia.org, padre Vincent De Mello, sacerdote della diocesi di Parigi. &ldquo;In molte famiglie &ndash; scrive [&hellip;]<\/p>\n","protected":false},"author":10,"featured_media":1684,"comment_status":"open","ping_status":"open","sticky":false,"template":"","format":"standard","meta":{"footnotes":""},"categories":[1],"tags":[11],"class_list":{"0":"post-1683","1":"post","2":"type-post","3":"status-publish","4":"format-standard","5":"has-post-thumbnail","7":"category-news","8":"tag-famiglia"},"yoast_head":"<!-- This site is optimized with the Yoast SEO plugin v26.1.1 - https:\/\/yoast.com\/wordpress\/plugins\/seo\/ -->\n<title>Dormire con fratelli e sorelle nella stessa stanza? Educativo<\/title>\n<meta name=\"description\" content=\"Dormire con fratelli e sorelle nella stessa stanza? Educativo. Dormire con fratelli e sorelle nella stessa stanza?\" \/>\n<meta name=\"robots\" content=\"index, follow, max-snippet:-1, max-image-preview:large, max-video-preview:-1\" \/>\n<link rel=\"canonical\" href=\"https:\/\/www.aibi.it\/coopaibc\/dormire-con-fratelli-e-sorelle-nella-stessa-stanza-e-educativo\/\" \/>\n<meta property=\"og:locale\" content=\"it_IT\" \/>\n<meta property=\"og:type\" content=\"article\" \/>\n<meta property=\"og:title\" content=\"Dormire con fratelli e sorelle nella stessa stanza? \u00c8 educativo\" \/>\n<meta property=\"og:description\" content=\"Lo sostiene padre Vincent De Mello, sacerdote della diocesi di Parigi. &quot;Si impara il decentramento&quot;\" \/>\n<meta property=\"og:url\" content=\"https:\/\/www.aibi.it\/coopaibc\/dormire-con-fratelli-e-sorelle-nella-stessa-stanza-e-educativo\/\" \/>\n<meta property=\"og:site_name\" content=\"AIBC\" \/>\n<meta property=\"article:published_time\" content=\"2020-10-14T13:31:30+00:00\" \/>\n<meta property=\"og:image\" content=\"https:\/\/www.aibi.it\/coopaibc\/wp-content\/uploads\/2020\/10\/bambini.jpg\" \/>\n\t<meta property=\"og:image:width\" content=\"1200\" \/>\n\t<meta property=\"og:image:height\" content=\"630\" \/>\n\t<meta property=\"og:image:type\" content=\"image\/jpeg\" \/>\n<meta name=\"author\" content=\"francescoE\" \/>\n<meta name=\"twitter:card\" content=\"summary_large_image\" \/>\n<meta name=\"twitter:title\" content=\"Dormire con fratelli e sorelle nella stessa stanza? \u00c8 educativo\" \/>\n<meta name=\"twitter:description\" content=\"Lo sostiene padre Vincent De Mello, sacerdote della diocesi di Parigi. &quot;Si impara il decentramento&quot;\" \/>\n<meta name=\"twitter:image\" content=\"https:\/\/www.aibi.it\/coopaibc\/wp-content\/uploads\/2020\/10\/bambini.jpg\" \/>\n<meta name=\"twitter:label1\" content=\"Scritto da\" \/>\n\t<meta name=\"twitter:data1\" content=\"francescoE\" \/>\n\t<meta name=\"twitter:label2\" content=\"Tempo di lettura stimato\" \/>\n\t<meta name=\"twitter:data2\" content=\"2 minuti\" \/>\n<script type=\"application\/ld+json\" class=\"yoast-schema-graph\">{\"@context\":\"https:\/\/schema.org\",\"@graph\":[{\"@type\":\"Article\",\"@id\":\"https:\/\/www.aibi.it\/coopaibc\/dormire-con-fratelli-e-sorelle-nella-stessa-stanza-e-educativo\/#article\",\"isPartOf\":{\"@id\":\"https:\/\/www.aibi.it\/coopaibc\/dormire-con-fratelli-e-sorelle-nella-stessa-stanza-e-educativo\/\"},\"author\":{\"name\":\"francescoE\",\"@id\":\"https:\/\/www.aibi.it\/coopaibc\/#\/schema\/person\/29ad36869e080d9e3fe4cf7707235543\"},\"headline\":\"Dormire con fratelli e sorelle nella stessa stanza? \u00c8 educativo\",\"datePublished\":\"2020-10-14T13:31:30+00:00\",\"mainEntityOfPage\":{\"@id\":\"https:\/\/www.aibi.it\/coopaibc\/dormire-con-fratelli-e-sorelle-nella-stessa-stanza-e-educativo\/\"},\"wordCount\":385,\"commentCount\":0,\"publisher\":{\"@id\":\"https:\/\/www.aibi.it\/coopaibc\/#organization\"},\"image\":{\"@id\":\"https:\/\/www.aibi.it\/coopaibc\/dormire-con-fratelli-e-sorelle-nella-stessa-stanza-e-educativo\/#primaryimage\"},\"thumbnailUrl\":\"https:\/\/www.aibi.it\/coopaibc\/wp-content\/uploads\/2020\/10\/bambini.jpg\",\"keywords\":[\"famiglia\"],\"articleSection\":[\"News\"],\"inLanguage\":\"it-IT\",\"potentialAction\":[{\"@type\":\"CommentAction\",\"name\":\"Comment\",\"target\":[\"https:\/\/www.aibi.it\/coopaibc\/dormire-con-fratelli-e-sorelle-nella-stessa-stanza-e-educativo\/#respond\"]}]},{\"@type\":\"WebPage\",\"@id\":\"https:\/\/www.aibi.it\/coopaibc\/dormire-con-fratelli-e-sorelle-nella-stessa-stanza-e-educativo\/\",\"url\":\"https:\/\/www.aibi.it\/coopaibc\/dormire-con-fratelli-e-sorelle-nella-stessa-stanza-e-educativo\/\",\"name\":\"Dormire con fratelli e sorelle nella stessa stanza? Educativo\",\"isPartOf\":{\"@id\":\"https:\/\/www.aibi.it\/coopaibc\/#website\"},\"primaryImageOfPage\":{\"@id\":\"https:\/\/www.aibi.it\/coopaibc\/dormire-con-fratelli-e-sorelle-nella-stessa-stanza-e-educativo\/#primaryimage\"},\"image\":{\"@id\":\"https:\/\/www.aibi.it\/coopaibc\/dormire-con-fratelli-e-sorelle-nella-stessa-stanza-e-educativo\/#primaryimage\"},\"thumbnailUrl\":\"https:\/\/www.aibi.it\/coopaibc\/wp-content\/uploads\/2020\/10\/bambini.jpg\",\"datePublished\":\"2020-10-14T13:31:30+00:00\",\"description\":\"Dormire con fratelli e sorelle nella stessa stanza? Educativo. Dormire con fratelli e sorelle nella stessa stanza?\",\"breadcrumb\":{\"@id\":\"https:\/\/www.aibi.it\/coopaibc\/dormire-con-fratelli-e-sorelle-nella-stessa-stanza-e-educativo\/#breadcrumb\"},\"inLanguage\":\"it-IT\",\"potentialAction\":[{\"@type\":\"ReadAction\",\"target\":[\"https:\/\/www.aibi.it\/coopaibc\/dormire-con-fratelli-e-sorelle-nella-stessa-stanza-e-educativo\/\"]}]},{\"@type\":\"ImageObject\",\"inLanguage\":\"it-IT\",\"@id\":\"https:\/\/www.aibi.it\/coopaibc\/dormire-con-fratelli-e-sorelle-nella-stessa-stanza-e-educativo\/#primaryimage\",\"url\":\"https:\/\/www.aibi.it\/coopaibc\/wp-content\/uploads\/2020\/10\/bambini.jpg\",\"contentUrl\":\"https:\/\/www.aibi.it\/coopaibc\/wp-content\/uploads\/2020\/10\/bambini.jpg\",\"width\":1200,\"height\":630},{\"@type\":\"BreadcrumbList\",\"@id\":\"https:\/\/www.aibi.it\/coopaibc\/dormire-con-fratelli-e-sorelle-nella-stessa-stanza-e-educativo\/#breadcrumb\",\"itemListElement\":[{\"@type\":\"ListItem\",\"position\":1,\"name\":\"Home\",\"item\":\"https:\/\/www.aibi.it\/coopaibc\/\"},{\"@type\":\"ListItem\",\"position\":2,\"name\":\"Dormire con fratelli e sorelle nella stessa stanza? \u00c8 educativo\"}]},{\"@type\":\"WebSite\",\"@id\":\"https:\/\/www.aibi.it\/coopaibc\/#website\",\"url\":\"https:\/\/www.aibi.it\/coopaibc\/\",\"name\":\"AIBC\",\"description\":\"Cooperativa Sociale\",\"publisher\":{\"@id\":\"https:\/\/www.aibi.it\/coopaibc\/#organization\"},\"potentialAction\":[{\"@type\":\"SearchAction\",\"target\":{\"@type\":\"EntryPoint\",\"urlTemplate\":\"https:\/\/www.aibi.it\/coopaibc\/?s={search_term_string}\"},\"query-input\":{\"@type\":\"PropertyValueSpecification\",\"valueRequired\":true,\"valueName\":\"search_term_string\"}}],\"inLanguage\":\"it-IT\"},{\"@type\":\"Organization\",\"@id\":\"https:\/\/www.aibi.it\/coopaibc\/#organization\",\"name\":\"AIBC\",\"url\":\"https:\/\/www.aibi.it\/coopaibc\/\",\"logo\":{\"@type\":\"ImageObject\",\"inLanguage\":\"it-IT\",\"@id\":\"https:\/\/www.aibi.it\/coopaibc\/#\/schema\/logo\/image\/\",\"url\":\"https:\/\/www.aibi.it\/coopaibc\/wp-content\/uploads\/2016\/11\/cropped-logo-aibc-arancio-neg-150-1.png\",\"contentUrl\":\"https:\/\/www.aibi.it\/coopaibc\/wp-content\/uploads\/2016\/11\/cropped-logo-aibc-arancio-neg-150-1.png\",\"width\":150,\"height\":88,\"caption\":\"AIBC\"},\"image\":{\"@id\":\"https:\/\/www.aibi.it\/coopaibc\/#\/schema\/logo\/image\/\"}},{\"@type\":\"Person\",\"@id\":\"https:\/\/www.aibi.it\/coopaibc\/#\/schema\/person\/29ad36869e080d9e3fe4cf7707235543\",\"name\":\"francescoE\",\"image\":{\"@type\":\"ImageObject\",\"inLanguage\":\"it-IT\",\"@id\":\"https:\/\/www.aibi.it\/coopaibc\/#\/schema\/person\/image\/\",\"url\":\"https:\/\/secure.gravatar.com\/avatar\/eb25bc3259115f3cc20fd1978e06816ae94cd44934e33996da7a734be3641d43?s=96&d=mm&r=g\",\"contentUrl\":\"https:\/\/secure.gravatar.com\/avatar\/eb25bc3259115f3cc20fd1978e06816ae94cd44934e33996da7a734be3641d43?s=96&d=mm&r=g\",\"caption\":\"francescoE\"},\"url\":\"https:\/\/www.aibi.it\/coopaibc\/author\/francescoe\/\"}]}<\/script>\n<!-- \/ Yoast SEO plugin. -->","yoast_head_json":{"title":"Dormire con fratelli e sorelle nella stessa stanza? Educativo","description":"Dormire con fratelli e sorelle nella stessa stanza? Educativo. Dormire con fratelli e sorelle nella stessa stanza?","robots":{"index":"index","follow":"follow","max-snippet":"max-snippet:-1","max-image-preview":"max-image-preview:large","max-video-preview":"max-video-preview:-1"},"canonical":"https:\/\/www.aibi.it\/coopaibc\/dormire-con-fratelli-e-sorelle-nella-stessa-stanza-e-educativo\/","og_locale":"it_IT","og_type":"article","og_title":"Dormire con fratelli e sorelle nella stessa stanza? \u00c8 educativo","og_description":"Lo sostiene padre Vincent De Mello, sacerdote della diocesi di Parigi. \"Si impara il decentramento\"","og_url":"https:\/\/www.aibi.it\/coopaibc\/dormire-con-fratelli-e-sorelle-nella-stessa-stanza-e-educativo\/","og_site_name":"AIBC","article_published_time":"2020-10-14T13:31:30+00:00","og_image":[{"width":1200,"height":630,"url":"https:\/\/www.aibi.it\/coopaibc\/wp-content\/uploads\/2020\/10\/bambini.jpg","type":"image\/jpeg"}],"author":"francescoE","twitter_card":"summary_large_image","twitter_title":"Dormire con fratelli e sorelle nella stessa stanza? \u00c8 educativo","twitter_description":"Lo sostiene padre Vincent De Mello, sacerdote della diocesi di Parigi. \"Si impara il decentramento\"","twitter_image":"https:\/\/www.aibi.it\/coopaibc\/wp-content\/uploads\/2020\/10\/bambini.jpg","twitter_misc":{"Scritto da":"francescoE","Tempo di lettura stimato":"2 minuti"},"schema":{"@context":"https:\/\/schema.org","@graph":[{"@type":"Article","@id":"https:\/\/www.aibi.it\/coopaibc\/dormire-con-fratelli-e-sorelle-nella-stessa-stanza-e-educativo\/#article","isPartOf":{"@id":"https:\/\/www.aibi.it\/coopaibc\/dormire-con-fratelli-e-sorelle-nella-stessa-stanza-e-educativo\/"},"author":{"name":"francescoE","@id":"https:\/\/www.aibi.it\/coopaibc\/#\/schema\/person\/29ad36869e080d9e3fe4cf7707235543"},"headline":"Dormire con fratelli e sorelle nella stessa stanza? \u00c8 educativo","datePublished":"2020-10-14T13:31:30+00:00","mainEntityOfPage":{"@id":"https:\/\/www.aibi.it\/coopaibc\/dormire-con-fratelli-e-sorelle-nella-stessa-stanza-e-educativo\/"},"wordCount":385,"commentCount":0,"publisher":{"@id":"https:\/\/www.aibi.it\/coopaibc\/#organization"},"image":{"@id":"https:\/\/www.aibi.it\/coopaibc\/dormire-con-fratelli-e-sorelle-nella-stessa-stanza-e-educativo\/#primaryimage"},"thumbnailUrl":"https:\/\/www.aibi.it\/coopaibc\/wp-content\/uploads\/2020\/10\/bambini.jpg","keywords":["famiglia"],"articleSection":["News"],"inLanguage":"it-IT","potentialAction":[{"@type":"CommentAction","name":"Comment","target":["https:\/\/www.aibi.it\/coopaibc\/dormire-con-fratelli-e-sorelle-nella-stessa-stanza-e-educativo\/#respond"]}]},{"@type":"WebPage","@id":"https:\/\/www.aibi.it\/coopaibc\/dormire-con-fratelli-e-sorelle-nella-stessa-stanza-e-educativo\/","url":"https:\/\/www.aibi.it\/coopaibc\/dormire-con-fratelli-e-sorelle-nella-stessa-stanza-e-educativo\/","name":"Dormire con fratelli e sorelle nella stessa stanza? Educativo","isPartOf":{"@id":"https:\/\/www.aibi.it\/coopaibc\/#website"},"primaryImageOfPage":{"@id":"https:\/\/www.aibi.it\/coopaibc\/dormire-con-fratelli-e-sorelle-nella-stessa-stanza-e-educativo\/#primaryimage"},"image":{"@id":"https:\/\/www.aibi.it\/coopaibc\/dormire-con-fratelli-e-sorelle-nella-stessa-stanza-e-educativo\/#primaryimage"},"thumbnailUrl":"https:\/\/www.aibi.it\/coopaibc\/wp-content\/uploads\/2020\/10\/bambini.jpg","datePublished":"2020-10-14T13:31:30+00:00","description":"Dormire con fratelli e sorelle nella stessa stanza? Educativo. Dormire con fratelli e sorelle nella stessa stanza?","breadcrumb":{"@id":"https:\/\/www.aibi.it\/coopaibc\/dormire-con-fratelli-e-sorelle-nella-stessa-stanza-e-educativo\/#breadcrumb"},"inLanguage":"it-IT","potentialAction":[{"@type":"ReadAction","target":["https:\/\/www.aibi.it\/coopaibc\/dormire-con-fratelli-e-sorelle-nella-stessa-stanza-e-educativo\/"]}]},{"@type":"ImageObject","inLanguage":"it-IT","@id":"https:\/\/www.aibi.it\/coopaibc\/dormire-con-fratelli-e-sorelle-nella-stessa-stanza-e-educativo\/#primaryimage","url":"https:\/\/www.aibi.it\/coopaibc\/wp-content\/uploads\/2020\/10\/bambini.jpg","contentUrl":"https:\/\/www.aibi.it\/coopaibc\/wp-content\/uploads\/2020\/10\/bambini.jpg","width":1200,"height":630},{"@type":"BreadcrumbList","@id":"https:\/\/www.aibi.it\/coopaibc\/dormire-con-fratelli-e-sorelle-nella-stessa-stanza-e-educativo\/#breadcrumb","itemListElement":[{"@type":"ListItem","position":1,"name":"Home","item":"https:\/\/www.aibi.it\/coopaibc\/"},{"@type":"ListItem","position":2,"name":"Dormire con fratelli e sorelle nella stessa stanza? \u00c8 educativo"}]},{"@type":"WebSite","@id":"https:\/\/www.aibi.it\/coopaibc\/#website","url":"https:\/\/www.aibi.it\/coopaibc\/","name":"AIBC","description":"Cooperativa Sociale","publisher":{"@id":"https:\/\/www.aibi.it\/coopaibc\/#organization"},"potentialAction":[{"@type":"SearchAction","target":{"@type":"EntryPoint","urlTemplate":"https:\/\/www.aibi.it\/coopaibc\/?s={search_term_string}"},"query-input":{"@type":"PropertyValueSpecification","valueRequired":true,"valueName":"search_term_string"}}],"inLanguage":"it-IT"},{"@type":"Organization","@id":"https:\/\/www.aibi.it\/coopaibc\/#organization","name":"AIBC","url":"https:\/\/www.aibi.it\/coopaibc\/","logo":{"@type":"ImageObject","inLanguage":"it-IT","@id":"https:\/\/www.aibi.it\/coopaibc\/#\/schema\/logo\/image\/","url":"https:\/\/www.aibi.it\/coopaibc\/wp-content\/uploads\/2016\/11\/cropped-logo-aibc-arancio-neg-150-1.png","contentUrl":"https:\/\/www.aibi.it\/coopaibc\/wp-content\/uploads\/2016\/11\/cropped-logo-aibc-arancio-neg-150-1.png","width":150,"height":88,"caption":"AIBC"},"image":{"@id":"https:\/\/www.aibi.it\/coopaibc\/#\/schema\/logo\/image\/"}},{"@type":"Person","@id":"https:\/\/www.aibi.it\/coopaibc\/#\/schema\/person\/29ad36869e080d9e3fe4cf7707235543","name":"francescoE","image":{"@type":"ImageObject","inLanguage":"it-IT","@id":"https:\/\/www.aibi.it\/coopaibc\/#\/schema\/person\/image\/","url":"https:\/\/secure.gravatar.com\/avatar\/eb25bc3259115f3cc20fd1978e06816ae94cd44934e33996da7a734be3641d43?s=96&d=mm&r=g","contentUrl":"https:\/\/secure.gravatar.com\/avatar\/eb25bc3259115f3cc20fd1978e06816ae94cd44934e33996da7a734be3641d43?s=96&d=mm&r=g","caption":"francescoE"},"url":"https:\/\/www.aibi.it\/coopaibc\/author\/francescoe\/"}]}},"_links":{"self":[{"href":"https:\/\/www.aibi.it\/coopaibc\/wp-json\/wp\/v2\/posts\/1683","targetHints":{"allow":["GET"]}}],"collection":[{"href":"https:\/\/www.aibi.it\/coopaibc\/wp-json\/wp\/v2\/posts"}],"about":[{"href":"https:\/\/www.aibi.it\/coopaibc\/wp-json\/wp\/v2\/types\/post"}],"author":[{"embeddable":true,"href":"https:\/\/www.aibi.it\/coopaibc\/wp-json\/wp\/v2\/users\/10"}],"replies":[{"embeddable":true,"href":"https:\/\/www.aibi.it\/coopaibc\/wp-json\/wp\/v2\/comments?post=1683"}],"version-history":[{"count":1,"href":"https:\/\/www.aibi.it\/coopaibc\/wp-json\/wp\/v2\/posts\/1683\/revisions"}],"predecessor-version":[{"id":1685,"href":"https:\/\/www.aibi.it\/coopaibc\/wp-json\/wp\/v2\/posts\/1683\/revisions\/1685"}],"wp:featuredmedia":[{"embeddable":true,"href":"https:\/\/www.aibi.it\/coopaibc\/wp-json\/wp\/v2\/media\/1684"}],"wp:attachment":[{"href":"https:\/\/www.aibi.it\/coopaibc\/wp-json\/wp\/v2\/media?parent=1683"}],"wp:term":[{"taxonomy":"category","embeddable":true,"href":"https:\/\/www.aibi.it\/coopaibc\/wp-json\/wp\/v2\/categories?post=1683"},{"taxonomy":"post_tag","embeddable":true,"href":"https:\/\/www.aibi.it\/coopaibc\/wp-json\/wp\/v2\/tags?post=1683"}],"curies":[{"name":"wp","href":"https:\/\/api.w.org\/{rel}","templated":true}]}}