{"id":1802,"date":"2020-10-26T14:31:48","date_gmt":"2020-10-26T13:31:48","guid":{"rendered":"https:\/\/www.aibi.it\/coopaibc\/?p=1802"},"modified":"2020-10-26T14:33:08","modified_gmt":"2020-10-26T13:33:08","slug":"un-anno-di-la-tua-casa-da-un-immobile-sequestrato-alla-malavita-una-comunita-di-accoglienza-per-le-mamme-fragili-e-i-loro-bambini","status":"publish","type":"post","link":"https:\/\/www.aibi.it\/coopaibc\/un-anno-di-la-tua-casa-da-un-immobile-sequestrato-alla-malavita-una-comunita-di-accoglienza-per-le-mamme-fragili-e-i-loro-bambini\/","title":{"rendered":"Un anno di &#8220;La Tua Casa&#8221;: da un immobile sequestrato alla malavita una comunit\u00e0 di accoglienza per le mamme fragili e i loro bambini"},"content":{"rendered":"<h2>In dodici mesi di lavoro 10 mamme e 15 bambini accolti e accompagnati. Nonostante la pandemia&#8230;<\/h2>\n<p>Ci sono sogni che nascono veloci. Ed \u00e8 nato cos\u00ec il sogno del progetto di accoglienza <a href=\"https:\/\/www.aibi.it\/ita\/attivita\/progetti-in-italia\/#la-tua-casa\">&#8220;<em>La Tua Casa<\/em>&#8220;<\/a>: un pomeriggio del 13 dicembre 2018, giorno di Santa Lucia. In alcuni territori per tradizione \u00e8 la santa che porta i doni ai bambini, e ad <strong>Ai.Bi. &#8211; Amici dei Bambini<\/strong> e alla <strong>Cooperativa Sociale AIBC<\/strong>, che dei bambini sono amiche, ha portato un trafiletto di giornale in cui il sindaco di un comune del milanese annunciava il bando di gara per riconvertire un bene confiscato alla criminalit\u00e0 organizzata in un\u2019opera buona: una casa di accoglienza per i minori.<\/p>\n<p>Nel vedere quella struttura deserta e grandissima, uno spazio enorme ma spento e vuoto, gli staff di Ai.Bi. e AIBC al completo si sono sentiti chiamati a riempirlo e riaccenderlo. Si doveva dare davvero un nuovo senso a questi spazi per farne qualcosa di buono. Non c\u2019era molto tempo per la presentazione del bando, ma spinte da questa convinzione, Ai.Bi. e AIBC hanno lavorato perch\u00e9 potesse diventare un posto sicuro per dei bambini e le loro mamme.<\/p>\n<p>Una casa che potesse essere sentita come propria da chi qui sarebbe stato accolto, che potesse essere definita <em>&#8220;la sua casa<\/em>&#8220;. Questo pensiero ha accompagnato i mesi dei lavori di ristrutturazione, le fasi di allestimento, della formazione dell\u2019equipe e dell\u2019avvio del progetto.<\/p>\n<h3>Comunit\u00e0 per mamme fragili: dopo un anno di lavoro accolte 10 donne e 15 bambini<\/h3>\n<p>Oggi, a un anno dall\u2019inaugurazione, si pu\u00f2 dire che ne sia valsa la pena:<strong> un anno di lavoro, 10 mamme accolte e 15 bambini.<\/strong> Nuclei accolti e messi in protezione, bambini che hanno potuto stare con la loro mamma nonostante le fragilit\u00e0, donne accompagnate nella loro crescita e nella consapevolezza della loro maternit\u00e0. Tutto questo \u00e8 accaduto nonostante la pandemia che ha complicato la vita di tutti. Perch\u00e9 l&#8217;accoglienza non si ferma.<\/p>\n<p>Bisogna ringraziare ancora una volta chi ha creduto insieme ad Ai.Bi. e AIBC alla possibilit\u00e0 di realizzare questo sogno, chi ancora ci crede e lo supporta. Bisogna ringraziare la Parrocchia e la rete parrocchiale, che non ha fatto mancare il suo sostegno dal principio. Bisogna ringraziare il <a href=\"https:\/\/www.comune.buccinasco.mi.it\/it\" target=\"_blank\" rel=\"noopener noreferrer\"><strong>Comune di Buccinasco<\/strong><\/a> e i tanti partner privati che hanno fornito un sostegno indispensabile: <a href=\"https:\/\/www.ikea.com\/it\/\" target=\"_blank\" rel=\"noopener noreferrer\">IKEA<\/a>, <a href=\"http:\/\/alessi.com\/\" target=\"_blank\" rel=\"noopener noreferrer\">Alessi<\/a>, <a href=\"https:\/\/estherburton.com\/\" target=\"_blank\" rel=\"noopener noreferrer\">Esther Burton #BeRight<\/a>, <a href=\"https:\/\/www.microelettrica.com\/it\/\" target=\"_blank\" rel=\"noopener noreferrer\">Microelettrica Scientifica<\/a>. Non bisogna poi dimenticare <strong>Gianluca Guidi<\/strong> per aver promosso, insieme alle <a href=\"http:\/\/officinedelteatroitaliano.it\/\" target=\"_blank\" rel=\"noopener noreferrer\">Officine del Teatro Italiano<\/a> e a <strong>Viola Produzioni<\/strong>, la raccolta fondi che si \u00e8 svolta in occasione della stagione della commedia musicale &#8220;<strong><em>Aggiungi un posto a tavola&#8221;<\/em><\/strong>.<\/p>\n<p>Il progetto la tua casa si inserisce nella campagna<a href=\"https:\/\/www.aibi.it\/ita\/adozione-a-distanza\/sostegno-a-distanza-in-italia\/\"><strong> Fame di Mamma<\/strong>,<\/a> la campagna di Ai.Bi. e della Cooperativa AIBC per dire basta all\u2019abbandono in Italia: i bisogni vitali di un bambino, specie se abbandonato, mettono in risalto la necessit\u00e0 di un nutrimento non soltanto fisico, bens\u00ec interiore e affettivo, una vera e propria \u201c<strong><em>Fame di Mamma\u201d.<\/em><\/strong><\/p>\n<p>La Campagna sostiene tutte le Comunit\u00e0 d\u2019accoglienza e i Centri Servizi alla Famiglia (PDZ) attivi sul territorio Italiano.<\/p>\n","protected":false},"excerpt":{"rendered":"<p>In dodici mesi di lavoro 10 mamme e 15 bambini accolti e accompagnati. Nonostante la pandemia&hellip; Ci sono sogni che nascono veloci. Ed &egrave; nato cos&igrave; il sogno del progetto di accoglienza &ldquo;La Tua Casa&ldquo;: un pomeriggio del 13 dicembre 2018, giorno di Santa Lucia. In alcuni territori per tradizione [&hellip;]<\/p>\n","protected":false},"author":10,"featured_media":1805,"comment_status":"open","ping_status":"open","sticky":false,"template":"","format":"standard","meta":{"footnotes":""},"categories":[1],"tags":[9],"class_list":{"0":"post-1802","1":"post","2":"type-post","3":"status-publish","4":"format-standard","5":"has-post-thumbnail","7":"category-news","8":"tag-enti"},"yoast_head":"<!-- This site is optimized with the Yoast SEO plugin v26.1.1 - https:\/\/yoast.com\/wordpress\/plugins\/seo\/ -->\n<title>Comunit\u00e0 per mamme fragili: &quot;La Tua Casa&quot; compie un anno<\/title>\n<meta name=\"description\" content=\"Comunit\u00e0 per mamme fragili: &quot;La Tua Casa&quot; compie un anno. Comunit\u00e0 per mamme fragili in provincia di Milano con AIBC...\" \/>\n<meta name=\"robots\" content=\"index, follow, max-snippet:-1, max-image-preview:large, max-video-preview:-1\" \/>\n<link rel=\"canonical\" href=\"https:\/\/www.aibi.it\/coopaibc\/un-anno-di-la-tua-casa-da-un-immobile-sequestrato-alla-malavita-una-comunita-di-accoglienza-per-le-mamme-fragili-e-i-loro-bambini\/\" \/>\n<meta property=\"og:locale\" content=\"it_IT\" \/>\n<meta property=\"og:type\" content=\"article\" \/>\n<meta property=\"og:title\" content=\"Un anno di &quot;La Tua Casa&quot;: da un immobile sequestrato alla malavita una comunit\u00e0 di accoglienza per le mamme fragili e i loro bambini\" \/>\n<meta property=\"og:description\" content=\"In dodici mesi di lavoro 10 mamme e 15 bambini accolti e accompagnati. Nonostante la pandemia...\" \/>\n<meta property=\"og:url\" content=\"https:\/\/www.aibi.it\/coopaibc\/un-anno-di-la-tua-casa-da-un-immobile-sequestrato-alla-malavita-una-comunita-di-accoglienza-per-le-mamme-fragili-e-i-loro-bambini\/\" \/>\n<meta property=\"og:site_name\" content=\"AIBC\" \/>\n<meta property=\"article:published_time\" content=\"2020-10-26T13:31:48+00:00\" \/>\n<meta property=\"article:modified_time\" content=\"2020-10-26T13:33:08+00:00\" \/>\n<meta property=\"og:image\" content=\"https:\/\/www.aibi.it\/coopaibc\/wp-content\/uploads\/2020\/10\/admin-ajax-e1603718998994.jpeg\" \/>\n\t<meta property=\"og:image:width\" content=\"400\" \/>\n\t<meta property=\"og:image:height\" content=\"210\" \/>\n\t<meta property=\"og:image:type\" content=\"image\/jpeg\" \/>\n<meta name=\"author\" content=\"francescoE\" \/>\n<meta name=\"twitter:card\" content=\"summary_large_image\" \/>\n<meta name=\"twitter:title\" content=\"Un anno di &quot;La Tua Casa&quot;: da un immobile sequestrato alla malavita una comunit\u00e0 di accoglienza per le mamme fragili e i loro bambini\" \/>\n<meta name=\"twitter:description\" content=\"In dodici mesi di lavoro 10 mamme e 15 bambini accolti e accompagnati. Nonostante la pandemia...\" \/>\n<meta name=\"twitter:image\" content=\"https:\/\/www.aibi.it\/coopaibc\/wp-content\/uploads\/2020\/10\/admin-ajax-e1603718998994.jpeg\" \/>\n<meta name=\"twitter:label1\" content=\"Scritto da\" \/>\n\t<meta name=\"twitter:data1\" content=\"francescoE\" \/>\n\t<meta name=\"twitter:label2\" content=\"Tempo di lettura stimato\" \/>\n\t<meta name=\"twitter:data2\" content=\"3 minuti\" \/>\n<script type=\"application\/ld+json\" class=\"yoast-schema-graph\">{\"@context\":\"https:\/\/schema.org\",\"@graph\":[{\"@type\":\"Article\",\"@id\":\"https:\/\/www.aibi.it\/coopaibc\/un-anno-di-la-tua-casa-da-un-immobile-sequestrato-alla-malavita-una-comunita-di-accoglienza-per-le-mamme-fragili-e-i-loro-bambini\/#article\",\"isPartOf\":{\"@id\":\"https:\/\/www.aibi.it\/coopaibc\/un-anno-di-la-tua-casa-da-un-immobile-sequestrato-alla-malavita-una-comunita-di-accoglienza-per-le-mamme-fragili-e-i-loro-bambini\/\"},\"author\":{\"name\":\"francescoE\",\"@id\":\"https:\/\/www.aibi.it\/coopaibc\/#\/schema\/person\/29ad36869e080d9e3fe4cf7707235543\"},\"headline\":\"Un anno di &#8220;La Tua Casa&#8221;: da un immobile sequestrato alla malavita una comunit\u00e0 di accoglienza per le mamme fragili e i loro bambini\",\"datePublished\":\"2020-10-26T13:31:48+00:00\",\"dateModified\":\"2020-10-26T13:33:08+00:00\",\"mainEntityOfPage\":{\"@id\":\"https:\/\/www.aibi.it\/coopaibc\/un-anno-di-la-tua-casa-da-un-immobile-sequestrato-alla-malavita-una-comunita-di-accoglienza-per-le-mamme-fragili-e-i-loro-bambini\/\"},\"wordCount\":525,\"commentCount\":0,\"publisher\":{\"@id\":\"https:\/\/www.aibi.it\/coopaibc\/#organization\"},\"image\":{\"@id\":\"https:\/\/www.aibi.it\/coopaibc\/un-anno-di-la-tua-casa-da-un-immobile-sequestrato-alla-malavita-una-comunita-di-accoglienza-per-le-mamme-fragili-e-i-loro-bambini\/#primaryimage\"},\"thumbnailUrl\":\"https:\/\/www.aibi.it\/coopaibc\/wp-content\/uploads\/2020\/10\/admin-ajax-1.jpeg\",\"keywords\":[\"enti\"],\"articleSection\":[\"News\"],\"inLanguage\":\"it-IT\",\"potentialAction\":[{\"@type\":\"CommentAction\",\"name\":\"Comment\",\"target\":[\"https:\/\/www.aibi.it\/coopaibc\/un-anno-di-la-tua-casa-da-un-immobile-sequestrato-alla-malavita-una-comunita-di-accoglienza-per-le-mamme-fragili-e-i-loro-bambini\/#respond\"]}]},{\"@type\":\"WebPage\",\"@id\":\"https:\/\/www.aibi.it\/coopaibc\/un-anno-di-la-tua-casa-da-un-immobile-sequestrato-alla-malavita-una-comunita-di-accoglienza-per-le-mamme-fragili-e-i-loro-bambini\/\",\"url\":\"https:\/\/www.aibi.it\/coopaibc\/un-anno-di-la-tua-casa-da-un-immobile-sequestrato-alla-malavita-una-comunita-di-accoglienza-per-le-mamme-fragili-e-i-loro-bambini\/\",\"name\":\"Comunit\u00e0 per mamme fragili: \\\"La Tua Casa\\\" compie un anno\",\"isPartOf\":{\"@id\":\"https:\/\/www.aibi.it\/coopaibc\/#website\"},\"primaryImageOfPage\":{\"@id\":\"https:\/\/www.aibi.it\/coopaibc\/un-anno-di-la-tua-casa-da-un-immobile-sequestrato-alla-malavita-una-comunita-di-accoglienza-per-le-mamme-fragili-e-i-loro-bambini\/#primaryimage\"},\"image\":{\"@id\":\"https:\/\/www.aibi.it\/coopaibc\/un-anno-di-la-tua-casa-da-un-immobile-sequestrato-alla-malavita-una-comunita-di-accoglienza-per-le-mamme-fragili-e-i-loro-bambini\/#primaryimage\"},\"thumbnailUrl\":\"https:\/\/www.aibi.it\/coopaibc\/wp-content\/uploads\/2020\/10\/admin-ajax-1.jpeg\",\"datePublished\":\"2020-10-26T13:31:48+00:00\",\"dateModified\":\"2020-10-26T13:33:08+00:00\",\"description\":\"Comunit\u00e0 per mamme fragili: \\\"La Tua Casa\\\" compie un anno. Comunit\u00e0 per mamme fragili in provincia di Milano con AIBC...\",\"breadcrumb\":{\"@id\":\"https:\/\/www.aibi.it\/coopaibc\/un-anno-di-la-tua-casa-da-un-immobile-sequestrato-alla-malavita-una-comunita-di-accoglienza-per-le-mamme-fragili-e-i-loro-bambini\/#breadcrumb\"},\"inLanguage\":\"it-IT\",\"potentialAction\":[{\"@type\":\"ReadAction\",\"target\":[\"https:\/\/www.aibi.it\/coopaibc\/un-anno-di-la-tua-casa-da-un-immobile-sequestrato-alla-malavita-una-comunita-di-accoglienza-per-le-mamme-fragili-e-i-loro-bambini\/\"]}]},{\"@type\":\"ImageObject\",\"inLanguage\":\"it-IT\",\"@id\":\"https:\/\/www.aibi.it\/coopaibc\/un-anno-di-la-tua-casa-da-un-immobile-sequestrato-alla-malavita-una-comunita-di-accoglienza-per-le-mamme-fragili-e-i-loro-bambini\/#primaryimage\",\"url\":\"https:\/\/www.aibi.it\/coopaibc\/wp-content\/uploads\/2020\/10\/admin-ajax-1.jpeg\",\"contentUrl\":\"https:\/\/www.aibi.it\/coopaibc\/wp-content\/uploads\/2020\/10\/admin-ajax-1.jpeg\",\"width\":1200,\"height\":630},{\"@type\":\"BreadcrumbList\",\"@id\":\"https:\/\/www.aibi.it\/coopaibc\/un-anno-di-la-tua-casa-da-un-immobile-sequestrato-alla-malavita-una-comunita-di-accoglienza-per-le-mamme-fragili-e-i-loro-bambini\/#breadcrumb\",\"itemListElement\":[{\"@type\":\"ListItem\",\"position\":1,\"name\":\"Home\",\"item\":\"https:\/\/www.aibi.it\/coopaibc\/\"},{\"@type\":\"ListItem\",\"position\":2,\"name\":\"Un anno di &#8220;La Tua Casa&#8221;: da un immobile sequestrato alla malavita una comunit\u00e0 di accoglienza per le mamme fragili e i loro bambini\"}]},{\"@type\":\"WebSite\",\"@id\":\"https:\/\/www.aibi.it\/coopaibc\/#website\",\"url\":\"https:\/\/www.aibi.it\/coopaibc\/\",\"name\":\"AIBC\",\"description\":\"Cooperativa Sociale\",\"publisher\":{\"@id\":\"https:\/\/www.aibi.it\/coopaibc\/#organization\"},\"potentialAction\":[{\"@type\":\"SearchAction\",\"target\":{\"@type\":\"EntryPoint\",\"urlTemplate\":\"https:\/\/www.aibi.it\/coopaibc\/?s={search_term_string}\"},\"query-input\":{\"@type\":\"PropertyValueSpecification\",\"valueRequired\":true,\"valueName\":\"search_term_string\"}}],\"inLanguage\":\"it-IT\"},{\"@type\":\"Organization\",\"@id\":\"https:\/\/www.aibi.it\/coopaibc\/#organization\",\"name\":\"AIBC\",\"url\":\"https:\/\/www.aibi.it\/coopaibc\/\",\"logo\":{\"@type\":\"ImageObject\",\"inLanguage\":\"it-IT\",\"@id\":\"https:\/\/www.aibi.it\/coopaibc\/#\/schema\/logo\/image\/\",\"url\":\"https:\/\/www.aibi.it\/coopaibc\/wp-content\/uploads\/2016\/11\/cropped-logo-aibc-arancio-neg-150-1.png\",\"contentUrl\":\"https:\/\/www.aibi.it\/coopaibc\/wp-content\/uploads\/2016\/11\/cropped-logo-aibc-arancio-neg-150-1.png\",\"width\":150,\"height\":88,\"caption\":\"AIBC\"},\"image\":{\"@id\":\"https:\/\/www.aibi.it\/coopaibc\/#\/schema\/logo\/image\/\"}},{\"@type\":\"Person\",\"@id\":\"https:\/\/www.aibi.it\/coopaibc\/#\/schema\/person\/29ad36869e080d9e3fe4cf7707235543\",\"name\":\"francescoE\",\"image\":{\"@type\":\"ImageObject\",\"inLanguage\":\"it-IT\",\"@id\":\"https:\/\/www.aibi.it\/coopaibc\/#\/schema\/person\/image\/\",\"url\":\"https:\/\/secure.gravatar.com\/avatar\/eb25bc3259115f3cc20fd1978e06816ae94cd44934e33996da7a734be3641d43?s=96&d=mm&r=g\",\"contentUrl\":\"https:\/\/secure.gravatar.com\/avatar\/eb25bc3259115f3cc20fd1978e06816ae94cd44934e33996da7a734be3641d43?s=96&d=mm&r=g\",\"caption\":\"francescoE\"},\"url\":\"https:\/\/www.aibi.it\/coopaibc\/author\/francescoe\/\"}]}<\/script>\n<!-- \/ Yoast SEO plugin. -->","yoast_head_json":{"title":"Comunit\u00e0 per mamme fragili: \"La Tua Casa\" compie un anno","description":"Comunit\u00e0 per mamme fragili: \"La Tua Casa\" compie un anno. Comunit\u00e0 per mamme fragili in provincia di Milano con AIBC...","robots":{"index":"index","follow":"follow","max-snippet":"max-snippet:-1","max-image-preview":"max-image-preview:large","max-video-preview":"max-video-preview:-1"},"canonical":"https:\/\/www.aibi.it\/coopaibc\/un-anno-di-la-tua-casa-da-un-immobile-sequestrato-alla-malavita-una-comunita-di-accoglienza-per-le-mamme-fragili-e-i-loro-bambini\/","og_locale":"it_IT","og_type":"article","og_title":"Un anno di \"La Tua Casa\": da un immobile sequestrato alla malavita una comunit\u00e0 di accoglienza per le mamme fragili e i loro bambini","og_description":"In dodici mesi di lavoro 10 mamme e 15 bambini accolti e accompagnati. Nonostante la pandemia...","og_url":"https:\/\/www.aibi.it\/coopaibc\/un-anno-di-la-tua-casa-da-un-immobile-sequestrato-alla-malavita-una-comunita-di-accoglienza-per-le-mamme-fragili-e-i-loro-bambini\/","og_site_name":"AIBC","article_published_time":"2020-10-26T13:31:48+00:00","article_modified_time":"2020-10-26T13:33:08+00:00","og_image":[{"width":400,"height":210,"url":"https:\/\/www.aibi.it\/coopaibc\/wp-content\/uploads\/2020\/10\/admin-ajax-e1603718998994.jpeg","type":"image\/jpeg"}],"author":"francescoE","twitter_card":"summary_large_image","twitter_title":"Un anno di \"La Tua Casa\": da un immobile sequestrato alla malavita una comunit\u00e0 di accoglienza per le mamme fragili e i loro bambini","twitter_description":"In dodici mesi di lavoro 10 mamme e 15 bambini accolti e accompagnati. Nonostante la pandemia...","twitter_image":"https:\/\/www.aibi.it\/coopaibc\/wp-content\/uploads\/2020\/10\/admin-ajax-e1603718998994.jpeg","twitter_misc":{"Scritto da":"francescoE","Tempo di lettura stimato":"3 minuti"},"schema":{"@context":"https:\/\/schema.org","@graph":[{"@type":"Article","@id":"https:\/\/www.aibi.it\/coopaibc\/un-anno-di-la-tua-casa-da-un-immobile-sequestrato-alla-malavita-una-comunita-di-accoglienza-per-le-mamme-fragili-e-i-loro-bambini\/#article","isPartOf":{"@id":"https:\/\/www.aibi.it\/coopaibc\/un-anno-di-la-tua-casa-da-un-immobile-sequestrato-alla-malavita-una-comunita-di-accoglienza-per-le-mamme-fragili-e-i-loro-bambini\/"},"author":{"name":"francescoE","@id":"https:\/\/www.aibi.it\/coopaibc\/#\/schema\/person\/29ad36869e080d9e3fe4cf7707235543"},"headline":"Un anno di &#8220;La Tua Casa&#8221;: da un immobile sequestrato alla malavita una comunit\u00e0 di accoglienza per le mamme fragili e i loro bambini","datePublished":"2020-10-26T13:31:48+00:00","dateModified":"2020-10-26T13:33:08+00:00","mainEntityOfPage":{"@id":"https:\/\/www.aibi.it\/coopaibc\/un-anno-di-la-tua-casa-da-un-immobile-sequestrato-alla-malavita-una-comunita-di-accoglienza-per-le-mamme-fragili-e-i-loro-bambini\/"},"wordCount":525,"commentCount":0,"publisher":{"@id":"https:\/\/www.aibi.it\/coopaibc\/#organization"},"image":{"@id":"https:\/\/www.aibi.it\/coopaibc\/un-anno-di-la-tua-casa-da-un-immobile-sequestrato-alla-malavita-una-comunita-di-accoglienza-per-le-mamme-fragili-e-i-loro-bambini\/#primaryimage"},"thumbnailUrl":"https:\/\/www.aibi.it\/coopaibc\/wp-content\/uploads\/2020\/10\/admin-ajax-1.jpeg","keywords":["enti"],"articleSection":["News"],"inLanguage":"it-IT","potentialAction":[{"@type":"CommentAction","name":"Comment","target":["https:\/\/www.aibi.it\/coopaibc\/un-anno-di-la-tua-casa-da-un-immobile-sequestrato-alla-malavita-una-comunita-di-accoglienza-per-le-mamme-fragili-e-i-loro-bambini\/#respond"]}]},{"@type":"WebPage","@id":"https:\/\/www.aibi.it\/coopaibc\/un-anno-di-la-tua-casa-da-un-immobile-sequestrato-alla-malavita-una-comunita-di-accoglienza-per-le-mamme-fragili-e-i-loro-bambini\/","url":"https:\/\/www.aibi.it\/coopaibc\/un-anno-di-la-tua-casa-da-un-immobile-sequestrato-alla-malavita-una-comunita-di-accoglienza-per-le-mamme-fragili-e-i-loro-bambini\/","name":"Comunit\u00e0 per mamme fragili: \"La Tua Casa\" compie un anno","isPartOf":{"@id":"https:\/\/www.aibi.it\/coopaibc\/#website"},"primaryImageOfPage":{"@id":"https:\/\/www.aibi.it\/coopaibc\/un-anno-di-la-tua-casa-da-un-immobile-sequestrato-alla-malavita-una-comunita-di-accoglienza-per-le-mamme-fragili-e-i-loro-bambini\/#primaryimage"},"image":{"@id":"https:\/\/www.aibi.it\/coopaibc\/un-anno-di-la-tua-casa-da-un-immobile-sequestrato-alla-malavita-una-comunita-di-accoglienza-per-le-mamme-fragili-e-i-loro-bambini\/#primaryimage"},"thumbnailUrl":"https:\/\/www.aibi.it\/coopaibc\/wp-content\/uploads\/2020\/10\/admin-ajax-1.jpeg","datePublished":"2020-10-26T13:31:48+00:00","dateModified":"2020-10-26T13:33:08+00:00","description":"Comunit\u00e0 per mamme fragili: \"La Tua Casa\" compie un anno. Comunit\u00e0 per mamme fragili in provincia di Milano con AIBC...","breadcrumb":{"@id":"https:\/\/www.aibi.it\/coopaibc\/un-anno-di-la-tua-casa-da-un-immobile-sequestrato-alla-malavita-una-comunita-di-accoglienza-per-le-mamme-fragili-e-i-loro-bambini\/#breadcrumb"},"inLanguage":"it-IT","potentialAction":[{"@type":"ReadAction","target":["https:\/\/www.aibi.it\/coopaibc\/un-anno-di-la-tua-casa-da-un-immobile-sequestrato-alla-malavita-una-comunita-di-accoglienza-per-le-mamme-fragili-e-i-loro-bambini\/"]}]},{"@type":"ImageObject","inLanguage":"it-IT","@id":"https:\/\/www.aibi.it\/coopaibc\/un-anno-di-la-tua-casa-da-un-immobile-sequestrato-alla-malavita-una-comunita-di-accoglienza-per-le-mamme-fragili-e-i-loro-bambini\/#primaryimage","url":"https:\/\/www.aibi.it\/coopaibc\/wp-content\/uploads\/2020\/10\/admin-ajax-1.jpeg","contentUrl":"https:\/\/www.aibi.it\/coopaibc\/wp-content\/uploads\/2020\/10\/admin-ajax-1.jpeg","width":1200,"height":630},{"@type":"BreadcrumbList","@id":"https:\/\/www.aibi.it\/coopaibc\/un-anno-di-la-tua-casa-da-un-immobile-sequestrato-alla-malavita-una-comunita-di-accoglienza-per-le-mamme-fragili-e-i-loro-bambini\/#breadcrumb","itemListElement":[{"@type":"ListItem","position":1,"name":"Home","item":"https:\/\/www.aibi.it\/coopaibc\/"},{"@type":"ListItem","position":2,"name":"Un anno di &#8220;La Tua Casa&#8221;: da un immobile sequestrato alla malavita una comunit\u00e0 di accoglienza per le mamme fragili e i loro bambini"}]},{"@type":"WebSite","@id":"https:\/\/www.aibi.it\/coopaibc\/#website","url":"https:\/\/www.aibi.it\/coopaibc\/","name":"AIBC","description":"Cooperativa Sociale","publisher":{"@id":"https:\/\/www.aibi.it\/coopaibc\/#organization"},"potentialAction":[{"@type":"SearchAction","target":{"@type":"EntryPoint","urlTemplate":"https:\/\/www.aibi.it\/coopaibc\/?s={search_term_string}"},"query-input":{"@type":"PropertyValueSpecification","valueRequired":true,"valueName":"search_term_string"}}],"inLanguage":"it-IT"},{"@type":"Organization","@id":"https:\/\/www.aibi.it\/coopaibc\/#organization","name":"AIBC","url":"https:\/\/www.aibi.it\/coopaibc\/","logo":{"@type":"ImageObject","inLanguage":"it-IT","@id":"https:\/\/www.aibi.it\/coopaibc\/#\/schema\/logo\/image\/","url":"https:\/\/www.aibi.it\/coopaibc\/wp-content\/uploads\/2016\/11\/cropped-logo-aibc-arancio-neg-150-1.png","contentUrl":"https:\/\/www.aibi.it\/coopaibc\/wp-content\/uploads\/2016\/11\/cropped-logo-aibc-arancio-neg-150-1.png","width":150,"height":88,"caption":"AIBC"},"image":{"@id":"https:\/\/www.aibi.it\/coopaibc\/#\/schema\/logo\/image\/"}},{"@type":"Person","@id":"https:\/\/www.aibi.it\/coopaibc\/#\/schema\/person\/29ad36869e080d9e3fe4cf7707235543","name":"francescoE","image":{"@type":"ImageObject","inLanguage":"it-IT","@id":"https:\/\/www.aibi.it\/coopaibc\/#\/schema\/person\/image\/","url":"https:\/\/secure.gravatar.com\/avatar\/eb25bc3259115f3cc20fd1978e06816ae94cd44934e33996da7a734be3641d43?s=96&d=mm&r=g","contentUrl":"https:\/\/secure.gravatar.com\/avatar\/eb25bc3259115f3cc20fd1978e06816ae94cd44934e33996da7a734be3641d43?s=96&d=mm&r=g","caption":"francescoE"},"url":"https:\/\/www.aibi.it\/coopaibc\/author\/francescoe\/"}]}},"_links":{"self":[{"href":"https:\/\/www.aibi.it\/coopaibc\/wp-json\/wp\/v2\/posts\/1802","targetHints":{"allow":["GET"]}}],"collection":[{"href":"https:\/\/www.aibi.it\/coopaibc\/wp-json\/wp\/v2\/posts"}],"about":[{"href":"https:\/\/www.aibi.it\/coopaibc\/wp-json\/wp\/v2\/types\/post"}],"author":[{"embeddable":true,"href":"https:\/\/www.aibi.it\/coopaibc\/wp-json\/wp\/v2\/users\/10"}],"replies":[{"embeddable":true,"href":"https:\/\/www.aibi.it\/coopaibc\/wp-json\/wp\/v2\/comments?post=1802"}],"version-history":[{"count":1,"href":"https:\/\/www.aibi.it\/coopaibc\/wp-json\/wp\/v2\/posts\/1802\/revisions"}],"predecessor-version":[{"id":1804,"href":"https:\/\/www.aibi.it\/coopaibc\/wp-json\/wp\/v2\/posts\/1802\/revisions\/1804"}],"wp:featuredmedia":[{"embeddable":true,"href":"https:\/\/www.aibi.it\/coopaibc\/wp-json\/wp\/v2\/media\/1805"}],"wp:attachment":[{"href":"https:\/\/www.aibi.it\/coopaibc\/wp-json\/wp\/v2\/media?parent=1802"}],"wp:term":[{"taxonomy":"category","embeddable":true,"href":"https:\/\/www.aibi.it\/coopaibc\/wp-json\/wp\/v2\/categories?post=1802"},{"taxonomy":"post_tag","embeddable":true,"href":"https:\/\/www.aibi.it\/coopaibc\/wp-json\/wp\/v2\/tags?post=1802"}],"curies":[{"name":"wp","href":"https:\/\/api.w.org\/{rel}","templated":true}]}}