{"id":1931,"date":"2020-11-15T18:33:59","date_gmt":"2020-11-15T17:33:59","guid":{"rendered":"https:\/\/www.aibi.it\/coopaibc\/?p=1931"},"modified":"2020-11-15T18:36:02","modified_gmt":"2020-11-15T17:36:02","slug":"bambini-nati-dal-2010-ecco-la-generazione-alpha","status":"publish","type":"post","link":"https:\/\/www.aibi.it\/coopaibc\/bambini-nati-dal-2010-ecco-la-generazione-alpha\/","title":{"rendered":"Bambini nati dal 2010: ecco la &#8220;generazione alpha&#8221;"},"content":{"rendered":"<blockquote>\n<p style=\"font-weight: 400;\">Gentile redazione<\/p>\n<p style=\"font-weight: 400;\">qualche settimana fa, in televisione, ho sentito parlare dei nuovi nati dal 2010 in poi come la generazione \u201calpha\u201d. Potreste spiegarmi cosa significa?<\/p>\n<p style=\"font-weight: 400;\">Grazie<\/p>\n<p style=\"font-weight: 400;\">Sara<\/p>\n<p>&nbsp;<\/p><\/blockquote>\n<p style=\"font-weight: 400;\"><span style=\"font-family: -apple-system, BlinkMacSystemFont, 'Segoe UI', Roboto, Oxygen-Sans, Ubuntu, Cantarell, 'Helvetica Neue', sans-serif; font-size: 16px;\">Cara Sara,<\/span><\/p>\n<p style=\"font-weight: 400;\">con il termine <strong>generazione alpha<\/strong>, si individua una particolare \u201cgenerazione\u201d di bambini nata dal 2010 in poi, caratterizzata dall\u2019essere <strong>nativa digitale, attenta all\u2019ambiente e pi\u00f9 inclusiva<\/strong> rispetto alle diversit\u00e0.<\/p>\n<p style=\"font-weight: 400;\">Un quadro pi\u00f9 dettagliato della generazione Alpha ce lo fornisce la ricerca \u201c<strong>Tecnologica, inclusiva e green: Benvenuta generazione alpha\u201d<\/strong> commissionata da BNP Paribas Cardif e condotta dalla social company Friendz.<\/p>\n<p style=\"font-weight: 400;\">Dallo studio, riportato dal Sole 24 Ore, \u00e8 emerso che 6 bambini, (tra i 5 e i 10 anni), su 10, iniziano ad utilizzare i dispositivi tecnologici prima dei 5 anni. Pi\u00f9 di 1 bambino su 2 inoltre gi\u00e0 possiede un dispositivo di sua esclusiva propriet\u00e0, che utilizza nel 46% dei casi sotto il controllo di mamma e pap\u00e0.\u00a0 <strong>Il 50% dei bambini naviga per giocare,<\/strong> il 21% per guardare i cartoni animati e solo il 10% per seguire le lezioni a distanza.<\/p>\n<p style=\"font-weight: 400;\">Ma la generazione Alpha \u00e8 anche caratterizzata da un\u2019attenzione particolare ai <strong>temi green<\/strong> e alla salute del pianeta, il 39% si preoccupa della raccolta differenziata.<\/p>\n<p style=\"font-weight: 400;\">Dalla ricerca \u00e8 inoltre emerso che i bambini di\u00a0oggi\u00a0superano le diversit\u00e0 culturali. Il <strong>33% dei minori ha infatti amici di differenti etnie<\/strong> e il 44% compagni di classe anche di origine straniera.<\/p>\n<p style=\"font-weight: 400;\">Insomma una vera \u00e8 propria ri-generazione umana che come sottolinea Isabella Fumagalli, Head of Territory for Insurance in Italy di BNP Paribas Cardif, sul Sole 24 Ore: \u201cS<em>ovverte gli stereotipi di genere, supera le diversit\u00e0 culturali e difende il pianeta. Non sono solo semplici nativi digitali, ma soprattutto nativi social, costantemente immersi tra vita reale e vita virtuale, esattamente la dimensione della nuova normalit\u00e0\u201d.<\/em><\/p>\n<p style=\"font-weight: 400;\">Cara Sara speriamo di aver risposto alla sua curiosit\u00e0. Qualora volesse ancora approfondire l\u2019argomento non esiti a contattarci allo\u00a0<strong>3400088431<\/strong>\u00a0oppure scrivendo all\u2019indirizzo mail\u00a0\u00a0<strong>cefam@fondazioneaibi.it<\/strong><\/p>\n<p style=\"font-weight: 400;\">\u00a0<strong>Staff AIBC\u00a0\u00a0\u00a0\u00a0\u00a0<\/strong><\/p>\n<p style=\"font-weight: 400;\">\n","protected":false},"excerpt":{"rendered":"<p>Gentile redazione qualche settimana fa, in televisione, ho sentito parlare dei nuovi nati dal 2010 in poi come la generazione &ldquo;alpha&rdquo;. Potreste spiegarmi cosa significa? Grazie Sara &nbsp; Cara Sara, con il termine generazione alpha, si individua una particolare &ldquo;generazione&rdquo; di bambini nata dal 2010 in poi, caratterizzata dall&rsquo;essere nativa [&hellip;]<\/p>\n","protected":false},"author":4,"featured_media":1932,"comment_status":"open","ping_status":"open","sticky":false,"template":"","format":"standard","meta":{"footnotes":""},"categories":[1],"tags":[11],"class_list":{"0":"post-1931","1":"post","2":"type-post","3":"status-publish","4":"format-standard","5":"has-post-thumbnail","7":"category-news","8":"tag-famiglia"},"yoast_head":"<!-- This site is optimized with the Yoast SEO plugin v26.1.1 - https:\/\/yoast.com\/wordpress\/plugins\/seo\/ -->\n<title>Bambini nati dal 2010: ecco la &quot;generazione alpha&quot; - AIBC<\/title>\n<meta name=\"robots\" content=\"index, follow, max-snippet:-1, max-image-preview:large, max-video-preview:-1\" \/>\n<link rel=\"canonical\" href=\"https:\/\/www.aibi.it\/coopaibc\/bambini-nati-dal-2010-ecco-la-generazione-alpha\/\" \/>\n<meta property=\"og:locale\" content=\"it_IT\" \/>\n<meta property=\"og:type\" content=\"article\" \/>\n<meta property=\"og:title\" content=\"Bambini nati dal 2010: ecco la &quot;generazione alpha&quot; - AIBC\" \/>\n<meta property=\"og:description\" content=\"Gentile redazione qualche settimana fa, in televisione, ho sentito parlare dei nuovi nati dal 2010 in poi come la generazione &ldquo;alpha&rdquo;. Potreste spiegarmi cosa significa? Grazie Sara &nbsp; Cara Sara, con il termine generazione alpha, si individua una particolare &ldquo;generazione&rdquo; di bambini nata dal 2010 in poi, caratterizzata dall&rsquo;essere nativa [&hellip;]\" \/>\n<meta property=\"og:url\" content=\"https:\/\/www.aibi.it\/coopaibc\/bambini-nati-dal-2010-ecco-la-generazione-alpha\/\" \/>\n<meta property=\"og:site_name\" content=\"AIBC\" \/>\n<meta property=\"article:published_time\" content=\"2020-11-15T17:33:59+00:00\" \/>\n<meta property=\"article:modified_time\" content=\"2020-11-15T17:36:02+00:00\" \/>\n<meta property=\"og:image\" content=\"https:\/\/www.aibi.it\/coopaibc\/wp-content\/uploads\/2020\/11\/bambini-generazione-alpha.jpg\" \/>\n\t<meta property=\"og:image:width\" content=\"1200\" \/>\n\t<meta property=\"og:image:height\" content=\"630\" \/>\n\t<meta property=\"og:image:type\" content=\"image\/jpeg\" \/>\n<meta name=\"author\" content=\"mariaS\" \/>\n<meta name=\"twitter:card\" content=\"summary_large_image\" \/>\n<meta name=\"twitter:label1\" content=\"Scritto da\" \/>\n\t<meta name=\"twitter:data1\" content=\"mariaS\" \/>\n\t<meta name=\"twitter:label2\" content=\"Tempo di lettura stimato\" \/>\n\t<meta name=\"twitter:data2\" content=\"2 minuti\" \/>\n<script type=\"application\/ld+json\" class=\"yoast-schema-graph\">{\"@context\":\"https:\/\/schema.org\",\"@graph\":[{\"@type\":\"Article\",\"@id\":\"https:\/\/www.aibi.it\/coopaibc\/bambini-nati-dal-2010-ecco-la-generazione-alpha\/#article\",\"isPartOf\":{\"@id\":\"https:\/\/www.aibi.it\/coopaibc\/bambini-nati-dal-2010-ecco-la-generazione-alpha\/\"},\"author\":{\"name\":\"mariaS\",\"@id\":\"https:\/\/www.aibi.it\/coopaibc\/#\/schema\/person\/20c35acf37410bdb55edad4e6aa0ff7c\"},\"headline\":\"Bambini nati dal 2010: ecco la &#8220;generazione alpha&#8221;\",\"datePublished\":\"2020-11-15T17:33:59+00:00\",\"dateModified\":\"2020-11-15T17:36:02+00:00\",\"mainEntityOfPage\":{\"@id\":\"https:\/\/www.aibi.it\/coopaibc\/bambini-nati-dal-2010-ecco-la-generazione-alpha\/\"},\"wordCount\":313,\"commentCount\":0,\"publisher\":{\"@id\":\"https:\/\/www.aibi.it\/coopaibc\/#organization\"},\"image\":{\"@id\":\"https:\/\/www.aibi.it\/coopaibc\/bambini-nati-dal-2010-ecco-la-generazione-alpha\/#primaryimage\"},\"thumbnailUrl\":\"https:\/\/www.aibi.it\/coopaibc\/wp-content\/uploads\/2020\/11\/bambini-generazione-alpha.jpg\",\"keywords\":[\"famiglia\"],\"articleSection\":[\"News\"],\"inLanguage\":\"it-IT\",\"potentialAction\":[{\"@type\":\"CommentAction\",\"name\":\"Comment\",\"target\":[\"https:\/\/www.aibi.it\/coopaibc\/bambini-nati-dal-2010-ecco-la-generazione-alpha\/#respond\"]}]},{\"@type\":\"WebPage\",\"@id\":\"https:\/\/www.aibi.it\/coopaibc\/bambini-nati-dal-2010-ecco-la-generazione-alpha\/\",\"url\":\"https:\/\/www.aibi.it\/coopaibc\/bambini-nati-dal-2010-ecco-la-generazione-alpha\/\",\"name\":\"Bambini nati dal 2010: ecco la \\\"generazione alpha\\\" - AIBC\",\"isPartOf\":{\"@id\":\"https:\/\/www.aibi.it\/coopaibc\/#website\"},\"primaryImageOfPage\":{\"@id\":\"https:\/\/www.aibi.it\/coopaibc\/bambini-nati-dal-2010-ecco-la-generazione-alpha\/#primaryimage\"},\"image\":{\"@id\":\"https:\/\/www.aibi.it\/coopaibc\/bambini-nati-dal-2010-ecco-la-generazione-alpha\/#primaryimage\"},\"thumbnailUrl\":\"https:\/\/www.aibi.it\/coopaibc\/wp-content\/uploads\/2020\/11\/bambini-generazione-alpha.jpg\",\"datePublished\":\"2020-11-15T17:33:59+00:00\",\"dateModified\":\"2020-11-15T17:36:02+00:00\",\"breadcrumb\":{\"@id\":\"https:\/\/www.aibi.it\/coopaibc\/bambini-nati-dal-2010-ecco-la-generazione-alpha\/#breadcrumb\"},\"inLanguage\":\"it-IT\",\"potentialAction\":[{\"@type\":\"ReadAction\",\"target\":[\"https:\/\/www.aibi.it\/coopaibc\/bambini-nati-dal-2010-ecco-la-generazione-alpha\/\"]}]},{\"@type\":\"ImageObject\",\"inLanguage\":\"it-IT\",\"@id\":\"https:\/\/www.aibi.it\/coopaibc\/bambini-nati-dal-2010-ecco-la-generazione-alpha\/#primaryimage\",\"url\":\"https:\/\/www.aibi.it\/coopaibc\/wp-content\/uploads\/2020\/11\/bambini-generazione-alpha.jpg\",\"contentUrl\":\"https:\/\/www.aibi.it\/coopaibc\/wp-content\/uploads\/2020\/11\/bambini-generazione-alpha.jpg\",\"width\":1200,\"height\":630},{\"@type\":\"BreadcrumbList\",\"@id\":\"https:\/\/www.aibi.it\/coopaibc\/bambini-nati-dal-2010-ecco-la-generazione-alpha\/#breadcrumb\",\"itemListElement\":[{\"@type\":\"ListItem\",\"position\":1,\"name\":\"Home\",\"item\":\"https:\/\/www.aibi.it\/coopaibc\/\"},{\"@type\":\"ListItem\",\"position\":2,\"name\":\"Bambini nati dal 2010: ecco la &#8220;generazione alpha&#8221;\"}]},{\"@type\":\"WebSite\",\"@id\":\"https:\/\/www.aibi.it\/coopaibc\/#website\",\"url\":\"https:\/\/www.aibi.it\/coopaibc\/\",\"name\":\"AIBC\",\"description\":\"Cooperativa Sociale\",\"publisher\":{\"@id\":\"https:\/\/www.aibi.it\/coopaibc\/#organization\"},\"potentialAction\":[{\"@type\":\"SearchAction\",\"target\":{\"@type\":\"EntryPoint\",\"urlTemplate\":\"https:\/\/www.aibi.it\/coopaibc\/?s={search_term_string}\"},\"query-input\":{\"@type\":\"PropertyValueSpecification\",\"valueRequired\":true,\"valueName\":\"search_term_string\"}}],\"inLanguage\":\"it-IT\"},{\"@type\":\"Organization\",\"@id\":\"https:\/\/www.aibi.it\/coopaibc\/#organization\",\"name\":\"AIBC\",\"url\":\"https:\/\/www.aibi.it\/coopaibc\/\",\"logo\":{\"@type\":\"ImageObject\",\"inLanguage\":\"it-IT\",\"@id\":\"https:\/\/www.aibi.it\/coopaibc\/#\/schema\/logo\/image\/\",\"url\":\"https:\/\/www.aibi.it\/coopaibc\/wp-content\/uploads\/2016\/11\/cropped-logo-aibc-arancio-neg-150-1.png\",\"contentUrl\":\"https:\/\/www.aibi.it\/coopaibc\/wp-content\/uploads\/2016\/11\/cropped-logo-aibc-arancio-neg-150-1.png\",\"width\":150,\"height\":88,\"caption\":\"AIBC\"},\"image\":{\"@id\":\"https:\/\/www.aibi.it\/coopaibc\/#\/schema\/logo\/image\/\"}},{\"@type\":\"Person\",\"@id\":\"https:\/\/www.aibi.it\/coopaibc\/#\/schema\/person\/20c35acf37410bdb55edad4e6aa0ff7c\",\"name\":\"mariaS\",\"image\":{\"@type\":\"ImageObject\",\"inLanguage\":\"it-IT\",\"@id\":\"https:\/\/www.aibi.it\/coopaibc\/#\/schema\/person\/image\/\",\"url\":\"https:\/\/secure.gravatar.com\/avatar\/2cc649c1b18c2525711df2229be1bec404547cf030008c81a2f6b37f5287aaab?s=96&d=mm&r=g\",\"contentUrl\":\"https:\/\/secure.gravatar.com\/avatar\/2cc649c1b18c2525711df2229be1bec404547cf030008c81a2f6b37f5287aaab?s=96&d=mm&r=g\",\"caption\":\"mariaS\"},\"url\":\"https:\/\/www.aibi.it\/coopaibc\/author\/marias\/\"}]}<\/script>\n<!-- \/ Yoast SEO plugin. -->","yoast_head_json":{"title":"Bambini nati dal 2010: ecco la \"generazione alpha\" - AIBC","robots":{"index":"index","follow":"follow","max-snippet":"max-snippet:-1","max-image-preview":"max-image-preview:large","max-video-preview":"max-video-preview:-1"},"canonical":"https:\/\/www.aibi.it\/coopaibc\/bambini-nati-dal-2010-ecco-la-generazione-alpha\/","og_locale":"it_IT","og_type":"article","og_title":"Bambini nati dal 2010: ecco la \"generazione alpha\" - AIBC","og_description":"Gentile redazione qualche settimana fa, in televisione, ho sentito parlare dei nuovi nati dal 2010 in poi come la generazione &ldquo;alpha&rdquo;. Potreste spiegarmi cosa significa? Grazie Sara &nbsp; Cara Sara, con il termine generazione alpha, si individua una particolare &ldquo;generazione&rdquo; di bambini nata dal 2010 in poi, caratterizzata dall&rsquo;essere nativa [&hellip;]","og_url":"https:\/\/www.aibi.it\/coopaibc\/bambini-nati-dal-2010-ecco-la-generazione-alpha\/","og_site_name":"AIBC","article_published_time":"2020-11-15T17:33:59+00:00","article_modified_time":"2020-11-15T17:36:02+00:00","og_image":[{"width":1200,"height":630,"url":"https:\/\/www.aibi.it\/coopaibc\/wp-content\/uploads\/2020\/11\/bambini-generazione-alpha.jpg","type":"image\/jpeg"}],"author":"mariaS","twitter_card":"summary_large_image","twitter_misc":{"Scritto da":"mariaS","Tempo di lettura stimato":"2 minuti"},"schema":{"@context":"https:\/\/schema.org","@graph":[{"@type":"Article","@id":"https:\/\/www.aibi.it\/coopaibc\/bambini-nati-dal-2010-ecco-la-generazione-alpha\/#article","isPartOf":{"@id":"https:\/\/www.aibi.it\/coopaibc\/bambini-nati-dal-2010-ecco-la-generazione-alpha\/"},"author":{"name":"mariaS","@id":"https:\/\/www.aibi.it\/coopaibc\/#\/schema\/person\/20c35acf37410bdb55edad4e6aa0ff7c"},"headline":"Bambini nati dal 2010: ecco la &#8220;generazione alpha&#8221;","datePublished":"2020-11-15T17:33:59+00:00","dateModified":"2020-11-15T17:36:02+00:00","mainEntityOfPage":{"@id":"https:\/\/www.aibi.it\/coopaibc\/bambini-nati-dal-2010-ecco-la-generazione-alpha\/"},"wordCount":313,"commentCount":0,"publisher":{"@id":"https:\/\/www.aibi.it\/coopaibc\/#organization"},"image":{"@id":"https:\/\/www.aibi.it\/coopaibc\/bambini-nati-dal-2010-ecco-la-generazione-alpha\/#primaryimage"},"thumbnailUrl":"https:\/\/www.aibi.it\/coopaibc\/wp-content\/uploads\/2020\/11\/bambini-generazione-alpha.jpg","keywords":["famiglia"],"articleSection":["News"],"inLanguage":"it-IT","potentialAction":[{"@type":"CommentAction","name":"Comment","target":["https:\/\/www.aibi.it\/coopaibc\/bambini-nati-dal-2010-ecco-la-generazione-alpha\/#respond"]}]},{"@type":"WebPage","@id":"https:\/\/www.aibi.it\/coopaibc\/bambini-nati-dal-2010-ecco-la-generazione-alpha\/","url":"https:\/\/www.aibi.it\/coopaibc\/bambini-nati-dal-2010-ecco-la-generazione-alpha\/","name":"Bambini nati dal 2010: ecco la \"generazione alpha\" - AIBC","isPartOf":{"@id":"https:\/\/www.aibi.it\/coopaibc\/#website"},"primaryImageOfPage":{"@id":"https:\/\/www.aibi.it\/coopaibc\/bambini-nati-dal-2010-ecco-la-generazione-alpha\/#primaryimage"},"image":{"@id":"https:\/\/www.aibi.it\/coopaibc\/bambini-nati-dal-2010-ecco-la-generazione-alpha\/#primaryimage"},"thumbnailUrl":"https:\/\/www.aibi.it\/coopaibc\/wp-content\/uploads\/2020\/11\/bambini-generazione-alpha.jpg","datePublished":"2020-11-15T17:33:59+00:00","dateModified":"2020-11-15T17:36:02+00:00","breadcrumb":{"@id":"https:\/\/www.aibi.it\/coopaibc\/bambini-nati-dal-2010-ecco-la-generazione-alpha\/#breadcrumb"},"inLanguage":"it-IT","potentialAction":[{"@type":"ReadAction","target":["https:\/\/www.aibi.it\/coopaibc\/bambini-nati-dal-2010-ecco-la-generazione-alpha\/"]}]},{"@type":"ImageObject","inLanguage":"it-IT","@id":"https:\/\/www.aibi.it\/coopaibc\/bambini-nati-dal-2010-ecco-la-generazione-alpha\/#primaryimage","url":"https:\/\/www.aibi.it\/coopaibc\/wp-content\/uploads\/2020\/11\/bambini-generazione-alpha.jpg","contentUrl":"https:\/\/www.aibi.it\/coopaibc\/wp-content\/uploads\/2020\/11\/bambini-generazione-alpha.jpg","width":1200,"height":630},{"@type":"BreadcrumbList","@id":"https:\/\/www.aibi.it\/coopaibc\/bambini-nati-dal-2010-ecco-la-generazione-alpha\/#breadcrumb","itemListElement":[{"@type":"ListItem","position":1,"name":"Home","item":"https:\/\/www.aibi.it\/coopaibc\/"},{"@type":"ListItem","position":2,"name":"Bambini nati dal 2010: ecco la &#8220;generazione alpha&#8221;"}]},{"@type":"WebSite","@id":"https:\/\/www.aibi.it\/coopaibc\/#website","url":"https:\/\/www.aibi.it\/coopaibc\/","name":"AIBC","description":"Cooperativa Sociale","publisher":{"@id":"https:\/\/www.aibi.it\/coopaibc\/#organization"},"potentialAction":[{"@type":"SearchAction","target":{"@type":"EntryPoint","urlTemplate":"https:\/\/www.aibi.it\/coopaibc\/?s={search_term_string}"},"query-input":{"@type":"PropertyValueSpecification","valueRequired":true,"valueName":"search_term_string"}}],"inLanguage":"it-IT"},{"@type":"Organization","@id":"https:\/\/www.aibi.it\/coopaibc\/#organization","name":"AIBC","url":"https:\/\/www.aibi.it\/coopaibc\/","logo":{"@type":"ImageObject","inLanguage":"it-IT","@id":"https:\/\/www.aibi.it\/coopaibc\/#\/schema\/logo\/image\/","url":"https:\/\/www.aibi.it\/coopaibc\/wp-content\/uploads\/2016\/11\/cropped-logo-aibc-arancio-neg-150-1.png","contentUrl":"https:\/\/www.aibi.it\/coopaibc\/wp-content\/uploads\/2016\/11\/cropped-logo-aibc-arancio-neg-150-1.png","width":150,"height":88,"caption":"AIBC"},"image":{"@id":"https:\/\/www.aibi.it\/coopaibc\/#\/schema\/logo\/image\/"}},{"@type":"Person","@id":"https:\/\/www.aibi.it\/coopaibc\/#\/schema\/person\/20c35acf37410bdb55edad4e6aa0ff7c","name":"mariaS","image":{"@type":"ImageObject","inLanguage":"it-IT","@id":"https:\/\/www.aibi.it\/coopaibc\/#\/schema\/person\/image\/","url":"https:\/\/secure.gravatar.com\/avatar\/2cc649c1b18c2525711df2229be1bec404547cf030008c81a2f6b37f5287aaab?s=96&d=mm&r=g","contentUrl":"https:\/\/secure.gravatar.com\/avatar\/2cc649c1b18c2525711df2229be1bec404547cf030008c81a2f6b37f5287aaab?s=96&d=mm&r=g","caption":"mariaS"},"url":"https:\/\/www.aibi.it\/coopaibc\/author\/marias\/"}]}},"_links":{"self":[{"href":"https:\/\/www.aibi.it\/coopaibc\/wp-json\/wp\/v2\/posts\/1931","targetHints":{"allow":["GET"]}}],"collection":[{"href":"https:\/\/www.aibi.it\/coopaibc\/wp-json\/wp\/v2\/posts"}],"about":[{"href":"https:\/\/www.aibi.it\/coopaibc\/wp-json\/wp\/v2\/types\/post"}],"author":[{"embeddable":true,"href":"https:\/\/www.aibi.it\/coopaibc\/wp-json\/wp\/v2\/users\/4"}],"replies":[{"embeddable":true,"href":"https:\/\/www.aibi.it\/coopaibc\/wp-json\/wp\/v2\/comments?post=1931"}],"version-history":[{"count":2,"href":"https:\/\/www.aibi.it\/coopaibc\/wp-json\/wp\/v2\/posts\/1931\/revisions"}],"predecessor-version":[{"id":1934,"href":"https:\/\/www.aibi.it\/coopaibc\/wp-json\/wp\/v2\/posts\/1931\/revisions\/1934"}],"wp:featuredmedia":[{"embeddable":true,"href":"https:\/\/www.aibi.it\/coopaibc\/wp-json\/wp\/v2\/media\/1932"}],"wp:attachment":[{"href":"https:\/\/www.aibi.it\/coopaibc\/wp-json\/wp\/v2\/media?parent=1931"}],"wp:term":[{"taxonomy":"category","embeddable":true,"href":"https:\/\/www.aibi.it\/coopaibc\/wp-json\/wp\/v2\/categories?post=1931"},{"taxonomy":"post_tag","embeddable":true,"href":"https:\/\/www.aibi.it\/coopaibc\/wp-json\/wp\/v2\/tags?post=1931"}],"curies":[{"name":"wp","href":"https:\/\/api.w.org\/{rel}","templated":true}]}}