{"id":2239,"date":"2021-01-14T15:48:28","date_gmt":"2021-01-14T14:48:28","guid":{"rendered":"https:\/\/www.aibi.it\/coopaibc\/?p=2239"},"modified":"2021-01-14T15:48:28","modified_gmt":"2021-01-14T14:48:28","slug":"unesperienza-indimenticabile-il-mio-tirocinio-a-villa-capitanio","status":"publish","type":"post","link":"https:\/\/www.aibi.it\/coopaibc\/unesperienza-indimenticabile-il-mio-tirocinio-a-villa-capitanio\/","title":{"rendered":"Un&#8217;esperienza indimenticabile: il mio tirocinio a villa Capitanio"},"content":{"rendered":"<h2><strong>Mi ero posta un sacco di domande: &#8220;<\/strong><em>Mi prenderanno mai in considerazione o la mia et\u00e0 sar\u00e0 un limite per me e per loro? Riuscir\u00f2 a trovare da questa esperienza lavorativa la mia strada?\u201d<strong>\u00a0ma poi&#8230;<\/strong><\/em><\/h2>\n<p><em>\u00a0<\/em>Sono una\u00a0<strong>studentessa del terzo anno di Scienze dell&#8217;educazione e della formazione<\/strong>\u00a0dell\u2019Universit\u00e0 Cattolica del Sacro Cuore di Brescia, e quando il nostro tutor di tirocinio mi ha proposto\u00a0<strong>Villa\u00a0Capitanio<\/strong>\u00a0avevo qualche perplessit\u00e0 perch\u00e9 era diverso dalla mia primissima idea, ovvero entrare in contatto principalmente con dei bambini o adolescenti, perch\u00e9 in questa realt\u00e0 era richiesto di sapersi rapportare con delle mamme, quindi figure adulte\u00a0 e le mie domande ricorrenti erano \u201c<em>Mi prenderanno mai in considerazione o la mia et\u00e0 sar\u00e0 un limite per me e per loro? Riuscir\u00f2 ad aiutarle e a capire i loro bisogni? Riuscir\u00f2 a trovare da questa esperienza lavorativa la mia strada?\u201d<\/em><\/p>\n<p><em>\u00a0<\/em>Nonostante alcuni dubbi ho colto la possibilit\u00e0 e ho svolto un primo colloquio con la coordinatrice per via telematica, dove mi ha presentato il servizio e quello che in generale faceva. Dopo questo primissimo incontro \u00e8 nata in me, <strong>una maggiore curiosit\u00e0,\u00a0<\/strong>nonostante i miei interrogativi ci fossero lo stesso.<\/p>\n<h3>\n<strong>Risolte le varie questioni burocratiche nel mese<\/strong><strong>\u00a0<\/strong><strong>di dicembre\u00a0ho iniziato il percorso a\u00a0Villa\u00a0Capitanio.<\/strong><\/h3>\n<p>La prima settimana ho aiutato nella <strong>confezione dei pacchetti regalo di\u00a0<\/strong><strong>Natale<\/strong>\u00a0e Santa Lucia per i vari bambini e le mamme, ho potuto assistere ai\u00a0<strong>vari incontri online,<\/strong>\u00a0come per esempio la compilazione del PEI di una bambina insieme alla maestra di sostegno, la fisioterapista e la dottoressa, ad un incontro con l&#8217;avvocato e con gli assistenti sociali, ad una riunione di coordinamento dove si discutevano vari punti, tra cui le possibili strategie da adottare per la situazione covid-19 e periodo natalizio nelle varie strutture, aggiornamenti su come si erano sviluppati alcuni progetti e altre questioni.<\/p>\n<h3><strong>I colloqui con le mamme<\/strong><\/h3>\n<p>Ogni luned\u00ec per almeno un&#8217;ora si tiene un\u00a0<strong>colloquio con le varie mamme<\/strong>, dove si discutono i vari problemi del weekend, se ci sono novit\u00e0 o solamente per sfogarsi un po&#8217;. Questo \u00e8 il momento dove\u00a0<strong>la mamma pu\u00f2 trovare un&#8217;occasione per confrontarsi e trovare nell&#8217;educatrice anche la figura dell&#8217;amica<\/strong>, sorella maggiore, a volte mamma e se serve carabiniere.<\/p>\n<p>La prima volta che vi ho partecipato una mamma non era troppo contenta della mia presenza, si era dimenticata del mio arrivo e questo mi ha fatto pensare se anch&#8217;io nella sua stessa situazione avrei reagito cos\u00ec.<\/p>\n<p>Non credo sia semplice poter confidare i propri segreti ad una sconosciuta, quello che effettivamente io ero per lei, mi sentivo un&#8217;intrusa e fuori posto, non sapevo come comportarmi e mi chiedevo se davvero sarei riuscita ad essere utile.<\/p>\n<h3><strong>Una stanza per studiare\u2026<\/strong><\/h3>\n<p>Nel frattempo osservavo l&#8217;educatrice e cercavo di capire come\u00a0<strong>riuscisse a trovare sempre le risposte e soluzioni pi\u00f9 coerenti per quella circostanza<\/strong>\u00a0e mi domandavo come avrei affrontato io la situazione.<\/p>\n<p>Nel periodo delle vacanze di Natale abbiamo deciso insieme alle mamme di trovare uno spazio apposito per le due bambine pi\u00f9 grandi per poterle aiutare a\u00a0<strong>svolgere i compiti delle vacanze.<\/strong><\/p>\n<p>Si \u00e8 deciso cos\u00ec di creare una stanza in occasione dove le bambine sapevano che era il momento di studio e, quindi, consapevolmente si erano prese un compito.<br \/>\nAbbiamo deciso di fare due orette al mattino con una bambina e due orette al pomeriggio con l&#8217;altra per poter rafforzare la relazione 1:1 e creare oltre che uno spazio fisico, anche\u00a0<strong>un tempo solo per loro, dove potevano esprimersi tranquillamente,\u00a0<\/strong>senza l&#8217;interruzione dei bambini pi\u00f9 piccoli o il caos della vita familiare.<br \/>\nQuesta \u00e8 stato un&#8217;occasione per le bambine perch\u00e9 potevano raccontarmi i loro sogni o incubi della sera precedente, le loro giornate, mostrarmi i loro lavoretti, disegnare e colorare insieme, ripassare le tabelline, svolgere i compiti e risolvere i dubbi creati da alcuni esercizi; e anche per me, perch\u00e9 ho potuto mettermi in gioco, stabilire una relazione pi\u00f9 profonda, sperimentarmi,\u00a0<strong>superare alcune paure e limiti che mi ero fissata, <\/strong>lasciando lo stesso un po&#8217; di timore sul mio operato.<\/p>\n<h3><strong>Il pranzo della Vigilia di Natale<\/strong><\/h3>\n<p>Nonostante le restrizioni della pandemia siamo riusciti a fare un pranzo insieme alle famiglie sia alla\u00a0Vigilia di Natale\u00a0sia a Capodanno, cercando di seguire le norme igieniche,\u00a0<strong>dividendoci per nucleo familiare<\/strong>, tenendo la mascherina quando ci si alzava per prendere le varie porzioni di cibo e tenendo una certa distanza.<\/p>\n<p>Per il pranzo della Vigilia di Natale,\u00a0<strong>le mamme hanno cucinato una loro specialit\u00e0,<\/strong>\u00a0che poi hanno condiviso e successivamente si \u00e8 passati al momento dei regali, dove i bambini hanno scartato i propri doni e con felicit\u00e0 hanno iniziato a giocarci\u00a0 e grazie ad un po&#8217; di musica hanno potuto ballare e scatenarsi.<\/p>\n<p>Per il pranzo di <strong>Capodanno, invece, abbiamo mangiato una pizza famiglia<\/strong>\u00a0e il dolce cucinato sempre da una mamma, successivamente hanno ballato.<\/p>\n<p>Si sono creati dei momenti che hanno permesso di <strong>tornare alla &#8220;normalit\u00e0&#8221;,<\/strong>\u00a0per dimenticarsi, nonostante tutte le limitazioni, per un momento la situazione in cui siamo, che ha cambiato i ritmi e le abitudini di ogni persona, e poter festeggiare, nella speranza di giorni migliori.<\/p>\n<p><strong>\u00c8 stato bello passare queste due giornate con loro<\/strong>, anche solo per un semplice pranzo, perch\u00e9 mi ha aiutato a sentirmi accettata e coinvolta in una loro tradizione e ho visto anche da parte della mamme la felicit\u00e0 della mia presenza.<\/p>\n<h3><strong>Ora sento che anche io posso essere una risorsa\u2026 nonostante la mia et\u00e0<\/strong><\/h3>\n<p><strong>\u00a0<\/strong>Mano a mano che il tempo passa penso ancora alle mie domande iniziali e in alcune non posso ancora trovare una risposta, ma\u00a0<strong>sento che posso essere una risorsa, posso dare anch&#8217;io il mio contributo, nonostante la mia et\u00e0,<\/strong>\u00a0non mi sento pi\u00f9 un&#8217;intrusa, ma faccio parte anch&#8217;io di questa realt\u00e0, sento di essere accolta e mi sto affezionando a loro, mi rende felice il fatto che le mamme con il tempo hanno iniziato a fidarsi di me, dandomi la possibilit\u00e0 di trascorrere del tempo con i loro figli, mi accolgono nella loro casa con educazione e rispetto, raccontandomi le loro cose e questo mi fa sentire sempre pi\u00f9 soddisfatta.<\/p>\n<p>So che ho ancora tanto, tantissimo da imparare e migliorare, per\u00f2 rispetto all&#8217;inizio ho molte meno ansie e sono pi\u00f9 soddisfatta, anche se continuo ad essere un po&#8217; timida e cerco di entrare in &#8220;punta di piedi&#8221; nelle loro vicissitudini, per non creare fastidi.<\/p>\n<h3><strong>Cos\u2019\u00e8 e cosa succede a Villa Capitanio?<\/strong><\/h3>\n<p>Se qualcuno mi chiedesse di dire cos&#8217;\u00e8 e cosa succede a\u00a0Villa\u00a0Capitanio\u00a0posso dire che\u00a0<strong>l&#8217;aiuto che offrono a queste mamme in difficolt\u00e0 non \u00e8 solo di tipo economico, ma \u00e8 un esserci a 365 gradi.<\/strong><br \/>\nDai consigli pi\u00f9 semplici, come fare una ceretta, alle questioni pi\u00f9 importanti e delicate; \u00e8 come ricreare una piccola famiglia dove loro possono ridarsi una possibilit\u00e0 e mettersi in gioco.<br \/>\nEntrare in questa realt\u00e0 non \u00e8 semplice, soprattutto alla mia giovane et\u00e0 e le poche esperienze avute, ci sono varie difficolt\u00e0, ma per fortuna c&#8217;\u00e8 un&#8217;ottima coordinatrice che mi sta aiutando in questo, facendomi da guida e mostrandomi come svolge quotidianamente il suo lavoro, il quale \u00e8 imprevedibile, dove le sorprese sono dietro l&#8217;angolo e bisogna sapersi mettere in gioco per poterle affrontare.<\/p>\n<p><strong>Mirella B.<\/strong><\/p>\n<p>&nbsp;<\/p>\n<p>&nbsp;<\/p>\n","protected":false},"excerpt":{"rendered":"<p>Mi ero posta un sacco di domande: &ldquo;Mi prenderanno mai in considerazione o la mia et&agrave; sar&agrave; un limite per me e per loro? Riuscir&ograve; a trovare da questa esperienza lavorativa la mia strada?&rdquo;&nbsp;ma poi&hellip; &nbsp;Sono una&nbsp;studentessa del terzo anno di Scienze dell&rsquo;educazione e della formazione&nbsp;dell&rsquo;Universit&agrave; Cattolica del Sacro Cuore [&hellip;]<\/p>\n","protected":false},"author":4,"featured_media":2240,"comment_status":"open","ping_status":"open","sticky":false,"template":"","format":"standard","meta":{"footnotes":""},"categories":[1],"tags":[10],"class_list":{"0":"post-2239","1":"post","2":"type-post","3":"status-publish","4":"format-standard","5":"has-post-thumbnail","7":"category-news","8":"tag-operatori"},"yoast_head":"<!-- This site is optimized with the Yoast SEO plugin v26.1.1 - https:\/\/yoast.com\/wordpress\/plugins\/seo\/ -->\n<title>Un&#039;esperienza indimenticabile: il mio tirocinio a villa Capitanio - AIBC<\/title>\n<meta name=\"robots\" content=\"index, follow, max-snippet:-1, max-image-preview:large, max-video-preview:-1\" \/>\n<link rel=\"canonical\" href=\"https:\/\/www.aibi.it\/coopaibc\/unesperienza-indimenticabile-il-mio-tirocinio-a-villa-capitanio\/\" \/>\n<meta property=\"og:locale\" content=\"it_IT\" \/>\n<meta property=\"og:type\" content=\"article\" \/>\n<meta property=\"og:title\" content=\"Un&#039;esperienza indimenticabile: il mio tirocinio a villa Capitanio - AIBC\" \/>\n<meta property=\"og:description\" content=\"Mi ero posta un sacco di domande: &ldquo;Mi prenderanno mai in considerazione o la mia et&agrave; sar&agrave; un limite per me e per loro? Riuscir&ograve; a trovare da questa esperienza lavorativa la mia strada?&rdquo;&nbsp;ma poi&hellip; &nbsp;Sono una&nbsp;studentessa del terzo anno di Scienze dell&rsquo;educazione e della formazione&nbsp;dell&rsquo;Universit&agrave; Cattolica del Sacro Cuore [&hellip;]\" \/>\n<meta property=\"og:url\" content=\"https:\/\/www.aibi.it\/coopaibc\/unesperienza-indimenticabile-il-mio-tirocinio-a-villa-capitanio\/\" \/>\n<meta property=\"og:site_name\" content=\"AIBC\" \/>\n<meta property=\"article:published_time\" content=\"2021-01-14T14:48:28+00:00\" \/>\n<meta property=\"og:image\" content=\"https:\/\/www.aibi.it\/coopaibc\/wp-content\/uploads\/2021\/01\/aiuto.png\" \/>\n\t<meta property=\"og:image:width\" content=\"1200\" \/>\n\t<meta property=\"og:image:height\" content=\"630\" \/>\n\t<meta property=\"og:image:type\" content=\"image\/png\" \/>\n<meta name=\"author\" content=\"mariaS\" \/>\n<meta name=\"twitter:card\" content=\"summary_large_image\" \/>\n<meta name=\"twitter:label1\" content=\"Scritto da\" \/>\n\t<meta name=\"twitter:data1\" content=\"mariaS\" \/>\n\t<meta name=\"twitter:label2\" content=\"Tempo di lettura stimato\" \/>\n\t<meta name=\"twitter:data2\" content=\"6 minuti\" \/>\n<script type=\"application\/ld+json\" class=\"yoast-schema-graph\">{\"@context\":\"https:\/\/schema.org\",\"@graph\":[{\"@type\":\"Article\",\"@id\":\"https:\/\/www.aibi.it\/coopaibc\/unesperienza-indimenticabile-il-mio-tirocinio-a-villa-capitanio\/#article\",\"isPartOf\":{\"@id\":\"https:\/\/www.aibi.it\/coopaibc\/unesperienza-indimenticabile-il-mio-tirocinio-a-villa-capitanio\/\"},\"author\":{\"name\":\"mariaS\",\"@id\":\"https:\/\/www.aibi.it\/coopaibc\/#\/schema\/person\/20c35acf37410bdb55edad4e6aa0ff7c\"},\"headline\":\"Un&#8217;esperienza indimenticabile: il mio tirocinio a villa Capitanio\",\"datePublished\":\"2021-01-14T14:48:28+00:00\",\"mainEntityOfPage\":{\"@id\":\"https:\/\/www.aibi.it\/coopaibc\/unesperienza-indimenticabile-il-mio-tirocinio-a-villa-capitanio\/\"},\"wordCount\":1195,\"commentCount\":0,\"publisher\":{\"@id\":\"https:\/\/www.aibi.it\/coopaibc\/#organization\"},\"image\":{\"@id\":\"https:\/\/www.aibi.it\/coopaibc\/unesperienza-indimenticabile-il-mio-tirocinio-a-villa-capitanio\/#primaryimage\"},\"thumbnailUrl\":\"https:\/\/www.aibi.it\/coopaibc\/wp-content\/uploads\/2021\/01\/aiuto.png\",\"keywords\":[\"operatori\"],\"articleSection\":[\"News\"],\"inLanguage\":\"it-IT\",\"potentialAction\":[{\"@type\":\"CommentAction\",\"name\":\"Comment\",\"target\":[\"https:\/\/www.aibi.it\/coopaibc\/unesperienza-indimenticabile-il-mio-tirocinio-a-villa-capitanio\/#respond\"]}]},{\"@type\":\"WebPage\",\"@id\":\"https:\/\/www.aibi.it\/coopaibc\/unesperienza-indimenticabile-il-mio-tirocinio-a-villa-capitanio\/\",\"url\":\"https:\/\/www.aibi.it\/coopaibc\/unesperienza-indimenticabile-il-mio-tirocinio-a-villa-capitanio\/\",\"name\":\"Un'esperienza indimenticabile: il mio tirocinio a villa Capitanio - AIBC\",\"isPartOf\":{\"@id\":\"https:\/\/www.aibi.it\/coopaibc\/#website\"},\"primaryImageOfPage\":{\"@id\":\"https:\/\/www.aibi.it\/coopaibc\/unesperienza-indimenticabile-il-mio-tirocinio-a-villa-capitanio\/#primaryimage\"},\"image\":{\"@id\":\"https:\/\/www.aibi.it\/coopaibc\/unesperienza-indimenticabile-il-mio-tirocinio-a-villa-capitanio\/#primaryimage\"},\"thumbnailUrl\":\"https:\/\/www.aibi.it\/coopaibc\/wp-content\/uploads\/2021\/01\/aiuto.png\",\"datePublished\":\"2021-01-14T14:48:28+00:00\",\"breadcrumb\":{\"@id\":\"https:\/\/www.aibi.it\/coopaibc\/unesperienza-indimenticabile-il-mio-tirocinio-a-villa-capitanio\/#breadcrumb\"},\"inLanguage\":\"it-IT\",\"potentialAction\":[{\"@type\":\"ReadAction\",\"target\":[\"https:\/\/www.aibi.it\/coopaibc\/unesperienza-indimenticabile-il-mio-tirocinio-a-villa-capitanio\/\"]}]},{\"@type\":\"ImageObject\",\"inLanguage\":\"it-IT\",\"@id\":\"https:\/\/www.aibi.it\/coopaibc\/unesperienza-indimenticabile-il-mio-tirocinio-a-villa-capitanio\/#primaryimage\",\"url\":\"https:\/\/www.aibi.it\/coopaibc\/wp-content\/uploads\/2021\/01\/aiuto.png\",\"contentUrl\":\"https:\/\/www.aibi.it\/coopaibc\/wp-content\/uploads\/2021\/01\/aiuto.png\",\"width\":1200,\"height\":630},{\"@type\":\"BreadcrumbList\",\"@id\":\"https:\/\/www.aibi.it\/coopaibc\/unesperienza-indimenticabile-il-mio-tirocinio-a-villa-capitanio\/#breadcrumb\",\"itemListElement\":[{\"@type\":\"ListItem\",\"position\":1,\"name\":\"Home\",\"item\":\"https:\/\/www.aibi.it\/coopaibc\/\"},{\"@type\":\"ListItem\",\"position\":2,\"name\":\"Un&#8217;esperienza indimenticabile: il mio tirocinio a villa Capitanio\"}]},{\"@type\":\"WebSite\",\"@id\":\"https:\/\/www.aibi.it\/coopaibc\/#website\",\"url\":\"https:\/\/www.aibi.it\/coopaibc\/\",\"name\":\"AIBC\",\"description\":\"Cooperativa Sociale\",\"publisher\":{\"@id\":\"https:\/\/www.aibi.it\/coopaibc\/#organization\"},\"potentialAction\":[{\"@type\":\"SearchAction\",\"target\":{\"@type\":\"EntryPoint\",\"urlTemplate\":\"https:\/\/www.aibi.it\/coopaibc\/?s={search_term_string}\"},\"query-input\":{\"@type\":\"PropertyValueSpecification\",\"valueRequired\":true,\"valueName\":\"search_term_string\"}}],\"inLanguage\":\"it-IT\"},{\"@type\":\"Organization\",\"@id\":\"https:\/\/www.aibi.it\/coopaibc\/#organization\",\"name\":\"AIBC\",\"url\":\"https:\/\/www.aibi.it\/coopaibc\/\",\"logo\":{\"@type\":\"ImageObject\",\"inLanguage\":\"it-IT\",\"@id\":\"https:\/\/www.aibi.it\/coopaibc\/#\/schema\/logo\/image\/\",\"url\":\"https:\/\/www.aibi.it\/coopaibc\/wp-content\/uploads\/2016\/11\/cropped-logo-aibc-arancio-neg-150-1.png\",\"contentUrl\":\"https:\/\/www.aibi.it\/coopaibc\/wp-content\/uploads\/2016\/11\/cropped-logo-aibc-arancio-neg-150-1.png\",\"width\":150,\"height\":88,\"caption\":\"AIBC\"},\"image\":{\"@id\":\"https:\/\/www.aibi.it\/coopaibc\/#\/schema\/logo\/image\/\"}},{\"@type\":\"Person\",\"@id\":\"https:\/\/www.aibi.it\/coopaibc\/#\/schema\/person\/20c35acf37410bdb55edad4e6aa0ff7c\",\"name\":\"mariaS\",\"image\":{\"@type\":\"ImageObject\",\"inLanguage\":\"it-IT\",\"@id\":\"https:\/\/www.aibi.it\/coopaibc\/#\/schema\/person\/image\/\",\"url\":\"https:\/\/secure.gravatar.com\/avatar\/2cc649c1b18c2525711df2229be1bec404547cf030008c81a2f6b37f5287aaab?s=96&d=mm&r=g\",\"contentUrl\":\"https:\/\/secure.gravatar.com\/avatar\/2cc649c1b18c2525711df2229be1bec404547cf030008c81a2f6b37f5287aaab?s=96&d=mm&r=g\",\"caption\":\"mariaS\"},\"url\":\"https:\/\/www.aibi.it\/coopaibc\/author\/marias\/\"}]}<\/script>\n<!-- \/ Yoast SEO plugin. -->","yoast_head_json":{"title":"Un'esperienza indimenticabile: il mio tirocinio a villa Capitanio - AIBC","robots":{"index":"index","follow":"follow","max-snippet":"max-snippet:-1","max-image-preview":"max-image-preview:large","max-video-preview":"max-video-preview:-1"},"canonical":"https:\/\/www.aibi.it\/coopaibc\/unesperienza-indimenticabile-il-mio-tirocinio-a-villa-capitanio\/","og_locale":"it_IT","og_type":"article","og_title":"Un'esperienza indimenticabile: il mio tirocinio a villa Capitanio - AIBC","og_description":"Mi ero posta un sacco di domande: &ldquo;Mi prenderanno mai in considerazione o la mia et&agrave; sar&agrave; un limite per me e per loro? Riuscir&ograve; a trovare da questa esperienza lavorativa la mia strada?&rdquo;&nbsp;ma poi&hellip; &nbsp;Sono una&nbsp;studentessa del terzo anno di Scienze dell&rsquo;educazione e della formazione&nbsp;dell&rsquo;Universit&agrave; Cattolica del Sacro Cuore [&hellip;]","og_url":"https:\/\/www.aibi.it\/coopaibc\/unesperienza-indimenticabile-il-mio-tirocinio-a-villa-capitanio\/","og_site_name":"AIBC","article_published_time":"2021-01-14T14:48:28+00:00","og_image":[{"width":1200,"height":630,"url":"https:\/\/www.aibi.it\/coopaibc\/wp-content\/uploads\/2021\/01\/aiuto.png","type":"image\/png"}],"author":"mariaS","twitter_card":"summary_large_image","twitter_misc":{"Scritto da":"mariaS","Tempo di lettura stimato":"6 minuti"},"schema":{"@context":"https:\/\/schema.org","@graph":[{"@type":"Article","@id":"https:\/\/www.aibi.it\/coopaibc\/unesperienza-indimenticabile-il-mio-tirocinio-a-villa-capitanio\/#article","isPartOf":{"@id":"https:\/\/www.aibi.it\/coopaibc\/unesperienza-indimenticabile-il-mio-tirocinio-a-villa-capitanio\/"},"author":{"name":"mariaS","@id":"https:\/\/www.aibi.it\/coopaibc\/#\/schema\/person\/20c35acf37410bdb55edad4e6aa0ff7c"},"headline":"Un&#8217;esperienza indimenticabile: il mio tirocinio a villa Capitanio","datePublished":"2021-01-14T14:48:28+00:00","mainEntityOfPage":{"@id":"https:\/\/www.aibi.it\/coopaibc\/unesperienza-indimenticabile-il-mio-tirocinio-a-villa-capitanio\/"},"wordCount":1195,"commentCount":0,"publisher":{"@id":"https:\/\/www.aibi.it\/coopaibc\/#organization"},"image":{"@id":"https:\/\/www.aibi.it\/coopaibc\/unesperienza-indimenticabile-il-mio-tirocinio-a-villa-capitanio\/#primaryimage"},"thumbnailUrl":"https:\/\/www.aibi.it\/coopaibc\/wp-content\/uploads\/2021\/01\/aiuto.png","keywords":["operatori"],"articleSection":["News"],"inLanguage":"it-IT","potentialAction":[{"@type":"CommentAction","name":"Comment","target":["https:\/\/www.aibi.it\/coopaibc\/unesperienza-indimenticabile-il-mio-tirocinio-a-villa-capitanio\/#respond"]}]},{"@type":"WebPage","@id":"https:\/\/www.aibi.it\/coopaibc\/unesperienza-indimenticabile-il-mio-tirocinio-a-villa-capitanio\/","url":"https:\/\/www.aibi.it\/coopaibc\/unesperienza-indimenticabile-il-mio-tirocinio-a-villa-capitanio\/","name":"Un'esperienza indimenticabile: il mio tirocinio a villa Capitanio - AIBC","isPartOf":{"@id":"https:\/\/www.aibi.it\/coopaibc\/#website"},"primaryImageOfPage":{"@id":"https:\/\/www.aibi.it\/coopaibc\/unesperienza-indimenticabile-il-mio-tirocinio-a-villa-capitanio\/#primaryimage"},"image":{"@id":"https:\/\/www.aibi.it\/coopaibc\/unesperienza-indimenticabile-il-mio-tirocinio-a-villa-capitanio\/#primaryimage"},"thumbnailUrl":"https:\/\/www.aibi.it\/coopaibc\/wp-content\/uploads\/2021\/01\/aiuto.png","datePublished":"2021-01-14T14:48:28+00:00","breadcrumb":{"@id":"https:\/\/www.aibi.it\/coopaibc\/unesperienza-indimenticabile-il-mio-tirocinio-a-villa-capitanio\/#breadcrumb"},"inLanguage":"it-IT","potentialAction":[{"@type":"ReadAction","target":["https:\/\/www.aibi.it\/coopaibc\/unesperienza-indimenticabile-il-mio-tirocinio-a-villa-capitanio\/"]}]},{"@type":"ImageObject","inLanguage":"it-IT","@id":"https:\/\/www.aibi.it\/coopaibc\/unesperienza-indimenticabile-il-mio-tirocinio-a-villa-capitanio\/#primaryimage","url":"https:\/\/www.aibi.it\/coopaibc\/wp-content\/uploads\/2021\/01\/aiuto.png","contentUrl":"https:\/\/www.aibi.it\/coopaibc\/wp-content\/uploads\/2021\/01\/aiuto.png","width":1200,"height":630},{"@type":"BreadcrumbList","@id":"https:\/\/www.aibi.it\/coopaibc\/unesperienza-indimenticabile-il-mio-tirocinio-a-villa-capitanio\/#breadcrumb","itemListElement":[{"@type":"ListItem","position":1,"name":"Home","item":"https:\/\/www.aibi.it\/coopaibc\/"},{"@type":"ListItem","position":2,"name":"Un&#8217;esperienza indimenticabile: il mio tirocinio a villa Capitanio"}]},{"@type":"WebSite","@id":"https:\/\/www.aibi.it\/coopaibc\/#website","url":"https:\/\/www.aibi.it\/coopaibc\/","name":"AIBC","description":"Cooperativa Sociale","publisher":{"@id":"https:\/\/www.aibi.it\/coopaibc\/#organization"},"potentialAction":[{"@type":"SearchAction","target":{"@type":"EntryPoint","urlTemplate":"https:\/\/www.aibi.it\/coopaibc\/?s={search_term_string}"},"query-input":{"@type":"PropertyValueSpecification","valueRequired":true,"valueName":"search_term_string"}}],"inLanguage":"it-IT"},{"@type":"Organization","@id":"https:\/\/www.aibi.it\/coopaibc\/#organization","name":"AIBC","url":"https:\/\/www.aibi.it\/coopaibc\/","logo":{"@type":"ImageObject","inLanguage":"it-IT","@id":"https:\/\/www.aibi.it\/coopaibc\/#\/schema\/logo\/image\/","url":"https:\/\/www.aibi.it\/coopaibc\/wp-content\/uploads\/2016\/11\/cropped-logo-aibc-arancio-neg-150-1.png","contentUrl":"https:\/\/www.aibi.it\/coopaibc\/wp-content\/uploads\/2016\/11\/cropped-logo-aibc-arancio-neg-150-1.png","width":150,"height":88,"caption":"AIBC"},"image":{"@id":"https:\/\/www.aibi.it\/coopaibc\/#\/schema\/logo\/image\/"}},{"@type":"Person","@id":"https:\/\/www.aibi.it\/coopaibc\/#\/schema\/person\/20c35acf37410bdb55edad4e6aa0ff7c","name":"mariaS","image":{"@type":"ImageObject","inLanguage":"it-IT","@id":"https:\/\/www.aibi.it\/coopaibc\/#\/schema\/person\/image\/","url":"https:\/\/secure.gravatar.com\/avatar\/2cc649c1b18c2525711df2229be1bec404547cf030008c81a2f6b37f5287aaab?s=96&d=mm&r=g","contentUrl":"https:\/\/secure.gravatar.com\/avatar\/2cc649c1b18c2525711df2229be1bec404547cf030008c81a2f6b37f5287aaab?s=96&d=mm&r=g","caption":"mariaS"},"url":"https:\/\/www.aibi.it\/coopaibc\/author\/marias\/"}]}},"_links":{"self":[{"href":"https:\/\/www.aibi.it\/coopaibc\/wp-json\/wp\/v2\/posts\/2239","targetHints":{"allow":["GET"]}}],"collection":[{"href":"https:\/\/www.aibi.it\/coopaibc\/wp-json\/wp\/v2\/posts"}],"about":[{"href":"https:\/\/www.aibi.it\/coopaibc\/wp-json\/wp\/v2\/types\/post"}],"author":[{"embeddable":true,"href":"https:\/\/www.aibi.it\/coopaibc\/wp-json\/wp\/v2\/users\/4"}],"replies":[{"embeddable":true,"href":"https:\/\/www.aibi.it\/coopaibc\/wp-json\/wp\/v2\/comments?post=2239"}],"version-history":[{"count":1,"href":"https:\/\/www.aibi.it\/coopaibc\/wp-json\/wp\/v2\/posts\/2239\/revisions"}],"predecessor-version":[{"id":2241,"href":"https:\/\/www.aibi.it\/coopaibc\/wp-json\/wp\/v2\/posts\/2239\/revisions\/2241"}],"wp:featuredmedia":[{"embeddable":true,"href":"https:\/\/www.aibi.it\/coopaibc\/wp-json\/wp\/v2\/media\/2240"}],"wp:attachment":[{"href":"https:\/\/www.aibi.it\/coopaibc\/wp-json\/wp\/v2\/media?parent=2239"}],"wp:term":[{"taxonomy":"category","embeddable":true,"href":"https:\/\/www.aibi.it\/coopaibc\/wp-json\/wp\/v2\/categories?post=2239"},{"taxonomy":"post_tag","embeddable":true,"href":"https:\/\/www.aibi.it\/coopaibc\/wp-json\/wp\/v2\/tags?post=2239"}],"curies":[{"name":"wp","href":"https:\/\/api.w.org\/{rel}","templated":true}]}}