{"id":2279,"date":"2021-01-30T15:01:39","date_gmt":"2021-01-30T14:01:39","guid":{"rendered":"https:\/\/www.aibi.it\/coopaibc\/?p=2279"},"modified":"2021-01-30T15:04:22","modified_gmt":"2021-01-30T14:04:22","slug":"dopo-la-bimba-morta-a-palermo-nel-mirino-del-garante-della-privacy-anche-facebook","status":"publish","type":"post","link":"https:\/\/www.aibi.it\/coopaibc\/dopo-la-bimba-morta-a-palermo-nel-mirino-del-garante-della-privacy-anche-facebook\/","title":{"rendered":"Dopo la bimba morta a Palermo nel mirino del Garante della Privacy anche Facebook"},"content":{"rendered":"<h2 style=\"font-weight: 400;\"><strong>L\u2019Autorit\u00e0 Garante della Privacy ha aperto un fascicolo riguardante Facebook e Instagram dove la bambina palermitana possedeva pi\u00f9 profili. Il social ha 15 giorni di tempo per rispondere.<\/strong><\/h2>\n<p style=\"font-weight: 400;\"><strong>\u00a0<\/strong><\/p>\n<p style=\"font-weight: 400;\">Dopo il caso della\u00a0<strong>bimba di 10 anni<\/strong>\u00a0morta per un\u2019assurda competizione sul social\u00a0<strong>Tik Tok,\u00a0<\/strong>il Garante della Privacy vuole vederci chiaro.<\/p>\n<p style=\"font-weight: 400;\">Prima ha ordinato al social il blocco immediato dell\u2019uso dei dati degli utenti per i quali non sia stata accertata con sicurezza l\u2019et\u00e0 anagrafica fino al 15 febbraio ed ora ha aperto <strong>un fascicolo riguardante Facebook e Instagram<\/strong>\u00a0dove la bambina palermitana possedeva pi\u00f9 profili.<\/p>\n<p style=\"font-weight: 400;\">In particolare l\u2019Autorit\u00e0 ha chiesto a Facebook, che controlla anche Instagram, di fornire una serie di informazioni, a partire da\u00a0<strong>quanti e quali profili avesse la minore<\/strong>, spiega la nota del Garante e\u00a0<strong>come sia stato possibile,<\/strong> per una minore di 10 anni, iscriversi alle due piattaforme. Ricordiamo infatti che inItalia i\u00a0<strong>minori di 14 anni<\/strong>\u00a0non possono acconsentire al trattamento dei propri dati personali. Dovranno essere i genitori a prendersi tale responsabilit\u00e0.<\/p>\n<p style=\"font-weight: 400;\">L\u2019Autorit\u00e0 Garante della Privacy ha poi richiesto al social di spiegare in maniera chiara le modalit\u00e0 di iscrizione ai due social e le\u00a0<strong>verifiche dell\u2019et\u00e0<\/strong>\u00a0dell\u2019utente adottate per controllare il rispetto dell\u2019et\u00e0 minima.<\/p>\n<p style=\"font-weight: 400;\">Facebook dovr\u00e0 dare riscontro al Garante entro 15 giorni.<\/p>\n<p style=\"font-weight: 400;\">Il social dal canto suo\u00a0<strong>ha assicurato piena collaborazione<\/strong>\u00a0con l\u2019Autorit\u00e0 si legge su\u00a0<strong>Repubblica<\/strong>: &#8220;<em>In questo tragico momento, le nostre pi\u00f9 sentite condoglianze vanno alla famiglia della bambina. Sicurezza e privacy sono le pi\u00f9 grandi priorit\u00e0 per Facebook e Instagram. Collaboreremo pienamente con l&#8217;Autorit\u00e0 Garante per la Privacy&#8221;.<\/em><\/p>\n<p style=\"font-weight: 400;\">\n","protected":false},"excerpt":{"rendered":"<p>L&rsquo;Autorit&agrave; Garante della Privacy ha aperto un fascicolo riguardante Facebook e Instagram dove la bambina palermitana possedeva pi&ugrave; profili. Il social ha 15 giorni di tempo per rispondere. &nbsp; Dopo il caso della&nbsp;bimba di 10 anni&nbsp;morta per un&rsquo;assurda competizione sul social&nbsp;Tik Tok,&nbsp;il Garante della Privacy vuole vederci chiaro. Prima ha [&hellip;]<\/p>\n","protected":false},"author":4,"featured_media":2280,"comment_status":"open","ping_status":"open","sticky":false,"template":"","format":"standard","meta":{"footnotes":""},"categories":[1],"tags":[11],"class_list":{"0":"post-2279","1":"post","2":"type-post","3":"status-publish","4":"format-standard","5":"has-post-thumbnail","7":"category-news","8":"tag-famiglia"},"yoast_head":"<!-- This site is optimized with the Yoast SEO plugin v26.1.1 - https:\/\/yoast.com\/wordpress\/plugins\/seo\/ -->\n<title>Dopo la bimba morta a Palermo nel mirino del Garante della Privacy anche Facebook - AIBC<\/title>\n<meta name=\"robots\" content=\"index, follow, max-snippet:-1, max-image-preview:large, max-video-preview:-1\" \/>\n<link rel=\"canonical\" href=\"https:\/\/www.aibi.it\/coopaibc\/dopo-la-bimba-morta-a-palermo-nel-mirino-del-garante-della-privacy-anche-facebook\/\" \/>\n<meta property=\"og:locale\" content=\"it_IT\" \/>\n<meta property=\"og:type\" content=\"article\" \/>\n<meta property=\"og:title\" content=\"Dopo la bimba morta a Palermo nel mirino del Garante della Privacy anche Facebook - AIBC\" \/>\n<meta property=\"og:description\" content=\"L&rsquo;Autorit&agrave; Garante della Privacy ha aperto un fascicolo riguardante Facebook e Instagram dove la bambina palermitana possedeva pi&ugrave; profili. Il social ha 15 giorni di tempo per rispondere. &nbsp; Dopo il caso della&nbsp;bimba di 10 anni&nbsp;morta per un&rsquo;assurda competizione sul social&nbsp;Tik Tok,&nbsp;il Garante della Privacy vuole vederci chiaro. Prima ha [&hellip;]\" \/>\n<meta property=\"og:url\" content=\"https:\/\/www.aibi.it\/coopaibc\/dopo-la-bimba-morta-a-palermo-nel-mirino-del-garante-della-privacy-anche-facebook\/\" \/>\n<meta property=\"og:site_name\" content=\"AIBC\" \/>\n<meta property=\"article:published_time\" content=\"2021-01-30T14:01:39+00:00\" \/>\n<meta property=\"article:modified_time\" content=\"2021-01-30T14:04:22+00:00\" \/>\n<meta property=\"og:image\" content=\"https:\/\/www.aibi.it\/coopaibc\/wp-content\/uploads\/2021\/01\/social-1.jpg\" \/>\n\t<meta property=\"og:image:width\" content=\"1200\" \/>\n\t<meta property=\"og:image:height\" content=\"630\" \/>\n\t<meta property=\"og:image:type\" content=\"image\/jpeg\" \/>\n<meta name=\"author\" content=\"mariaS\" \/>\n<meta name=\"twitter:card\" content=\"summary_large_image\" \/>\n<meta name=\"twitter:label1\" content=\"Scritto da\" \/>\n\t<meta name=\"twitter:data1\" content=\"mariaS\" \/>\n\t<meta name=\"twitter:label2\" content=\"Tempo di lettura stimato\" \/>\n\t<meta name=\"twitter:data2\" content=\"2 minuti\" \/>\n<script type=\"application\/ld+json\" class=\"yoast-schema-graph\">{\"@context\":\"https:\/\/schema.org\",\"@graph\":[{\"@type\":\"Article\",\"@id\":\"https:\/\/www.aibi.it\/coopaibc\/dopo-la-bimba-morta-a-palermo-nel-mirino-del-garante-della-privacy-anche-facebook\/#article\",\"isPartOf\":{\"@id\":\"https:\/\/www.aibi.it\/coopaibc\/dopo-la-bimba-morta-a-palermo-nel-mirino-del-garante-della-privacy-anche-facebook\/\"},\"author\":{\"name\":\"mariaS\",\"@id\":\"https:\/\/www.aibi.it\/coopaibc\/#\/schema\/person\/20c35acf37410bdb55edad4e6aa0ff7c\"},\"headline\":\"Dopo la bimba morta a Palermo nel mirino del Garante della Privacy anche Facebook\",\"datePublished\":\"2021-01-30T14:01:39+00:00\",\"dateModified\":\"2021-01-30T14:04:22+00:00\",\"mainEntityOfPage\":{\"@id\":\"https:\/\/www.aibi.it\/coopaibc\/dopo-la-bimba-morta-a-palermo-nel-mirino-del-garante-della-privacy-anche-facebook\/\"},\"wordCount\":278,\"commentCount\":0,\"publisher\":{\"@id\":\"https:\/\/www.aibi.it\/coopaibc\/#organization\"},\"image\":{\"@id\":\"https:\/\/www.aibi.it\/coopaibc\/dopo-la-bimba-morta-a-palermo-nel-mirino-del-garante-della-privacy-anche-facebook\/#primaryimage\"},\"thumbnailUrl\":\"https:\/\/www.aibi.it\/coopaibc\/wp-content\/uploads\/2021\/01\/social-1.jpg\",\"keywords\":[\"famiglia\"],\"articleSection\":[\"News\"],\"inLanguage\":\"it-IT\",\"potentialAction\":[{\"@type\":\"CommentAction\",\"name\":\"Comment\",\"target\":[\"https:\/\/www.aibi.it\/coopaibc\/dopo-la-bimba-morta-a-palermo-nel-mirino-del-garante-della-privacy-anche-facebook\/#respond\"]}]},{\"@type\":\"WebPage\",\"@id\":\"https:\/\/www.aibi.it\/coopaibc\/dopo-la-bimba-morta-a-palermo-nel-mirino-del-garante-della-privacy-anche-facebook\/\",\"url\":\"https:\/\/www.aibi.it\/coopaibc\/dopo-la-bimba-morta-a-palermo-nel-mirino-del-garante-della-privacy-anche-facebook\/\",\"name\":\"Dopo la bimba morta a Palermo nel mirino del Garante della Privacy anche Facebook - AIBC\",\"isPartOf\":{\"@id\":\"https:\/\/www.aibi.it\/coopaibc\/#website\"},\"primaryImageOfPage\":{\"@id\":\"https:\/\/www.aibi.it\/coopaibc\/dopo-la-bimba-morta-a-palermo-nel-mirino-del-garante-della-privacy-anche-facebook\/#primaryimage\"},\"image\":{\"@id\":\"https:\/\/www.aibi.it\/coopaibc\/dopo-la-bimba-morta-a-palermo-nel-mirino-del-garante-della-privacy-anche-facebook\/#primaryimage\"},\"thumbnailUrl\":\"https:\/\/www.aibi.it\/coopaibc\/wp-content\/uploads\/2021\/01\/social-1.jpg\",\"datePublished\":\"2021-01-30T14:01:39+00:00\",\"dateModified\":\"2021-01-30T14:04:22+00:00\",\"breadcrumb\":{\"@id\":\"https:\/\/www.aibi.it\/coopaibc\/dopo-la-bimba-morta-a-palermo-nel-mirino-del-garante-della-privacy-anche-facebook\/#breadcrumb\"},\"inLanguage\":\"it-IT\",\"potentialAction\":[{\"@type\":\"ReadAction\",\"target\":[\"https:\/\/www.aibi.it\/coopaibc\/dopo-la-bimba-morta-a-palermo-nel-mirino-del-garante-della-privacy-anche-facebook\/\"]}]},{\"@type\":\"ImageObject\",\"inLanguage\":\"it-IT\",\"@id\":\"https:\/\/www.aibi.it\/coopaibc\/dopo-la-bimba-morta-a-palermo-nel-mirino-del-garante-della-privacy-anche-facebook\/#primaryimage\",\"url\":\"https:\/\/www.aibi.it\/coopaibc\/wp-content\/uploads\/2021\/01\/social-1.jpg\",\"contentUrl\":\"https:\/\/www.aibi.it\/coopaibc\/wp-content\/uploads\/2021\/01\/social-1.jpg\",\"width\":1200,\"height\":630},{\"@type\":\"BreadcrumbList\",\"@id\":\"https:\/\/www.aibi.it\/coopaibc\/dopo-la-bimba-morta-a-palermo-nel-mirino-del-garante-della-privacy-anche-facebook\/#breadcrumb\",\"itemListElement\":[{\"@type\":\"ListItem\",\"position\":1,\"name\":\"Home\",\"item\":\"https:\/\/www.aibi.it\/coopaibc\/\"},{\"@type\":\"ListItem\",\"position\":2,\"name\":\"Dopo la bimba morta a Palermo nel mirino del Garante della Privacy anche Facebook\"}]},{\"@type\":\"WebSite\",\"@id\":\"https:\/\/www.aibi.it\/coopaibc\/#website\",\"url\":\"https:\/\/www.aibi.it\/coopaibc\/\",\"name\":\"AIBC\",\"description\":\"Cooperativa Sociale\",\"publisher\":{\"@id\":\"https:\/\/www.aibi.it\/coopaibc\/#organization\"},\"potentialAction\":[{\"@type\":\"SearchAction\",\"target\":{\"@type\":\"EntryPoint\",\"urlTemplate\":\"https:\/\/www.aibi.it\/coopaibc\/?s={search_term_string}\"},\"query-input\":{\"@type\":\"PropertyValueSpecification\",\"valueRequired\":true,\"valueName\":\"search_term_string\"}}],\"inLanguage\":\"it-IT\"},{\"@type\":\"Organization\",\"@id\":\"https:\/\/www.aibi.it\/coopaibc\/#organization\",\"name\":\"AIBC\",\"url\":\"https:\/\/www.aibi.it\/coopaibc\/\",\"logo\":{\"@type\":\"ImageObject\",\"inLanguage\":\"it-IT\",\"@id\":\"https:\/\/www.aibi.it\/coopaibc\/#\/schema\/logo\/image\/\",\"url\":\"https:\/\/www.aibi.it\/coopaibc\/wp-content\/uploads\/2016\/11\/cropped-logo-aibc-arancio-neg-150-1.png\",\"contentUrl\":\"https:\/\/www.aibi.it\/coopaibc\/wp-content\/uploads\/2016\/11\/cropped-logo-aibc-arancio-neg-150-1.png\",\"width\":150,\"height\":88,\"caption\":\"AIBC\"},\"image\":{\"@id\":\"https:\/\/www.aibi.it\/coopaibc\/#\/schema\/logo\/image\/\"}},{\"@type\":\"Person\",\"@id\":\"https:\/\/www.aibi.it\/coopaibc\/#\/schema\/person\/20c35acf37410bdb55edad4e6aa0ff7c\",\"name\":\"mariaS\",\"image\":{\"@type\":\"ImageObject\",\"inLanguage\":\"it-IT\",\"@id\":\"https:\/\/www.aibi.it\/coopaibc\/#\/schema\/person\/image\/\",\"url\":\"https:\/\/secure.gravatar.com\/avatar\/2cc649c1b18c2525711df2229be1bec404547cf030008c81a2f6b37f5287aaab?s=96&d=mm&r=g\",\"contentUrl\":\"https:\/\/secure.gravatar.com\/avatar\/2cc649c1b18c2525711df2229be1bec404547cf030008c81a2f6b37f5287aaab?s=96&d=mm&r=g\",\"caption\":\"mariaS\"},\"url\":\"https:\/\/www.aibi.it\/coopaibc\/author\/marias\/\"}]}<\/script>\n<!-- \/ Yoast SEO plugin. -->","yoast_head_json":{"title":"Dopo la bimba morta a Palermo nel mirino del Garante della Privacy anche Facebook - AIBC","robots":{"index":"index","follow":"follow","max-snippet":"max-snippet:-1","max-image-preview":"max-image-preview:large","max-video-preview":"max-video-preview:-1"},"canonical":"https:\/\/www.aibi.it\/coopaibc\/dopo-la-bimba-morta-a-palermo-nel-mirino-del-garante-della-privacy-anche-facebook\/","og_locale":"it_IT","og_type":"article","og_title":"Dopo la bimba morta a Palermo nel mirino del Garante della Privacy anche Facebook - AIBC","og_description":"L&rsquo;Autorit&agrave; Garante della Privacy ha aperto un fascicolo riguardante Facebook e Instagram dove la bambina palermitana possedeva pi&ugrave; profili. Il social ha 15 giorni di tempo per rispondere. &nbsp; Dopo il caso della&nbsp;bimba di 10 anni&nbsp;morta per un&rsquo;assurda competizione sul social&nbsp;Tik Tok,&nbsp;il Garante della Privacy vuole vederci chiaro. Prima ha [&hellip;]","og_url":"https:\/\/www.aibi.it\/coopaibc\/dopo-la-bimba-morta-a-palermo-nel-mirino-del-garante-della-privacy-anche-facebook\/","og_site_name":"AIBC","article_published_time":"2021-01-30T14:01:39+00:00","article_modified_time":"2021-01-30T14:04:22+00:00","og_image":[{"width":1200,"height":630,"url":"https:\/\/www.aibi.it\/coopaibc\/wp-content\/uploads\/2021\/01\/social-1.jpg","type":"image\/jpeg"}],"author":"mariaS","twitter_card":"summary_large_image","twitter_misc":{"Scritto da":"mariaS","Tempo di lettura stimato":"2 minuti"},"schema":{"@context":"https:\/\/schema.org","@graph":[{"@type":"Article","@id":"https:\/\/www.aibi.it\/coopaibc\/dopo-la-bimba-morta-a-palermo-nel-mirino-del-garante-della-privacy-anche-facebook\/#article","isPartOf":{"@id":"https:\/\/www.aibi.it\/coopaibc\/dopo-la-bimba-morta-a-palermo-nel-mirino-del-garante-della-privacy-anche-facebook\/"},"author":{"name":"mariaS","@id":"https:\/\/www.aibi.it\/coopaibc\/#\/schema\/person\/20c35acf37410bdb55edad4e6aa0ff7c"},"headline":"Dopo la bimba morta a Palermo nel mirino del Garante della Privacy anche Facebook","datePublished":"2021-01-30T14:01:39+00:00","dateModified":"2021-01-30T14:04:22+00:00","mainEntityOfPage":{"@id":"https:\/\/www.aibi.it\/coopaibc\/dopo-la-bimba-morta-a-palermo-nel-mirino-del-garante-della-privacy-anche-facebook\/"},"wordCount":278,"commentCount":0,"publisher":{"@id":"https:\/\/www.aibi.it\/coopaibc\/#organization"},"image":{"@id":"https:\/\/www.aibi.it\/coopaibc\/dopo-la-bimba-morta-a-palermo-nel-mirino-del-garante-della-privacy-anche-facebook\/#primaryimage"},"thumbnailUrl":"https:\/\/www.aibi.it\/coopaibc\/wp-content\/uploads\/2021\/01\/social-1.jpg","keywords":["famiglia"],"articleSection":["News"],"inLanguage":"it-IT","potentialAction":[{"@type":"CommentAction","name":"Comment","target":["https:\/\/www.aibi.it\/coopaibc\/dopo-la-bimba-morta-a-palermo-nel-mirino-del-garante-della-privacy-anche-facebook\/#respond"]}]},{"@type":"WebPage","@id":"https:\/\/www.aibi.it\/coopaibc\/dopo-la-bimba-morta-a-palermo-nel-mirino-del-garante-della-privacy-anche-facebook\/","url":"https:\/\/www.aibi.it\/coopaibc\/dopo-la-bimba-morta-a-palermo-nel-mirino-del-garante-della-privacy-anche-facebook\/","name":"Dopo la bimba morta a Palermo nel mirino del Garante della Privacy anche Facebook - AIBC","isPartOf":{"@id":"https:\/\/www.aibi.it\/coopaibc\/#website"},"primaryImageOfPage":{"@id":"https:\/\/www.aibi.it\/coopaibc\/dopo-la-bimba-morta-a-palermo-nel-mirino-del-garante-della-privacy-anche-facebook\/#primaryimage"},"image":{"@id":"https:\/\/www.aibi.it\/coopaibc\/dopo-la-bimba-morta-a-palermo-nel-mirino-del-garante-della-privacy-anche-facebook\/#primaryimage"},"thumbnailUrl":"https:\/\/www.aibi.it\/coopaibc\/wp-content\/uploads\/2021\/01\/social-1.jpg","datePublished":"2021-01-30T14:01:39+00:00","dateModified":"2021-01-30T14:04:22+00:00","breadcrumb":{"@id":"https:\/\/www.aibi.it\/coopaibc\/dopo-la-bimba-morta-a-palermo-nel-mirino-del-garante-della-privacy-anche-facebook\/#breadcrumb"},"inLanguage":"it-IT","potentialAction":[{"@type":"ReadAction","target":["https:\/\/www.aibi.it\/coopaibc\/dopo-la-bimba-morta-a-palermo-nel-mirino-del-garante-della-privacy-anche-facebook\/"]}]},{"@type":"ImageObject","inLanguage":"it-IT","@id":"https:\/\/www.aibi.it\/coopaibc\/dopo-la-bimba-morta-a-palermo-nel-mirino-del-garante-della-privacy-anche-facebook\/#primaryimage","url":"https:\/\/www.aibi.it\/coopaibc\/wp-content\/uploads\/2021\/01\/social-1.jpg","contentUrl":"https:\/\/www.aibi.it\/coopaibc\/wp-content\/uploads\/2021\/01\/social-1.jpg","width":1200,"height":630},{"@type":"BreadcrumbList","@id":"https:\/\/www.aibi.it\/coopaibc\/dopo-la-bimba-morta-a-palermo-nel-mirino-del-garante-della-privacy-anche-facebook\/#breadcrumb","itemListElement":[{"@type":"ListItem","position":1,"name":"Home","item":"https:\/\/www.aibi.it\/coopaibc\/"},{"@type":"ListItem","position":2,"name":"Dopo la bimba morta a Palermo nel mirino del Garante della Privacy anche Facebook"}]},{"@type":"WebSite","@id":"https:\/\/www.aibi.it\/coopaibc\/#website","url":"https:\/\/www.aibi.it\/coopaibc\/","name":"AIBC","description":"Cooperativa Sociale","publisher":{"@id":"https:\/\/www.aibi.it\/coopaibc\/#organization"},"potentialAction":[{"@type":"SearchAction","target":{"@type":"EntryPoint","urlTemplate":"https:\/\/www.aibi.it\/coopaibc\/?s={search_term_string}"},"query-input":{"@type":"PropertyValueSpecification","valueRequired":true,"valueName":"search_term_string"}}],"inLanguage":"it-IT"},{"@type":"Organization","@id":"https:\/\/www.aibi.it\/coopaibc\/#organization","name":"AIBC","url":"https:\/\/www.aibi.it\/coopaibc\/","logo":{"@type":"ImageObject","inLanguage":"it-IT","@id":"https:\/\/www.aibi.it\/coopaibc\/#\/schema\/logo\/image\/","url":"https:\/\/www.aibi.it\/coopaibc\/wp-content\/uploads\/2016\/11\/cropped-logo-aibc-arancio-neg-150-1.png","contentUrl":"https:\/\/www.aibi.it\/coopaibc\/wp-content\/uploads\/2016\/11\/cropped-logo-aibc-arancio-neg-150-1.png","width":150,"height":88,"caption":"AIBC"},"image":{"@id":"https:\/\/www.aibi.it\/coopaibc\/#\/schema\/logo\/image\/"}},{"@type":"Person","@id":"https:\/\/www.aibi.it\/coopaibc\/#\/schema\/person\/20c35acf37410bdb55edad4e6aa0ff7c","name":"mariaS","image":{"@type":"ImageObject","inLanguage":"it-IT","@id":"https:\/\/www.aibi.it\/coopaibc\/#\/schema\/person\/image\/","url":"https:\/\/secure.gravatar.com\/avatar\/2cc649c1b18c2525711df2229be1bec404547cf030008c81a2f6b37f5287aaab?s=96&d=mm&r=g","contentUrl":"https:\/\/secure.gravatar.com\/avatar\/2cc649c1b18c2525711df2229be1bec404547cf030008c81a2f6b37f5287aaab?s=96&d=mm&r=g","caption":"mariaS"},"url":"https:\/\/www.aibi.it\/coopaibc\/author\/marias\/"}]}},"_links":{"self":[{"href":"https:\/\/www.aibi.it\/coopaibc\/wp-json\/wp\/v2\/posts\/2279","targetHints":{"allow":["GET"]}}],"collection":[{"href":"https:\/\/www.aibi.it\/coopaibc\/wp-json\/wp\/v2\/posts"}],"about":[{"href":"https:\/\/www.aibi.it\/coopaibc\/wp-json\/wp\/v2\/types\/post"}],"author":[{"embeddable":true,"href":"https:\/\/www.aibi.it\/coopaibc\/wp-json\/wp\/v2\/users\/4"}],"replies":[{"embeddable":true,"href":"https:\/\/www.aibi.it\/coopaibc\/wp-json\/wp\/v2\/comments?post=2279"}],"version-history":[{"count":2,"href":"https:\/\/www.aibi.it\/coopaibc\/wp-json\/wp\/v2\/posts\/2279\/revisions"}],"predecessor-version":[{"id":2282,"href":"https:\/\/www.aibi.it\/coopaibc\/wp-json\/wp\/v2\/posts\/2279\/revisions\/2282"}],"wp:featuredmedia":[{"embeddable":true,"href":"https:\/\/www.aibi.it\/coopaibc\/wp-json\/wp\/v2\/media\/2280"}],"wp:attachment":[{"href":"https:\/\/www.aibi.it\/coopaibc\/wp-json\/wp\/v2\/media?parent=2279"}],"wp:term":[{"taxonomy":"category","embeddable":true,"href":"https:\/\/www.aibi.it\/coopaibc\/wp-json\/wp\/v2\/categories?post=2279"},{"taxonomy":"post_tag","embeddable":true,"href":"https:\/\/www.aibi.it\/coopaibc\/wp-json\/wp\/v2\/tags?post=2279"}],"curies":[{"name":"wp","href":"https:\/\/api.w.org\/{rel}","templated":true}]}}