{"id":2525,"date":"2021-04-11T08:00:12","date_gmt":"2021-04-11T06:00:12","guid":{"rendered":"https:\/\/www.aibi.it\/coopaibc\/?p=2525"},"modified":"2021-04-10T19:42:35","modified_gmt":"2021-04-10T17:42:35","slug":"puberta-precoce-nel-2020-casi-raddoppiati-sara-colpa-del-lockdown","status":"publish","type":"post","link":"https:\/\/www.aibi.it\/coopaibc\/puberta-precoce-nel-2020-casi-raddoppiati-sara-colpa-del-lockdown\/","title":{"rendered":"Pubert\u00e0 precoce. Nel 2020 casi raddoppiati. Sar\u00e0 colpa del lockdown?"},"content":{"rendered":"<h2 style=\"font-weight: 400;\"><strong>Da marzo a\u00a0settembre 2020, sono stati 224 i piccoli pazienti a presentare casi di \u201canticipo puberale o pubert\u00e0 precoce\u201d, per la precisione 215 bambine e 9 maschietti, nel 2019 erano stati 93.<\/strong><\/h2>\n<p style=\"font-weight: 400;\">Secondo uno studio effettuato dagli specialisti del reparto di Endocrinologia <a href=\"http:\/\/www.ospedalebambinogesu.it\/raddoppiati-i-casi-di-puberta-precoce-durante-il-lockdown#.YG_1dOgzbIU\" target=\"_blank\" rel=\"noopener noreferrer\">dell\u2019<strong>ospedale pediatrico romano Bambino Ges\u00f9<\/strong><\/a>, \u00e8 stato osservato, nei piccoli pazienti del nosocomio, un aumento esponenziale dei\u00a0<strong>casi di pubert\u00e0 anticipata o precoce.<\/strong><\/p>\n<p style=\"font-weight: 400;\">Lo studio, guidato dal professor\u00a0<strong>Marco Cappa<\/strong>\u00a0e pubblicato\u00a0<em>sull\u2019Italian Journal of Pediatric,<\/em>\u00a0mostra la sproporzione dei numeri rilevata nel 2020, anno in cui \u00e8 iniziata la pandemia da coronavirus ed il conseguente lockdown affiancato dal cambio di alcune importanti abitudini nello stile di vita, rispetto agli anni precedenti.<\/p>\n<p style=\"font-weight: 400;\">Secondo la ricerca infatti, nel periodo che va da\u00a0<strong>marzo a\u00a0settembre 2020<\/strong>, sono stati\u00a0<strong>224<\/strong>\u00a0i piccoli pazienti a presentare casi di \u201canticipo puberale o pubert\u00e0 precoce\u201d, per la precisione 215 bambine e 9 maschietti. Nello stesso periodo del 2019 i numeri erano stati nettamente inferiori, con 93 casi osservati in totale, di cui 87 femmine e 6 maschi.<\/p>\n<p style=\"font-weight: 400;\">Quando si parla di pubert\u00e0 precoce, si legge sulla pagina web dell\u2019ospedale pediatrico romano, si tengono in considerazione\u00a0<strong>minori al di sotto degli 8 anni di et\u00e0:<\/strong>\u00a0\u201c<em>per la precisione, nel 2019, l&#8217;et\u00e0 media si \u00e8 attestata per le bambine a 7,51 anni e a 7,97 nei maschi. Nel 2020, invece, le rilevazioni hanno segnato un&#8217;et\u00e0 media di 7,33 anni nelle bambine e di 8,14 nei maschi\u201d.<\/em><\/p>\n<p style=\"font-weight: 400;\">Tra i problemi che la produzione anticipata di ormoni sessuali pu\u00f2 comportare nei bambini vi pu\u00f2 essere quella di una accelerata crescita in altezza e di un\u2019anticipazione dello \u201csviluppo di ossa lunghe\u201d a cui per\u00f2 fa seguito, nell\u2019et\u00e0 adulta, una statura che potrebbe essere inferiore alla media.<\/p>\n<h3 style=\"font-weight: 400;\"><strong>Cosa c\u2019\u00e8 alla base della crescita del fenomeno?<\/strong><\/h3>\n<p style=\"font-weight: 400;\">Secondo gli esperti di endocrinologia del Bambino Ges\u00f9, alla base del fenomeno potrebbero collocarsi una \u201c<em>modifica di fattori coincidenti durante il lockdown:\u00a0<strong>modifiche dello stile di vita<\/strong>\u00a0(scarsa attivit\u00e0 fisica),\u00a0<strong>modifiche dell&#8217;alimentazione<\/strong>\u00a0(\u00e8 stato il momento in cui tutti si sono cimentati ai fornelli)\u00a0<strong>e l&#8217;uso prolungato di Pc e tablet<\/strong>\u00a0(per seguire la scuola a distanza)\u201d.<\/em><\/p>\n<p style=\"font-weight: 400;\">\u00c8 gi\u00e0 partita la seconda fase della ricerca che vedr\u00e0 questa volta coinvolti anche i centri di endocrinologia pediatrica di Genova, Cagliari e Napoli.<\/p>\n<p style=\"font-weight: 400;\">\n","protected":false},"excerpt":{"rendered":"<p>Da marzo a&nbsp;settembre 2020, sono stati 224 i piccoli pazienti a presentare casi di &ldquo;anticipo puberale o pubert&agrave; precoce&rdquo;, per la precisione 215 bambine e 9 maschietti, nel 2019 erano stati 93. Secondo uno studio effettuato dagli specialisti del reparto di Endocrinologia dell&rsquo;ospedale pediatrico romano Bambino Ges&ugrave;, &egrave; stato osservato, [&hellip;]<\/p>\n","protected":false},"author":4,"featured_media":2526,"comment_status":"open","ping_status":"open","sticky":false,"template":"","format":"standard","meta":{"footnotes":""},"categories":[1],"tags":[11],"class_list":{"0":"post-2525","1":"post","2":"type-post","3":"status-publish","4":"format-standard","5":"has-post-thumbnail","7":"category-news","8":"tag-famiglia"},"yoast_head":"<!-- This site is optimized with the Yoast SEO plugin v26.1.1 - https:\/\/yoast.com\/wordpress\/plugins\/seo\/ -->\n<title>Pubert\u00e0 precoce. Nel 2020 casi raddoppiati. Sar\u00e0 colpa del lockdown? - AIBC<\/title>\n<meta name=\"robots\" content=\"index, follow, max-snippet:-1, max-image-preview:large, max-video-preview:-1\" \/>\n<link rel=\"canonical\" href=\"https:\/\/www.aibi.it\/coopaibc\/puberta-precoce-nel-2020-casi-raddoppiati-sara-colpa-del-lockdown\/\" \/>\n<meta property=\"og:locale\" content=\"it_IT\" \/>\n<meta property=\"og:type\" content=\"article\" \/>\n<meta property=\"og:title\" content=\"Pubert\u00e0 precoce. Nel 2020 casi raddoppiati. Sar\u00e0 colpa del lockdown? - AIBC\" \/>\n<meta property=\"og:description\" content=\"Da marzo a&nbsp;settembre 2020, sono stati 224 i piccoli pazienti a presentare casi di &ldquo;anticipo puberale o pubert&agrave; precoce&rdquo;, per la precisione 215 bambine e 9 maschietti, nel 2019 erano stati 93. Secondo uno studio effettuato dagli specialisti del reparto di Endocrinologia dell&rsquo;ospedale pediatrico romano Bambino Ges&ugrave;, &egrave; stato osservato, [&hellip;]\" \/>\n<meta property=\"og:url\" content=\"https:\/\/www.aibi.it\/coopaibc\/puberta-precoce-nel-2020-casi-raddoppiati-sara-colpa-del-lockdown\/\" \/>\n<meta property=\"og:site_name\" content=\"AIBC\" \/>\n<meta property=\"article:published_time\" content=\"2021-04-11T06:00:12+00:00\" \/>\n<meta property=\"og:image\" content=\"https:\/\/www.aibi.it\/coopaibc\/wp-content\/uploads\/2021\/04\/bambina.jpg\" \/>\n\t<meta property=\"og:image:width\" content=\"1200\" \/>\n\t<meta property=\"og:image:height\" content=\"630\" \/>\n\t<meta property=\"og:image:type\" content=\"image\/jpeg\" \/>\n<meta name=\"author\" content=\"mariaS\" \/>\n<meta name=\"twitter:card\" content=\"summary_large_image\" \/>\n<meta name=\"twitter:label1\" content=\"Scritto da\" \/>\n\t<meta name=\"twitter:data1\" content=\"mariaS\" \/>\n\t<meta name=\"twitter:label2\" content=\"Tempo di lettura stimato\" \/>\n\t<meta name=\"twitter:data2\" content=\"2 minuti\" \/>\n<script type=\"application\/ld+json\" class=\"yoast-schema-graph\">{\"@context\":\"https:\/\/schema.org\",\"@graph\":[{\"@type\":\"Article\",\"@id\":\"https:\/\/www.aibi.it\/coopaibc\/puberta-precoce-nel-2020-casi-raddoppiati-sara-colpa-del-lockdown\/#article\",\"isPartOf\":{\"@id\":\"https:\/\/www.aibi.it\/coopaibc\/puberta-precoce-nel-2020-casi-raddoppiati-sara-colpa-del-lockdown\/\"},\"author\":{\"name\":\"mariaS\",\"@id\":\"https:\/\/www.aibi.it\/coopaibc\/#\/schema\/person\/20c35acf37410bdb55edad4e6aa0ff7c\"},\"headline\":\"Pubert\u00e0 precoce. Nel 2020 casi raddoppiati. Sar\u00e0 colpa del lockdown?\",\"datePublished\":\"2021-04-11T06:00:12+00:00\",\"mainEntityOfPage\":{\"@id\":\"https:\/\/www.aibi.it\/coopaibc\/puberta-precoce-nel-2020-casi-raddoppiati-sara-colpa-del-lockdown\/\"},\"wordCount\":365,\"commentCount\":0,\"publisher\":{\"@id\":\"https:\/\/www.aibi.it\/coopaibc\/#organization\"},\"image\":{\"@id\":\"https:\/\/www.aibi.it\/coopaibc\/puberta-precoce-nel-2020-casi-raddoppiati-sara-colpa-del-lockdown\/#primaryimage\"},\"thumbnailUrl\":\"https:\/\/www.aibi.it\/coopaibc\/wp-content\/uploads\/2021\/04\/bambina.jpg\",\"keywords\":[\"famiglia\"],\"articleSection\":[\"News\"],\"inLanguage\":\"it-IT\",\"potentialAction\":[{\"@type\":\"CommentAction\",\"name\":\"Comment\",\"target\":[\"https:\/\/www.aibi.it\/coopaibc\/puberta-precoce-nel-2020-casi-raddoppiati-sara-colpa-del-lockdown\/#respond\"]}]},{\"@type\":\"WebPage\",\"@id\":\"https:\/\/www.aibi.it\/coopaibc\/puberta-precoce-nel-2020-casi-raddoppiati-sara-colpa-del-lockdown\/\",\"url\":\"https:\/\/www.aibi.it\/coopaibc\/puberta-precoce-nel-2020-casi-raddoppiati-sara-colpa-del-lockdown\/\",\"name\":\"Pubert\u00e0 precoce. Nel 2020 casi raddoppiati. Sar\u00e0 colpa del lockdown? - AIBC\",\"isPartOf\":{\"@id\":\"https:\/\/www.aibi.it\/coopaibc\/#website\"},\"primaryImageOfPage\":{\"@id\":\"https:\/\/www.aibi.it\/coopaibc\/puberta-precoce-nel-2020-casi-raddoppiati-sara-colpa-del-lockdown\/#primaryimage\"},\"image\":{\"@id\":\"https:\/\/www.aibi.it\/coopaibc\/puberta-precoce-nel-2020-casi-raddoppiati-sara-colpa-del-lockdown\/#primaryimage\"},\"thumbnailUrl\":\"https:\/\/www.aibi.it\/coopaibc\/wp-content\/uploads\/2021\/04\/bambina.jpg\",\"datePublished\":\"2021-04-11T06:00:12+00:00\",\"breadcrumb\":{\"@id\":\"https:\/\/www.aibi.it\/coopaibc\/puberta-precoce-nel-2020-casi-raddoppiati-sara-colpa-del-lockdown\/#breadcrumb\"},\"inLanguage\":\"it-IT\",\"potentialAction\":[{\"@type\":\"ReadAction\",\"target\":[\"https:\/\/www.aibi.it\/coopaibc\/puberta-precoce-nel-2020-casi-raddoppiati-sara-colpa-del-lockdown\/\"]}]},{\"@type\":\"ImageObject\",\"inLanguage\":\"it-IT\",\"@id\":\"https:\/\/www.aibi.it\/coopaibc\/puberta-precoce-nel-2020-casi-raddoppiati-sara-colpa-del-lockdown\/#primaryimage\",\"url\":\"https:\/\/www.aibi.it\/coopaibc\/wp-content\/uploads\/2021\/04\/bambina.jpg\",\"contentUrl\":\"https:\/\/www.aibi.it\/coopaibc\/wp-content\/uploads\/2021\/04\/bambina.jpg\",\"width\":1200,\"height\":630},{\"@type\":\"BreadcrumbList\",\"@id\":\"https:\/\/www.aibi.it\/coopaibc\/puberta-precoce-nel-2020-casi-raddoppiati-sara-colpa-del-lockdown\/#breadcrumb\",\"itemListElement\":[{\"@type\":\"ListItem\",\"position\":1,\"name\":\"Home\",\"item\":\"https:\/\/www.aibi.it\/coopaibc\/\"},{\"@type\":\"ListItem\",\"position\":2,\"name\":\"Pubert\u00e0 precoce. Nel 2020 casi raddoppiati. Sar\u00e0 colpa del lockdown?\"}]},{\"@type\":\"WebSite\",\"@id\":\"https:\/\/www.aibi.it\/coopaibc\/#website\",\"url\":\"https:\/\/www.aibi.it\/coopaibc\/\",\"name\":\"AIBC\",\"description\":\"Cooperativa Sociale\",\"publisher\":{\"@id\":\"https:\/\/www.aibi.it\/coopaibc\/#organization\"},\"potentialAction\":[{\"@type\":\"SearchAction\",\"target\":{\"@type\":\"EntryPoint\",\"urlTemplate\":\"https:\/\/www.aibi.it\/coopaibc\/?s={search_term_string}\"},\"query-input\":{\"@type\":\"PropertyValueSpecification\",\"valueRequired\":true,\"valueName\":\"search_term_string\"}}],\"inLanguage\":\"it-IT\"},{\"@type\":\"Organization\",\"@id\":\"https:\/\/www.aibi.it\/coopaibc\/#organization\",\"name\":\"AIBC\",\"url\":\"https:\/\/www.aibi.it\/coopaibc\/\",\"logo\":{\"@type\":\"ImageObject\",\"inLanguage\":\"it-IT\",\"@id\":\"https:\/\/www.aibi.it\/coopaibc\/#\/schema\/logo\/image\/\",\"url\":\"https:\/\/www.aibi.it\/coopaibc\/wp-content\/uploads\/2016\/11\/cropped-logo-aibc-arancio-neg-150-1.png\",\"contentUrl\":\"https:\/\/www.aibi.it\/coopaibc\/wp-content\/uploads\/2016\/11\/cropped-logo-aibc-arancio-neg-150-1.png\",\"width\":150,\"height\":88,\"caption\":\"AIBC\"},\"image\":{\"@id\":\"https:\/\/www.aibi.it\/coopaibc\/#\/schema\/logo\/image\/\"}},{\"@type\":\"Person\",\"@id\":\"https:\/\/www.aibi.it\/coopaibc\/#\/schema\/person\/20c35acf37410bdb55edad4e6aa0ff7c\",\"name\":\"mariaS\",\"image\":{\"@type\":\"ImageObject\",\"inLanguage\":\"it-IT\",\"@id\":\"https:\/\/www.aibi.it\/coopaibc\/#\/schema\/person\/image\/\",\"url\":\"https:\/\/secure.gravatar.com\/avatar\/2cc649c1b18c2525711df2229be1bec404547cf030008c81a2f6b37f5287aaab?s=96&d=mm&r=g\",\"contentUrl\":\"https:\/\/secure.gravatar.com\/avatar\/2cc649c1b18c2525711df2229be1bec404547cf030008c81a2f6b37f5287aaab?s=96&d=mm&r=g\",\"caption\":\"mariaS\"},\"url\":\"https:\/\/www.aibi.it\/coopaibc\/author\/marias\/\"}]}<\/script>\n<!-- \/ Yoast SEO plugin. -->","yoast_head_json":{"title":"Pubert\u00e0 precoce. Nel 2020 casi raddoppiati. Sar\u00e0 colpa del lockdown? - AIBC","robots":{"index":"index","follow":"follow","max-snippet":"max-snippet:-1","max-image-preview":"max-image-preview:large","max-video-preview":"max-video-preview:-1"},"canonical":"https:\/\/www.aibi.it\/coopaibc\/puberta-precoce-nel-2020-casi-raddoppiati-sara-colpa-del-lockdown\/","og_locale":"it_IT","og_type":"article","og_title":"Pubert\u00e0 precoce. Nel 2020 casi raddoppiati. Sar\u00e0 colpa del lockdown? - AIBC","og_description":"Da marzo a&nbsp;settembre 2020, sono stati 224 i piccoli pazienti a presentare casi di &ldquo;anticipo puberale o pubert&agrave; precoce&rdquo;, per la precisione 215 bambine e 9 maschietti, nel 2019 erano stati 93. Secondo uno studio effettuato dagli specialisti del reparto di Endocrinologia dell&rsquo;ospedale pediatrico romano Bambino Ges&ugrave;, &egrave; stato osservato, [&hellip;]","og_url":"https:\/\/www.aibi.it\/coopaibc\/puberta-precoce-nel-2020-casi-raddoppiati-sara-colpa-del-lockdown\/","og_site_name":"AIBC","article_published_time":"2021-04-11T06:00:12+00:00","og_image":[{"width":1200,"height":630,"url":"https:\/\/www.aibi.it\/coopaibc\/wp-content\/uploads\/2021\/04\/bambina.jpg","type":"image\/jpeg"}],"author":"mariaS","twitter_card":"summary_large_image","twitter_misc":{"Scritto da":"mariaS","Tempo di lettura stimato":"2 minuti"},"schema":{"@context":"https:\/\/schema.org","@graph":[{"@type":"Article","@id":"https:\/\/www.aibi.it\/coopaibc\/puberta-precoce-nel-2020-casi-raddoppiati-sara-colpa-del-lockdown\/#article","isPartOf":{"@id":"https:\/\/www.aibi.it\/coopaibc\/puberta-precoce-nel-2020-casi-raddoppiati-sara-colpa-del-lockdown\/"},"author":{"name":"mariaS","@id":"https:\/\/www.aibi.it\/coopaibc\/#\/schema\/person\/20c35acf37410bdb55edad4e6aa0ff7c"},"headline":"Pubert\u00e0 precoce. Nel 2020 casi raddoppiati. Sar\u00e0 colpa del lockdown?","datePublished":"2021-04-11T06:00:12+00:00","mainEntityOfPage":{"@id":"https:\/\/www.aibi.it\/coopaibc\/puberta-precoce-nel-2020-casi-raddoppiati-sara-colpa-del-lockdown\/"},"wordCount":365,"commentCount":0,"publisher":{"@id":"https:\/\/www.aibi.it\/coopaibc\/#organization"},"image":{"@id":"https:\/\/www.aibi.it\/coopaibc\/puberta-precoce-nel-2020-casi-raddoppiati-sara-colpa-del-lockdown\/#primaryimage"},"thumbnailUrl":"https:\/\/www.aibi.it\/coopaibc\/wp-content\/uploads\/2021\/04\/bambina.jpg","keywords":["famiglia"],"articleSection":["News"],"inLanguage":"it-IT","potentialAction":[{"@type":"CommentAction","name":"Comment","target":["https:\/\/www.aibi.it\/coopaibc\/puberta-precoce-nel-2020-casi-raddoppiati-sara-colpa-del-lockdown\/#respond"]}]},{"@type":"WebPage","@id":"https:\/\/www.aibi.it\/coopaibc\/puberta-precoce-nel-2020-casi-raddoppiati-sara-colpa-del-lockdown\/","url":"https:\/\/www.aibi.it\/coopaibc\/puberta-precoce-nel-2020-casi-raddoppiati-sara-colpa-del-lockdown\/","name":"Pubert\u00e0 precoce. Nel 2020 casi raddoppiati. Sar\u00e0 colpa del lockdown? - AIBC","isPartOf":{"@id":"https:\/\/www.aibi.it\/coopaibc\/#website"},"primaryImageOfPage":{"@id":"https:\/\/www.aibi.it\/coopaibc\/puberta-precoce-nel-2020-casi-raddoppiati-sara-colpa-del-lockdown\/#primaryimage"},"image":{"@id":"https:\/\/www.aibi.it\/coopaibc\/puberta-precoce-nel-2020-casi-raddoppiati-sara-colpa-del-lockdown\/#primaryimage"},"thumbnailUrl":"https:\/\/www.aibi.it\/coopaibc\/wp-content\/uploads\/2021\/04\/bambina.jpg","datePublished":"2021-04-11T06:00:12+00:00","breadcrumb":{"@id":"https:\/\/www.aibi.it\/coopaibc\/puberta-precoce-nel-2020-casi-raddoppiati-sara-colpa-del-lockdown\/#breadcrumb"},"inLanguage":"it-IT","potentialAction":[{"@type":"ReadAction","target":["https:\/\/www.aibi.it\/coopaibc\/puberta-precoce-nel-2020-casi-raddoppiati-sara-colpa-del-lockdown\/"]}]},{"@type":"ImageObject","inLanguage":"it-IT","@id":"https:\/\/www.aibi.it\/coopaibc\/puberta-precoce-nel-2020-casi-raddoppiati-sara-colpa-del-lockdown\/#primaryimage","url":"https:\/\/www.aibi.it\/coopaibc\/wp-content\/uploads\/2021\/04\/bambina.jpg","contentUrl":"https:\/\/www.aibi.it\/coopaibc\/wp-content\/uploads\/2021\/04\/bambina.jpg","width":1200,"height":630},{"@type":"BreadcrumbList","@id":"https:\/\/www.aibi.it\/coopaibc\/puberta-precoce-nel-2020-casi-raddoppiati-sara-colpa-del-lockdown\/#breadcrumb","itemListElement":[{"@type":"ListItem","position":1,"name":"Home","item":"https:\/\/www.aibi.it\/coopaibc\/"},{"@type":"ListItem","position":2,"name":"Pubert\u00e0 precoce. Nel 2020 casi raddoppiati. Sar\u00e0 colpa del lockdown?"}]},{"@type":"WebSite","@id":"https:\/\/www.aibi.it\/coopaibc\/#website","url":"https:\/\/www.aibi.it\/coopaibc\/","name":"AIBC","description":"Cooperativa Sociale","publisher":{"@id":"https:\/\/www.aibi.it\/coopaibc\/#organization"},"potentialAction":[{"@type":"SearchAction","target":{"@type":"EntryPoint","urlTemplate":"https:\/\/www.aibi.it\/coopaibc\/?s={search_term_string}"},"query-input":{"@type":"PropertyValueSpecification","valueRequired":true,"valueName":"search_term_string"}}],"inLanguage":"it-IT"},{"@type":"Organization","@id":"https:\/\/www.aibi.it\/coopaibc\/#organization","name":"AIBC","url":"https:\/\/www.aibi.it\/coopaibc\/","logo":{"@type":"ImageObject","inLanguage":"it-IT","@id":"https:\/\/www.aibi.it\/coopaibc\/#\/schema\/logo\/image\/","url":"https:\/\/www.aibi.it\/coopaibc\/wp-content\/uploads\/2016\/11\/cropped-logo-aibc-arancio-neg-150-1.png","contentUrl":"https:\/\/www.aibi.it\/coopaibc\/wp-content\/uploads\/2016\/11\/cropped-logo-aibc-arancio-neg-150-1.png","width":150,"height":88,"caption":"AIBC"},"image":{"@id":"https:\/\/www.aibi.it\/coopaibc\/#\/schema\/logo\/image\/"}},{"@type":"Person","@id":"https:\/\/www.aibi.it\/coopaibc\/#\/schema\/person\/20c35acf37410bdb55edad4e6aa0ff7c","name":"mariaS","image":{"@type":"ImageObject","inLanguage":"it-IT","@id":"https:\/\/www.aibi.it\/coopaibc\/#\/schema\/person\/image\/","url":"https:\/\/secure.gravatar.com\/avatar\/2cc649c1b18c2525711df2229be1bec404547cf030008c81a2f6b37f5287aaab?s=96&d=mm&r=g","contentUrl":"https:\/\/secure.gravatar.com\/avatar\/2cc649c1b18c2525711df2229be1bec404547cf030008c81a2f6b37f5287aaab?s=96&d=mm&r=g","caption":"mariaS"},"url":"https:\/\/www.aibi.it\/coopaibc\/author\/marias\/"}]}},"_links":{"self":[{"href":"https:\/\/www.aibi.it\/coopaibc\/wp-json\/wp\/v2\/posts\/2525","targetHints":{"allow":["GET"]}}],"collection":[{"href":"https:\/\/www.aibi.it\/coopaibc\/wp-json\/wp\/v2\/posts"}],"about":[{"href":"https:\/\/www.aibi.it\/coopaibc\/wp-json\/wp\/v2\/types\/post"}],"author":[{"embeddable":true,"href":"https:\/\/www.aibi.it\/coopaibc\/wp-json\/wp\/v2\/users\/4"}],"replies":[{"embeddable":true,"href":"https:\/\/www.aibi.it\/coopaibc\/wp-json\/wp\/v2\/comments?post=2525"}],"version-history":[{"count":3,"href":"https:\/\/www.aibi.it\/coopaibc\/wp-json\/wp\/v2\/posts\/2525\/revisions"}],"predecessor-version":[{"id":2529,"href":"https:\/\/www.aibi.it\/coopaibc\/wp-json\/wp\/v2\/posts\/2525\/revisions\/2529"}],"wp:featuredmedia":[{"embeddable":true,"href":"https:\/\/www.aibi.it\/coopaibc\/wp-json\/wp\/v2\/media\/2526"}],"wp:attachment":[{"href":"https:\/\/www.aibi.it\/coopaibc\/wp-json\/wp\/v2\/media?parent=2525"}],"wp:term":[{"taxonomy":"category","embeddable":true,"href":"https:\/\/www.aibi.it\/coopaibc\/wp-json\/wp\/v2\/categories?post=2525"},{"taxonomy":"post_tag","embeddable":true,"href":"https:\/\/www.aibi.it\/coopaibc\/wp-json\/wp\/v2\/tags?post=2525"}],"curies":[{"name":"wp","href":"https:\/\/api.w.org\/{rel}","templated":true}]}}