{"id":2727,"date":"2021-06-24T13:13:32","date_gmt":"2021-06-24T11:13:32","guid":{"rendered":"https:\/\/www.aibi.it\/coopaibc\/?p=2727"},"modified":"2021-06-24T13:14:51","modified_gmt":"2021-06-24T11:14:51","slug":"servizi-sociali-garante-infanzia-per-affrontare-le-emergenze-occorre-investire-nella-formazione","status":"publish","type":"post","link":"https:\/\/www.aibi.it\/coopaibc\/servizi-sociali-garante-infanzia-per-affrontare-le-emergenze-occorre-investire-nella-formazione\/","title":{"rendered":"Servizi sociali. Garante Infanzia: &#8220;Per affrontare le emergenze, occorre investire nella formazione&#8221;"},"content":{"rendered":"<div dir=\"ltr\">\n<div id=\"zimbraEditorContainer\" class=\"47\">\n<h2><strong>Garlatti: &#8220;<\/strong>La pandemia sembra aver purtroppo rallentato le attivit\u00e0 dei servizi sociali ma l<strong>&#8216;esperienza maturata pu\u00f2 risultare preziosa perch\u00e9 ha evidenziato la necessit\u00e0 di investire nella formazione&#8221;<\/strong><\/h2>\n<\/div>\n<\/div>\n<div dir=\"ltr\">\n<div id=\"zimbraEditorContainer\" class=\"47\">\n<div><\/div>\n<div>Com\u2019\u00e8 cambiata l\u2019attivit\u00e0 dei servizi sociali a causa del coronavirus?<\/div>\n<div><\/div>\n<div>Secondo il quadro esposto da\u00a0<strong>Carla Garlatti, Autorit\u00e0 garante per l\u2019infanzia e l\u2019adolescenza,<\/strong>\u00a0alla Commissione parlamentare infanzia e adolescenza, la pandemia sembra aver purtroppo <strong>rallentato<\/strong> le attivit\u00e0 dei servizi sociali \u201c<em>destinate a contribuire alla rimozione di condizioni di bisogno e di difficolt\u00e0<\/em> \u2013 e ci\u00f2 si \u00e8 riflesso in particolar modo sulle famiglie e sui minorenni pi\u00f9 vulnerabili, sottolinea Carla Garlatti in una nota pubblicata sul sito dell&#8217;AGIA &#8211; <em>Parlo di bambini e ragazzi disabili, con disagio psichico, di quelli che sono maltrattati, che hanno genitori in separazioni conflittuali, che sono in condizioni di povert\u00e0 economica ed educativa\u201d.<\/em><\/div>\n<h3><strong>Investire in formazione<\/strong><\/h3>\n<div>L\u2019Autorit\u00e0 garante ha sottolineato come sia necessario investire nella formazione degli operatori, sia per permettere loro di \u201c<em>sapersi avvalere delle opportunit\u00e0 offerte dalla tecnologia\u201d<\/em>, sia \u201c<em>per acquisire in maniera strutturale la capacit\u00e0 di gestire le emergenze\u201d,<\/em>\u00a0con un occhio di riguardo anche alla realizzazione di momenti di formazione comune tra servizi, avvocati, magistrati e forze dell\u2019ordine.<\/div>\n<div><\/div>\n<h3><strong>Presa in carico tempestiva delle famiglie<\/strong><\/h3>\n<\/div>\n<\/div>\n<div dir=\"ltr\">\n<div id=\"zimbraEditorContainer\" class=\"47\">\n<div>Infine, l\u2019Autorit\u00e0 garante per l\u2019infanzia e l\u2019adolescenza, tra le varie sollecitazione proposte, ha anche rimarcato l\u2019esigenza che gli enti locali \u201c<strong><em>garantiscano una presa in carico delle famiglie tempestiva e continuativa<\/em><\/strong>\u2013 si legge nella nota-\u00a0\u00a0<em>In tale ottica, va aumentato il numero degli assistenti sociali e limitato il turn over, inoltre non andrebbe esternalizzato il servizio sociale professionale chiamato a intervenire nei procedimenti civili e amministrativi di competenza del Tribunale per i minorenni\u201d<\/em>.<\/div>\n<\/div>\n<div><\/div>\n<div><\/div>\n<div>Fonte Immagine ( sito internet AGIA)<\/div>\n<\/div>\n<div><\/div>\n<div><\/div>\n","protected":false},"excerpt":{"rendered":"<p>Garlatti: &ldquo;La pandemia sembra aver purtroppo rallentato le attivit&agrave; dei servizi sociali ma l&lsquo;esperienza maturata pu&ograve; risultare preziosa perch&eacute; ha evidenziato la necessit&agrave; di investire nella formazione&rdquo; Com&rsquo;&egrave; cambiata l&rsquo;attivit&agrave; dei servizi sociali a causa del coronavirus? Secondo il quadro esposto da&nbsp;Carla Garlatti, Autorit&agrave; garante per l&rsquo;infanzia e l&rsquo;adolescenza,&nbsp;alla Commissione [&hellip;]<\/p>\n","protected":false},"author":4,"featured_media":2728,"comment_status":"open","ping_status":"open","sticky":false,"template":"","format":"standard","meta":{"footnotes":""},"categories":[1],"tags":[],"class_list":{"0":"post-2727","1":"post","2":"type-post","3":"status-publish","4":"format-standard","5":"has-post-thumbnail","7":"category-news"},"yoast_head":"<!-- This site is optimized with the Yoast SEO plugin v26.1.1 - https:\/\/yoast.com\/wordpress\/plugins\/seo\/ -->\n<title>Servizi sociali. Garante Infanzia: &quot;Per affrontare le emergenze, occorre investire nella formazione&quot; - AIBC<\/title>\n<meta name=\"robots\" content=\"index, follow, max-snippet:-1, max-image-preview:large, max-video-preview:-1\" \/>\n<link rel=\"canonical\" href=\"https:\/\/www.aibi.it\/coopaibc\/servizi-sociali-garante-infanzia-per-affrontare-le-emergenze-occorre-investire-nella-formazione\/\" \/>\n<meta property=\"og:locale\" content=\"it_IT\" \/>\n<meta property=\"og:type\" content=\"article\" \/>\n<meta property=\"og:title\" content=\"Servizi sociali. Garante Infanzia: &quot;Per affrontare le emergenze, occorre investire nella formazione&quot; - AIBC\" \/>\n<meta property=\"og:description\" content=\"Garlatti: &ldquo;La pandemia sembra aver purtroppo rallentato le attivit&agrave; dei servizi sociali ma l&lsquo;esperienza maturata pu&ograve; risultare preziosa perch&eacute; ha evidenziato la necessit&agrave; di investire nella formazione&rdquo; Com&rsquo;&egrave; cambiata l&rsquo;attivit&agrave; dei servizi sociali a causa del coronavirus? Secondo il quadro esposto da&nbsp;Carla Garlatti, Autorit&agrave; garante per l&rsquo;infanzia e l&rsquo;adolescenza,&nbsp;alla Commissione [&hellip;]\" \/>\n<meta property=\"og:url\" content=\"https:\/\/www.aibi.it\/coopaibc\/servizi-sociali-garante-infanzia-per-affrontare-le-emergenze-occorre-investire-nella-formazione\/\" \/>\n<meta property=\"og:site_name\" content=\"AIBC\" \/>\n<meta property=\"article:published_time\" content=\"2021-06-24T11:13:32+00:00\" \/>\n<meta property=\"article:modified_time\" content=\"2021-06-24T11:14:51+00:00\" \/>\n<meta property=\"og:image\" content=\"https:\/\/www.aibi.it\/coopaibc\/wp-content\/uploads\/2021\/06\/garlatti-ronzulli.jpg\" \/>\n\t<meta property=\"og:image:width\" content=\"1200\" \/>\n\t<meta property=\"og:image:height\" content=\"630\" \/>\n\t<meta property=\"og:image:type\" content=\"image\/jpeg\" \/>\n<meta name=\"author\" content=\"mariaS\" \/>\n<meta name=\"twitter:card\" content=\"summary_large_image\" \/>\n<meta name=\"twitter:label1\" content=\"Scritto da\" \/>\n\t<meta name=\"twitter:data1\" content=\"mariaS\" \/>\n\t<meta name=\"twitter:label2\" content=\"Tempo di lettura stimato\" \/>\n\t<meta name=\"twitter:data2\" content=\"2 minuti\" \/>\n<script type=\"application\/ld+json\" class=\"yoast-schema-graph\">{\"@context\":\"https:\/\/schema.org\",\"@graph\":[{\"@type\":\"Article\",\"@id\":\"https:\/\/www.aibi.it\/coopaibc\/servizi-sociali-garante-infanzia-per-affrontare-le-emergenze-occorre-investire-nella-formazione\/#article\",\"isPartOf\":{\"@id\":\"https:\/\/www.aibi.it\/coopaibc\/servizi-sociali-garante-infanzia-per-affrontare-le-emergenze-occorre-investire-nella-formazione\/\"},\"author\":{\"name\":\"mariaS\",\"@id\":\"https:\/\/www.aibi.it\/coopaibc\/#\/schema\/person\/20c35acf37410bdb55edad4e6aa0ff7c\"},\"headline\":\"Servizi sociali. Garante Infanzia: &#8220;Per affrontare le emergenze, occorre investire nella formazione&#8221;\",\"datePublished\":\"2021-06-24T11:13:32+00:00\",\"dateModified\":\"2021-06-24T11:14:51+00:00\",\"mainEntityOfPage\":{\"@id\":\"https:\/\/www.aibi.it\/coopaibc\/servizi-sociali-garante-infanzia-per-affrontare-le-emergenze-occorre-investire-nella-formazione\/\"},\"wordCount\":296,\"commentCount\":0,\"publisher\":{\"@id\":\"https:\/\/www.aibi.it\/coopaibc\/#organization\"},\"image\":{\"@id\":\"https:\/\/www.aibi.it\/coopaibc\/servizi-sociali-garante-infanzia-per-affrontare-le-emergenze-occorre-investire-nella-formazione\/#primaryimage\"},\"thumbnailUrl\":\"https:\/\/www.aibi.it\/coopaibc\/wp-content\/uploads\/2021\/06\/garlatti-ronzulli.jpg\",\"articleSection\":[\"News\"],\"inLanguage\":\"it-IT\",\"potentialAction\":[{\"@type\":\"CommentAction\",\"name\":\"Comment\",\"target\":[\"https:\/\/www.aibi.it\/coopaibc\/servizi-sociali-garante-infanzia-per-affrontare-le-emergenze-occorre-investire-nella-formazione\/#respond\"]}]},{\"@type\":\"WebPage\",\"@id\":\"https:\/\/www.aibi.it\/coopaibc\/servizi-sociali-garante-infanzia-per-affrontare-le-emergenze-occorre-investire-nella-formazione\/\",\"url\":\"https:\/\/www.aibi.it\/coopaibc\/servizi-sociali-garante-infanzia-per-affrontare-le-emergenze-occorre-investire-nella-formazione\/\",\"name\":\"Servizi sociali. Garante Infanzia: \\\"Per affrontare le emergenze, occorre investire nella formazione\\\" - AIBC\",\"isPartOf\":{\"@id\":\"https:\/\/www.aibi.it\/coopaibc\/#website\"},\"primaryImageOfPage\":{\"@id\":\"https:\/\/www.aibi.it\/coopaibc\/servizi-sociali-garante-infanzia-per-affrontare-le-emergenze-occorre-investire-nella-formazione\/#primaryimage\"},\"image\":{\"@id\":\"https:\/\/www.aibi.it\/coopaibc\/servizi-sociali-garante-infanzia-per-affrontare-le-emergenze-occorre-investire-nella-formazione\/#primaryimage\"},\"thumbnailUrl\":\"https:\/\/www.aibi.it\/coopaibc\/wp-content\/uploads\/2021\/06\/garlatti-ronzulli.jpg\",\"datePublished\":\"2021-06-24T11:13:32+00:00\",\"dateModified\":\"2021-06-24T11:14:51+00:00\",\"breadcrumb\":{\"@id\":\"https:\/\/www.aibi.it\/coopaibc\/servizi-sociali-garante-infanzia-per-affrontare-le-emergenze-occorre-investire-nella-formazione\/#breadcrumb\"},\"inLanguage\":\"it-IT\",\"potentialAction\":[{\"@type\":\"ReadAction\",\"target\":[\"https:\/\/www.aibi.it\/coopaibc\/servizi-sociali-garante-infanzia-per-affrontare-le-emergenze-occorre-investire-nella-formazione\/\"]}]},{\"@type\":\"ImageObject\",\"inLanguage\":\"it-IT\",\"@id\":\"https:\/\/www.aibi.it\/coopaibc\/servizi-sociali-garante-infanzia-per-affrontare-le-emergenze-occorre-investire-nella-formazione\/#primaryimage\",\"url\":\"https:\/\/www.aibi.it\/coopaibc\/wp-content\/uploads\/2021\/06\/garlatti-ronzulli.jpg\",\"contentUrl\":\"https:\/\/www.aibi.it\/coopaibc\/wp-content\/uploads\/2021\/06\/garlatti-ronzulli.jpg\",\"width\":1200,\"height\":630},{\"@type\":\"BreadcrumbList\",\"@id\":\"https:\/\/www.aibi.it\/coopaibc\/servizi-sociali-garante-infanzia-per-affrontare-le-emergenze-occorre-investire-nella-formazione\/#breadcrumb\",\"itemListElement\":[{\"@type\":\"ListItem\",\"position\":1,\"name\":\"Home\",\"item\":\"https:\/\/www.aibi.it\/coopaibc\/\"},{\"@type\":\"ListItem\",\"position\":2,\"name\":\"Servizi sociali. Garante Infanzia: &#8220;Per affrontare le emergenze, occorre investire nella formazione&#8221;\"}]},{\"@type\":\"WebSite\",\"@id\":\"https:\/\/www.aibi.it\/coopaibc\/#website\",\"url\":\"https:\/\/www.aibi.it\/coopaibc\/\",\"name\":\"AIBC\",\"description\":\"Cooperativa Sociale\",\"publisher\":{\"@id\":\"https:\/\/www.aibi.it\/coopaibc\/#organization\"},\"potentialAction\":[{\"@type\":\"SearchAction\",\"target\":{\"@type\":\"EntryPoint\",\"urlTemplate\":\"https:\/\/www.aibi.it\/coopaibc\/?s={search_term_string}\"},\"query-input\":{\"@type\":\"PropertyValueSpecification\",\"valueRequired\":true,\"valueName\":\"search_term_string\"}}],\"inLanguage\":\"it-IT\"},{\"@type\":\"Organization\",\"@id\":\"https:\/\/www.aibi.it\/coopaibc\/#organization\",\"name\":\"AIBC\",\"url\":\"https:\/\/www.aibi.it\/coopaibc\/\",\"logo\":{\"@type\":\"ImageObject\",\"inLanguage\":\"it-IT\",\"@id\":\"https:\/\/www.aibi.it\/coopaibc\/#\/schema\/logo\/image\/\",\"url\":\"https:\/\/www.aibi.it\/coopaibc\/wp-content\/uploads\/2016\/11\/cropped-logo-aibc-arancio-neg-150-1.png\",\"contentUrl\":\"https:\/\/www.aibi.it\/coopaibc\/wp-content\/uploads\/2016\/11\/cropped-logo-aibc-arancio-neg-150-1.png\",\"width\":150,\"height\":88,\"caption\":\"AIBC\"},\"image\":{\"@id\":\"https:\/\/www.aibi.it\/coopaibc\/#\/schema\/logo\/image\/\"}},{\"@type\":\"Person\",\"@id\":\"https:\/\/www.aibi.it\/coopaibc\/#\/schema\/person\/20c35acf37410bdb55edad4e6aa0ff7c\",\"name\":\"mariaS\",\"image\":{\"@type\":\"ImageObject\",\"inLanguage\":\"it-IT\",\"@id\":\"https:\/\/www.aibi.it\/coopaibc\/#\/schema\/person\/image\/\",\"url\":\"https:\/\/secure.gravatar.com\/avatar\/2cc649c1b18c2525711df2229be1bec404547cf030008c81a2f6b37f5287aaab?s=96&d=mm&r=g\",\"contentUrl\":\"https:\/\/secure.gravatar.com\/avatar\/2cc649c1b18c2525711df2229be1bec404547cf030008c81a2f6b37f5287aaab?s=96&d=mm&r=g\",\"caption\":\"mariaS\"},\"url\":\"https:\/\/www.aibi.it\/coopaibc\/author\/marias\/\"}]}<\/script>\n<!-- \/ Yoast SEO plugin. -->","yoast_head_json":{"title":"Servizi sociali. Garante Infanzia: \"Per affrontare le emergenze, occorre investire nella formazione\" - AIBC","robots":{"index":"index","follow":"follow","max-snippet":"max-snippet:-1","max-image-preview":"max-image-preview:large","max-video-preview":"max-video-preview:-1"},"canonical":"https:\/\/www.aibi.it\/coopaibc\/servizi-sociali-garante-infanzia-per-affrontare-le-emergenze-occorre-investire-nella-formazione\/","og_locale":"it_IT","og_type":"article","og_title":"Servizi sociali. Garante Infanzia: \"Per affrontare le emergenze, occorre investire nella formazione\" - AIBC","og_description":"Garlatti: &ldquo;La pandemia sembra aver purtroppo rallentato le attivit&agrave; dei servizi sociali ma l&lsquo;esperienza maturata pu&ograve; risultare preziosa perch&eacute; ha evidenziato la necessit&agrave; di investire nella formazione&rdquo; Com&rsquo;&egrave; cambiata l&rsquo;attivit&agrave; dei servizi sociali a causa del coronavirus? Secondo il quadro esposto da&nbsp;Carla Garlatti, Autorit&agrave; garante per l&rsquo;infanzia e l&rsquo;adolescenza,&nbsp;alla Commissione [&hellip;]","og_url":"https:\/\/www.aibi.it\/coopaibc\/servizi-sociali-garante-infanzia-per-affrontare-le-emergenze-occorre-investire-nella-formazione\/","og_site_name":"AIBC","article_published_time":"2021-06-24T11:13:32+00:00","article_modified_time":"2021-06-24T11:14:51+00:00","og_image":[{"width":1200,"height":630,"url":"https:\/\/www.aibi.it\/coopaibc\/wp-content\/uploads\/2021\/06\/garlatti-ronzulli.jpg","type":"image\/jpeg"}],"author":"mariaS","twitter_card":"summary_large_image","twitter_misc":{"Scritto da":"mariaS","Tempo di lettura stimato":"2 minuti"},"schema":{"@context":"https:\/\/schema.org","@graph":[{"@type":"Article","@id":"https:\/\/www.aibi.it\/coopaibc\/servizi-sociali-garante-infanzia-per-affrontare-le-emergenze-occorre-investire-nella-formazione\/#article","isPartOf":{"@id":"https:\/\/www.aibi.it\/coopaibc\/servizi-sociali-garante-infanzia-per-affrontare-le-emergenze-occorre-investire-nella-formazione\/"},"author":{"name":"mariaS","@id":"https:\/\/www.aibi.it\/coopaibc\/#\/schema\/person\/20c35acf37410bdb55edad4e6aa0ff7c"},"headline":"Servizi sociali. Garante Infanzia: &#8220;Per affrontare le emergenze, occorre investire nella formazione&#8221;","datePublished":"2021-06-24T11:13:32+00:00","dateModified":"2021-06-24T11:14:51+00:00","mainEntityOfPage":{"@id":"https:\/\/www.aibi.it\/coopaibc\/servizi-sociali-garante-infanzia-per-affrontare-le-emergenze-occorre-investire-nella-formazione\/"},"wordCount":296,"commentCount":0,"publisher":{"@id":"https:\/\/www.aibi.it\/coopaibc\/#organization"},"image":{"@id":"https:\/\/www.aibi.it\/coopaibc\/servizi-sociali-garante-infanzia-per-affrontare-le-emergenze-occorre-investire-nella-formazione\/#primaryimage"},"thumbnailUrl":"https:\/\/www.aibi.it\/coopaibc\/wp-content\/uploads\/2021\/06\/garlatti-ronzulli.jpg","articleSection":["News"],"inLanguage":"it-IT","potentialAction":[{"@type":"CommentAction","name":"Comment","target":["https:\/\/www.aibi.it\/coopaibc\/servizi-sociali-garante-infanzia-per-affrontare-le-emergenze-occorre-investire-nella-formazione\/#respond"]}]},{"@type":"WebPage","@id":"https:\/\/www.aibi.it\/coopaibc\/servizi-sociali-garante-infanzia-per-affrontare-le-emergenze-occorre-investire-nella-formazione\/","url":"https:\/\/www.aibi.it\/coopaibc\/servizi-sociali-garante-infanzia-per-affrontare-le-emergenze-occorre-investire-nella-formazione\/","name":"Servizi sociali. Garante Infanzia: \"Per affrontare le emergenze, occorre investire nella formazione\" - AIBC","isPartOf":{"@id":"https:\/\/www.aibi.it\/coopaibc\/#website"},"primaryImageOfPage":{"@id":"https:\/\/www.aibi.it\/coopaibc\/servizi-sociali-garante-infanzia-per-affrontare-le-emergenze-occorre-investire-nella-formazione\/#primaryimage"},"image":{"@id":"https:\/\/www.aibi.it\/coopaibc\/servizi-sociali-garante-infanzia-per-affrontare-le-emergenze-occorre-investire-nella-formazione\/#primaryimage"},"thumbnailUrl":"https:\/\/www.aibi.it\/coopaibc\/wp-content\/uploads\/2021\/06\/garlatti-ronzulli.jpg","datePublished":"2021-06-24T11:13:32+00:00","dateModified":"2021-06-24T11:14:51+00:00","breadcrumb":{"@id":"https:\/\/www.aibi.it\/coopaibc\/servizi-sociali-garante-infanzia-per-affrontare-le-emergenze-occorre-investire-nella-formazione\/#breadcrumb"},"inLanguage":"it-IT","potentialAction":[{"@type":"ReadAction","target":["https:\/\/www.aibi.it\/coopaibc\/servizi-sociali-garante-infanzia-per-affrontare-le-emergenze-occorre-investire-nella-formazione\/"]}]},{"@type":"ImageObject","inLanguage":"it-IT","@id":"https:\/\/www.aibi.it\/coopaibc\/servizi-sociali-garante-infanzia-per-affrontare-le-emergenze-occorre-investire-nella-formazione\/#primaryimage","url":"https:\/\/www.aibi.it\/coopaibc\/wp-content\/uploads\/2021\/06\/garlatti-ronzulli.jpg","contentUrl":"https:\/\/www.aibi.it\/coopaibc\/wp-content\/uploads\/2021\/06\/garlatti-ronzulli.jpg","width":1200,"height":630},{"@type":"BreadcrumbList","@id":"https:\/\/www.aibi.it\/coopaibc\/servizi-sociali-garante-infanzia-per-affrontare-le-emergenze-occorre-investire-nella-formazione\/#breadcrumb","itemListElement":[{"@type":"ListItem","position":1,"name":"Home","item":"https:\/\/www.aibi.it\/coopaibc\/"},{"@type":"ListItem","position":2,"name":"Servizi sociali. Garante Infanzia: &#8220;Per affrontare le emergenze, occorre investire nella formazione&#8221;"}]},{"@type":"WebSite","@id":"https:\/\/www.aibi.it\/coopaibc\/#website","url":"https:\/\/www.aibi.it\/coopaibc\/","name":"AIBC","description":"Cooperativa Sociale","publisher":{"@id":"https:\/\/www.aibi.it\/coopaibc\/#organization"},"potentialAction":[{"@type":"SearchAction","target":{"@type":"EntryPoint","urlTemplate":"https:\/\/www.aibi.it\/coopaibc\/?s={search_term_string}"},"query-input":{"@type":"PropertyValueSpecification","valueRequired":true,"valueName":"search_term_string"}}],"inLanguage":"it-IT"},{"@type":"Organization","@id":"https:\/\/www.aibi.it\/coopaibc\/#organization","name":"AIBC","url":"https:\/\/www.aibi.it\/coopaibc\/","logo":{"@type":"ImageObject","inLanguage":"it-IT","@id":"https:\/\/www.aibi.it\/coopaibc\/#\/schema\/logo\/image\/","url":"https:\/\/www.aibi.it\/coopaibc\/wp-content\/uploads\/2016\/11\/cropped-logo-aibc-arancio-neg-150-1.png","contentUrl":"https:\/\/www.aibi.it\/coopaibc\/wp-content\/uploads\/2016\/11\/cropped-logo-aibc-arancio-neg-150-1.png","width":150,"height":88,"caption":"AIBC"},"image":{"@id":"https:\/\/www.aibi.it\/coopaibc\/#\/schema\/logo\/image\/"}},{"@type":"Person","@id":"https:\/\/www.aibi.it\/coopaibc\/#\/schema\/person\/20c35acf37410bdb55edad4e6aa0ff7c","name":"mariaS","image":{"@type":"ImageObject","inLanguage":"it-IT","@id":"https:\/\/www.aibi.it\/coopaibc\/#\/schema\/person\/image\/","url":"https:\/\/secure.gravatar.com\/avatar\/2cc649c1b18c2525711df2229be1bec404547cf030008c81a2f6b37f5287aaab?s=96&d=mm&r=g","contentUrl":"https:\/\/secure.gravatar.com\/avatar\/2cc649c1b18c2525711df2229be1bec404547cf030008c81a2f6b37f5287aaab?s=96&d=mm&r=g","caption":"mariaS"},"url":"https:\/\/www.aibi.it\/coopaibc\/author\/marias\/"}]}},"_links":{"self":[{"href":"https:\/\/www.aibi.it\/coopaibc\/wp-json\/wp\/v2\/posts\/2727","targetHints":{"allow":["GET"]}}],"collection":[{"href":"https:\/\/www.aibi.it\/coopaibc\/wp-json\/wp\/v2\/posts"}],"about":[{"href":"https:\/\/www.aibi.it\/coopaibc\/wp-json\/wp\/v2\/types\/post"}],"author":[{"embeddable":true,"href":"https:\/\/www.aibi.it\/coopaibc\/wp-json\/wp\/v2\/users\/4"}],"replies":[{"embeddable":true,"href":"https:\/\/www.aibi.it\/coopaibc\/wp-json\/wp\/v2\/comments?post=2727"}],"version-history":[{"count":2,"href":"https:\/\/www.aibi.it\/coopaibc\/wp-json\/wp\/v2\/posts\/2727\/revisions"}],"predecessor-version":[{"id":2730,"href":"https:\/\/www.aibi.it\/coopaibc\/wp-json\/wp\/v2\/posts\/2727\/revisions\/2730"}],"wp:featuredmedia":[{"embeddable":true,"href":"https:\/\/www.aibi.it\/coopaibc\/wp-json\/wp\/v2\/media\/2728"}],"wp:attachment":[{"href":"https:\/\/www.aibi.it\/coopaibc\/wp-json\/wp\/v2\/media?parent=2727"}],"wp:term":[{"taxonomy":"category","embeddable":true,"href":"https:\/\/www.aibi.it\/coopaibc\/wp-json\/wp\/v2\/categories?post=2727"},{"taxonomy":"post_tag","embeddable":true,"href":"https:\/\/www.aibi.it\/coopaibc\/wp-json\/wp\/v2\/tags?post=2727"}],"curies":[{"name":"wp","href":"https:\/\/api.w.org\/{rel}","templated":true}]}}