{"id":2805,"date":"2021-07-29T20:44:09","date_gmt":"2021-07-29T18:44:09","guid":{"rendered":"https:\/\/www.aibi.it\/coopaibc\/?p=2805"},"modified":"2021-07-29T20:50:38","modified_gmt":"2021-07-29T18:50:38","slug":"adolescenti-la-pandemia-come-occasione-di-crescita","status":"publish","type":"post","link":"https:\/\/www.aibi.it\/coopaibc\/adolescenti-la-pandemia-come-occasione-di-crescita\/","title":{"rendered":"Adolescenti: la pandemia come occasione di crescita"},"content":{"rendered":"<h2 style=\"font-weight: 400;\"><em><strong>&#8220;Due giovani su tre sono soddisfatti della propria vita.\u00a0Solo un ragazzo su cinque non \u00e8 contento del proprio aspetto. Fra gli elementi importanti della vita segnalati compare al primo posto la libert\u00e0, l&#8217;amicizia, e alla pari, poi, divertimento e famiglia&#8221;<\/strong><\/em><\/h2>\n<p style=\"font-weight: 400;\">Il 47% degli adolescenti (un ragazzo su due) si dichiara non credente, ma \u00a0il 37% dei giovani, (compresa una buona parte di chi si professa lontano dalla fede) continua a frequentare gli oratori.<\/p>\n<p style=\"font-weight: 400;\">Per quanto riguarda le figure di riferimento: per il 61% \u00e8 e rimane sempre e comunque la mamma, mentre i giovanissimi che guardano a sacerdoti ed educatori dell\u2019oratorio sono solo l\u2019 1%.<\/p>\n<p style=\"font-weight: 400;\">Son questi alcuni dei risultati della ricerca svolta da\u00a0<strong>Ipsos<\/strong>\u00a0sui ragazzi italiani\u00a0<strong>dai 14 ai 18 anni,<\/strong>\u00a0nell\u2019ambito del progetto\u00a0<strong>\u201cSeme diVento<\/strong>\u201d, realizzato dal Servizio nazionale per la pastorale giovanile, l\u2019ufficio catechistico nazionale e l\u2019ufficio nazionale per la pastorale della famiglia.<\/p>\n<p style=\"font-weight: 400;\"><em>\u00a0<\/em><em>\u201cObiettivo del percorso<\/em>\u00a0\u2013 sottolinea\u00a0<strong>mons. Valentino Bulgarelli<\/strong>, direttore dell\u2019Ufficio Catechistico Nazionale, si legge sulla pagina della Pastorale giovanile-<em>\u00a0\u00e8 \u201c<strong>ascoltarli e dialogare con loro<\/strong>\u201d\u00a0<strong>oltre che fare \u201cuna verifica per capire come la comunit\u00e0 cristiana si \u00e8 posta nei loro confronti&#8221;<\/strong>. <\/em><\/p>\n<p style=\"font-weight: 400;\"><em>&#8220;L\u2019invito \u00e8 a \u201clasciarsi raggiungere dal grido degli adolescenti\u201d &#8211; <\/em>osserva fra Marco Vianelli, direttore dell\u2019Ufficio Nazionale per la pastorale della famiglia<em>\u00a0\u201cquesto strumento potrebbe aiutare a creare una comunit\u00e0 capace di accoglierli\u201d.<\/em><\/p>\n<p style=\"font-weight: 400;\">I Giovanissimi di\u00a0oggi\u00a0quindi, sembrano essere\u00a0<strong>pi\u00f9 distaccati dalla fede<\/strong>, ma allo stesso tempo, come riporta l\u2019indagine di cui parla anche\u00a0<strong>Avvenire<\/strong>, molto impegnati nel sociale: il 48% lo definisce\u00a0<em>\u201cimportante e la pandemia non li ha fermati\u201d.<\/em><\/p>\n<p style=\"font-weight: 400;\"><em>\u00a0<\/em>Ma non basta, perch\u00e9, tra gli elementi dell\u2019indagine riguardanti i giovani a colpire di pi\u00f9<strong>\u00a0Nando Pagnoncelli, presidente Ipsos Italia \u201c<\/strong><em>relativamente alla pandemia \u2013\u00a0<\/em>racconta il presidente di Ipsos a <strong>Vatican News<\/strong>&#8211;<em>\u00a0\u00e8\u00a0<strong>che hanno saputo cogliere molti aspetti positivi pur in presenza di un impatto negativo sulle proprie relazioni,<\/strong>\u00a0sulla frequentazione dei propri amici. Riescono ad avere uno sguardo rivolto al futuro che \u00e8 prevalentemente ottimista. Si aspettano sostanzialmente una societ\u00e0 diversa, pi\u00f9 attenta all\u2019ambiente, pi\u00f9 solidale, pi\u00f9 inclusiva. Quindi la situazione vissuta non ha minato le loro speranze\u201d.<\/em><\/p>\n<p style=\"font-weight: 400;\">Per il 38% di loro, infatti le restrizioni dovute al coronavirus sono state valutate come un\u2019occasione di crescita. Per il 57% la dad \u00e8 stata un\u2019esperienza positiva.<\/p>\n<p style=\"font-weight: 400;\">Ragazzi postivi, speranzosi ed ottimisti quindi:\u00a0<em>\u201cquando si parla di ragazzi spesso si pensa che non siano soddisfatti delle loro vite &#8211;<\/em>riporta Vatican News raccontando quanto sottolineato da Pagnoncelli<em>&#8211; Invece\u00a0<strong>due giovani su tre sono soddisfatti della propria vita.\u00a0<\/strong>L\u2019altro elemento cui si pensa \u00e8 che non siano contenti del loro aspetto fisico: invece solo uno su cinque non \u00e8 contento. Fra gli aspetti importanti della vita segnalati compare al primo posto la libert\u00e0, l&#8217;amicizia, e alla pari, poi, divertimento e famiglia. Tutti elementi di una forte attenzione a questi aspetti della vita<\/em>\u201d. E per il 47% di loro la \u201cfamiglia ne \u00e8 uscita rinforzata.<\/p>\n<p style=\"font-weight: 400;\">\n","protected":false},"excerpt":{"rendered":"<p>&ldquo;Due giovani su tre sono soddisfatti della propria vita.&nbsp;Solo un ragazzo su cinque non &egrave; contento del proprio aspetto. Fra gli elementi importanti della vita segnalati compare al primo posto la libert&agrave;, l&rsquo;amicizia, e alla pari, poi, divertimento e famiglia&rdquo; Il 47% degli adolescenti (un ragazzo su due) si dichiara [&hellip;]<\/p>\n","protected":false},"author":4,"featured_media":2806,"comment_status":"open","ping_status":"open","sticky":false,"template":"","format":"standard","meta":{"footnotes":""},"categories":[1],"tags":[10],"class_list":{"0":"post-2805","1":"post","2":"type-post","3":"status-publish","4":"format-standard","5":"has-post-thumbnail","7":"category-news","8":"tag-operatori"},"yoast_head":"<!-- This site is optimized with the Yoast SEO plugin v26.1.1 - https:\/\/yoast.com\/wordpress\/plugins\/seo\/ -->\n<title>Adolescenti: la pandemia come occasione di crescita - AIBC<\/title>\n<meta name=\"robots\" content=\"index, follow, max-snippet:-1, max-image-preview:large, max-video-preview:-1\" \/>\n<link rel=\"canonical\" href=\"https:\/\/www.aibi.it\/coopaibc\/adolescenti-la-pandemia-come-occasione-di-crescita\/\" \/>\n<meta property=\"og:locale\" content=\"it_IT\" \/>\n<meta property=\"og:type\" content=\"article\" \/>\n<meta property=\"og:title\" content=\"Adolescenti: la pandemia come occasione di crescita - AIBC\" \/>\n<meta property=\"og:description\" content=\"&ldquo;Due giovani su tre sono soddisfatti della propria vita.&nbsp;Solo un ragazzo su cinque non &egrave; contento del proprio aspetto. Fra gli elementi importanti della vita segnalati compare al primo posto la libert&agrave;, l&rsquo;amicizia, e alla pari, poi, divertimento e famiglia&rdquo; Il 47% degli adolescenti (un ragazzo su due) si dichiara [&hellip;]\" \/>\n<meta property=\"og:url\" content=\"https:\/\/www.aibi.it\/coopaibc\/adolescenti-la-pandemia-come-occasione-di-crescita\/\" \/>\n<meta property=\"og:site_name\" content=\"AIBC\" \/>\n<meta property=\"article:published_time\" content=\"2021-07-29T18:44:09+00:00\" \/>\n<meta property=\"article:modified_time\" content=\"2021-07-29T18:50:38+00:00\" \/>\n<meta property=\"og:image\" content=\"https:\/\/www.aibi.it\/coopaibc\/wp-content\/uploads\/2021\/07\/adolescenti-2.jpg\" \/>\n\t<meta property=\"og:image:width\" content=\"1200\" \/>\n\t<meta property=\"og:image:height\" content=\"630\" \/>\n\t<meta property=\"og:image:type\" content=\"image\/jpeg\" \/>\n<meta name=\"author\" content=\"mariaS\" \/>\n<meta name=\"twitter:card\" content=\"summary_large_image\" \/>\n<meta name=\"twitter:label1\" content=\"Scritto da\" \/>\n\t<meta name=\"twitter:data1\" content=\"mariaS\" \/>\n\t<meta name=\"twitter:label2\" content=\"Tempo di lettura stimato\" \/>\n\t<meta name=\"twitter:data2\" content=\"3 minuti\" \/>\n<script type=\"application\/ld+json\" class=\"yoast-schema-graph\">{\"@context\":\"https:\/\/schema.org\",\"@graph\":[{\"@type\":\"Article\",\"@id\":\"https:\/\/www.aibi.it\/coopaibc\/adolescenti-la-pandemia-come-occasione-di-crescita\/#article\",\"isPartOf\":{\"@id\":\"https:\/\/www.aibi.it\/coopaibc\/adolescenti-la-pandemia-come-occasione-di-crescita\/\"},\"author\":{\"name\":\"mariaS\",\"@id\":\"https:\/\/www.aibi.it\/coopaibc\/#\/schema\/person\/20c35acf37410bdb55edad4e6aa0ff7c\"},\"headline\":\"Adolescenti: la pandemia come occasione di crescita\",\"datePublished\":\"2021-07-29T18:44:09+00:00\",\"dateModified\":\"2021-07-29T18:50:38+00:00\",\"mainEntityOfPage\":{\"@id\":\"https:\/\/www.aibi.it\/coopaibc\/adolescenti-la-pandemia-come-occasione-di-crescita\/\"},\"wordCount\":481,\"commentCount\":0,\"publisher\":{\"@id\":\"https:\/\/www.aibi.it\/coopaibc\/#organization\"},\"image\":{\"@id\":\"https:\/\/www.aibi.it\/coopaibc\/adolescenti-la-pandemia-come-occasione-di-crescita\/#primaryimage\"},\"thumbnailUrl\":\"https:\/\/www.aibi.it\/coopaibc\/wp-content\/uploads\/2021\/07\/adolescenti-2.jpg\",\"keywords\":[\"operatori\"],\"articleSection\":[\"News\"],\"inLanguage\":\"it-IT\",\"potentialAction\":[{\"@type\":\"CommentAction\",\"name\":\"Comment\",\"target\":[\"https:\/\/www.aibi.it\/coopaibc\/adolescenti-la-pandemia-come-occasione-di-crescita\/#respond\"]}]},{\"@type\":\"WebPage\",\"@id\":\"https:\/\/www.aibi.it\/coopaibc\/adolescenti-la-pandemia-come-occasione-di-crescita\/\",\"url\":\"https:\/\/www.aibi.it\/coopaibc\/adolescenti-la-pandemia-come-occasione-di-crescita\/\",\"name\":\"Adolescenti: la pandemia come occasione di crescita - AIBC\",\"isPartOf\":{\"@id\":\"https:\/\/www.aibi.it\/coopaibc\/#website\"},\"primaryImageOfPage\":{\"@id\":\"https:\/\/www.aibi.it\/coopaibc\/adolescenti-la-pandemia-come-occasione-di-crescita\/#primaryimage\"},\"image\":{\"@id\":\"https:\/\/www.aibi.it\/coopaibc\/adolescenti-la-pandemia-come-occasione-di-crescita\/#primaryimage\"},\"thumbnailUrl\":\"https:\/\/www.aibi.it\/coopaibc\/wp-content\/uploads\/2021\/07\/adolescenti-2.jpg\",\"datePublished\":\"2021-07-29T18:44:09+00:00\",\"dateModified\":\"2021-07-29T18:50:38+00:00\",\"breadcrumb\":{\"@id\":\"https:\/\/www.aibi.it\/coopaibc\/adolescenti-la-pandemia-come-occasione-di-crescita\/#breadcrumb\"},\"inLanguage\":\"it-IT\",\"potentialAction\":[{\"@type\":\"ReadAction\",\"target\":[\"https:\/\/www.aibi.it\/coopaibc\/adolescenti-la-pandemia-come-occasione-di-crescita\/\"]}]},{\"@type\":\"ImageObject\",\"inLanguage\":\"it-IT\",\"@id\":\"https:\/\/www.aibi.it\/coopaibc\/adolescenti-la-pandemia-come-occasione-di-crescita\/#primaryimage\",\"url\":\"https:\/\/www.aibi.it\/coopaibc\/wp-content\/uploads\/2021\/07\/adolescenti-2.jpg\",\"contentUrl\":\"https:\/\/www.aibi.it\/coopaibc\/wp-content\/uploads\/2021\/07\/adolescenti-2.jpg\",\"width\":1200,\"height\":630},{\"@type\":\"BreadcrumbList\",\"@id\":\"https:\/\/www.aibi.it\/coopaibc\/adolescenti-la-pandemia-come-occasione-di-crescita\/#breadcrumb\",\"itemListElement\":[{\"@type\":\"ListItem\",\"position\":1,\"name\":\"Home\",\"item\":\"https:\/\/www.aibi.it\/coopaibc\/\"},{\"@type\":\"ListItem\",\"position\":2,\"name\":\"Adolescenti: la pandemia come occasione di crescita\"}]},{\"@type\":\"WebSite\",\"@id\":\"https:\/\/www.aibi.it\/coopaibc\/#website\",\"url\":\"https:\/\/www.aibi.it\/coopaibc\/\",\"name\":\"AIBC\",\"description\":\"Cooperativa Sociale\",\"publisher\":{\"@id\":\"https:\/\/www.aibi.it\/coopaibc\/#organization\"},\"potentialAction\":[{\"@type\":\"SearchAction\",\"target\":{\"@type\":\"EntryPoint\",\"urlTemplate\":\"https:\/\/www.aibi.it\/coopaibc\/?s={search_term_string}\"},\"query-input\":{\"@type\":\"PropertyValueSpecification\",\"valueRequired\":true,\"valueName\":\"search_term_string\"}}],\"inLanguage\":\"it-IT\"},{\"@type\":\"Organization\",\"@id\":\"https:\/\/www.aibi.it\/coopaibc\/#organization\",\"name\":\"AIBC\",\"url\":\"https:\/\/www.aibi.it\/coopaibc\/\",\"logo\":{\"@type\":\"ImageObject\",\"inLanguage\":\"it-IT\",\"@id\":\"https:\/\/www.aibi.it\/coopaibc\/#\/schema\/logo\/image\/\",\"url\":\"https:\/\/www.aibi.it\/coopaibc\/wp-content\/uploads\/2016\/11\/cropped-logo-aibc-arancio-neg-150-1.png\",\"contentUrl\":\"https:\/\/www.aibi.it\/coopaibc\/wp-content\/uploads\/2016\/11\/cropped-logo-aibc-arancio-neg-150-1.png\",\"width\":150,\"height\":88,\"caption\":\"AIBC\"},\"image\":{\"@id\":\"https:\/\/www.aibi.it\/coopaibc\/#\/schema\/logo\/image\/\"}},{\"@type\":\"Person\",\"@id\":\"https:\/\/www.aibi.it\/coopaibc\/#\/schema\/person\/20c35acf37410bdb55edad4e6aa0ff7c\",\"name\":\"mariaS\",\"image\":{\"@type\":\"ImageObject\",\"inLanguage\":\"it-IT\",\"@id\":\"https:\/\/www.aibi.it\/coopaibc\/#\/schema\/person\/image\/\",\"url\":\"https:\/\/secure.gravatar.com\/avatar\/2cc649c1b18c2525711df2229be1bec404547cf030008c81a2f6b37f5287aaab?s=96&d=mm&r=g\",\"contentUrl\":\"https:\/\/secure.gravatar.com\/avatar\/2cc649c1b18c2525711df2229be1bec404547cf030008c81a2f6b37f5287aaab?s=96&d=mm&r=g\",\"caption\":\"mariaS\"},\"url\":\"https:\/\/www.aibi.it\/coopaibc\/author\/marias\/\"}]}<\/script>\n<!-- \/ Yoast SEO plugin. -->","yoast_head_json":{"title":"Adolescenti: la pandemia come occasione di crescita - AIBC","robots":{"index":"index","follow":"follow","max-snippet":"max-snippet:-1","max-image-preview":"max-image-preview:large","max-video-preview":"max-video-preview:-1"},"canonical":"https:\/\/www.aibi.it\/coopaibc\/adolescenti-la-pandemia-come-occasione-di-crescita\/","og_locale":"it_IT","og_type":"article","og_title":"Adolescenti: la pandemia come occasione di crescita - AIBC","og_description":"&ldquo;Due giovani su tre sono soddisfatti della propria vita.&nbsp;Solo un ragazzo su cinque non &egrave; contento del proprio aspetto. Fra gli elementi importanti della vita segnalati compare al primo posto la libert&agrave;, l&rsquo;amicizia, e alla pari, poi, divertimento e famiglia&rdquo; Il 47% degli adolescenti (un ragazzo su due) si dichiara [&hellip;]","og_url":"https:\/\/www.aibi.it\/coopaibc\/adolescenti-la-pandemia-come-occasione-di-crescita\/","og_site_name":"AIBC","article_published_time":"2021-07-29T18:44:09+00:00","article_modified_time":"2021-07-29T18:50:38+00:00","og_image":[{"width":1200,"height":630,"url":"https:\/\/www.aibi.it\/coopaibc\/wp-content\/uploads\/2021\/07\/adolescenti-2.jpg","type":"image\/jpeg"}],"author":"mariaS","twitter_card":"summary_large_image","twitter_misc":{"Scritto da":"mariaS","Tempo di lettura stimato":"3 minuti"},"schema":{"@context":"https:\/\/schema.org","@graph":[{"@type":"Article","@id":"https:\/\/www.aibi.it\/coopaibc\/adolescenti-la-pandemia-come-occasione-di-crescita\/#article","isPartOf":{"@id":"https:\/\/www.aibi.it\/coopaibc\/adolescenti-la-pandemia-come-occasione-di-crescita\/"},"author":{"name":"mariaS","@id":"https:\/\/www.aibi.it\/coopaibc\/#\/schema\/person\/20c35acf37410bdb55edad4e6aa0ff7c"},"headline":"Adolescenti: la pandemia come occasione di crescita","datePublished":"2021-07-29T18:44:09+00:00","dateModified":"2021-07-29T18:50:38+00:00","mainEntityOfPage":{"@id":"https:\/\/www.aibi.it\/coopaibc\/adolescenti-la-pandemia-come-occasione-di-crescita\/"},"wordCount":481,"commentCount":0,"publisher":{"@id":"https:\/\/www.aibi.it\/coopaibc\/#organization"},"image":{"@id":"https:\/\/www.aibi.it\/coopaibc\/adolescenti-la-pandemia-come-occasione-di-crescita\/#primaryimage"},"thumbnailUrl":"https:\/\/www.aibi.it\/coopaibc\/wp-content\/uploads\/2021\/07\/adolescenti-2.jpg","keywords":["operatori"],"articleSection":["News"],"inLanguage":"it-IT","potentialAction":[{"@type":"CommentAction","name":"Comment","target":["https:\/\/www.aibi.it\/coopaibc\/adolescenti-la-pandemia-come-occasione-di-crescita\/#respond"]}]},{"@type":"WebPage","@id":"https:\/\/www.aibi.it\/coopaibc\/adolescenti-la-pandemia-come-occasione-di-crescita\/","url":"https:\/\/www.aibi.it\/coopaibc\/adolescenti-la-pandemia-come-occasione-di-crescita\/","name":"Adolescenti: la pandemia come occasione di crescita - AIBC","isPartOf":{"@id":"https:\/\/www.aibi.it\/coopaibc\/#website"},"primaryImageOfPage":{"@id":"https:\/\/www.aibi.it\/coopaibc\/adolescenti-la-pandemia-come-occasione-di-crescita\/#primaryimage"},"image":{"@id":"https:\/\/www.aibi.it\/coopaibc\/adolescenti-la-pandemia-come-occasione-di-crescita\/#primaryimage"},"thumbnailUrl":"https:\/\/www.aibi.it\/coopaibc\/wp-content\/uploads\/2021\/07\/adolescenti-2.jpg","datePublished":"2021-07-29T18:44:09+00:00","dateModified":"2021-07-29T18:50:38+00:00","breadcrumb":{"@id":"https:\/\/www.aibi.it\/coopaibc\/adolescenti-la-pandemia-come-occasione-di-crescita\/#breadcrumb"},"inLanguage":"it-IT","potentialAction":[{"@type":"ReadAction","target":["https:\/\/www.aibi.it\/coopaibc\/adolescenti-la-pandemia-come-occasione-di-crescita\/"]}]},{"@type":"ImageObject","inLanguage":"it-IT","@id":"https:\/\/www.aibi.it\/coopaibc\/adolescenti-la-pandemia-come-occasione-di-crescita\/#primaryimage","url":"https:\/\/www.aibi.it\/coopaibc\/wp-content\/uploads\/2021\/07\/adolescenti-2.jpg","contentUrl":"https:\/\/www.aibi.it\/coopaibc\/wp-content\/uploads\/2021\/07\/adolescenti-2.jpg","width":1200,"height":630},{"@type":"BreadcrumbList","@id":"https:\/\/www.aibi.it\/coopaibc\/adolescenti-la-pandemia-come-occasione-di-crescita\/#breadcrumb","itemListElement":[{"@type":"ListItem","position":1,"name":"Home","item":"https:\/\/www.aibi.it\/coopaibc\/"},{"@type":"ListItem","position":2,"name":"Adolescenti: la pandemia come occasione di crescita"}]},{"@type":"WebSite","@id":"https:\/\/www.aibi.it\/coopaibc\/#website","url":"https:\/\/www.aibi.it\/coopaibc\/","name":"AIBC","description":"Cooperativa Sociale","publisher":{"@id":"https:\/\/www.aibi.it\/coopaibc\/#organization"},"potentialAction":[{"@type":"SearchAction","target":{"@type":"EntryPoint","urlTemplate":"https:\/\/www.aibi.it\/coopaibc\/?s={search_term_string}"},"query-input":{"@type":"PropertyValueSpecification","valueRequired":true,"valueName":"search_term_string"}}],"inLanguage":"it-IT"},{"@type":"Organization","@id":"https:\/\/www.aibi.it\/coopaibc\/#organization","name":"AIBC","url":"https:\/\/www.aibi.it\/coopaibc\/","logo":{"@type":"ImageObject","inLanguage":"it-IT","@id":"https:\/\/www.aibi.it\/coopaibc\/#\/schema\/logo\/image\/","url":"https:\/\/www.aibi.it\/coopaibc\/wp-content\/uploads\/2016\/11\/cropped-logo-aibc-arancio-neg-150-1.png","contentUrl":"https:\/\/www.aibi.it\/coopaibc\/wp-content\/uploads\/2016\/11\/cropped-logo-aibc-arancio-neg-150-1.png","width":150,"height":88,"caption":"AIBC"},"image":{"@id":"https:\/\/www.aibi.it\/coopaibc\/#\/schema\/logo\/image\/"}},{"@type":"Person","@id":"https:\/\/www.aibi.it\/coopaibc\/#\/schema\/person\/20c35acf37410bdb55edad4e6aa0ff7c","name":"mariaS","image":{"@type":"ImageObject","inLanguage":"it-IT","@id":"https:\/\/www.aibi.it\/coopaibc\/#\/schema\/person\/image\/","url":"https:\/\/secure.gravatar.com\/avatar\/2cc649c1b18c2525711df2229be1bec404547cf030008c81a2f6b37f5287aaab?s=96&d=mm&r=g","contentUrl":"https:\/\/secure.gravatar.com\/avatar\/2cc649c1b18c2525711df2229be1bec404547cf030008c81a2f6b37f5287aaab?s=96&d=mm&r=g","caption":"mariaS"},"url":"https:\/\/www.aibi.it\/coopaibc\/author\/marias\/"}]}},"_links":{"self":[{"href":"https:\/\/www.aibi.it\/coopaibc\/wp-json\/wp\/v2\/posts\/2805","targetHints":{"allow":["GET"]}}],"collection":[{"href":"https:\/\/www.aibi.it\/coopaibc\/wp-json\/wp\/v2\/posts"}],"about":[{"href":"https:\/\/www.aibi.it\/coopaibc\/wp-json\/wp\/v2\/types\/post"}],"author":[{"embeddable":true,"href":"https:\/\/www.aibi.it\/coopaibc\/wp-json\/wp\/v2\/users\/4"}],"replies":[{"embeddable":true,"href":"https:\/\/www.aibi.it\/coopaibc\/wp-json\/wp\/v2\/comments?post=2805"}],"version-history":[{"count":3,"href":"https:\/\/www.aibi.it\/coopaibc\/wp-json\/wp\/v2\/posts\/2805\/revisions"}],"predecessor-version":[{"id":2809,"href":"https:\/\/www.aibi.it\/coopaibc\/wp-json\/wp\/v2\/posts\/2805\/revisions\/2809"}],"wp:featuredmedia":[{"embeddable":true,"href":"https:\/\/www.aibi.it\/coopaibc\/wp-json\/wp\/v2\/media\/2806"}],"wp:attachment":[{"href":"https:\/\/www.aibi.it\/coopaibc\/wp-json\/wp\/v2\/media?parent=2805"}],"wp:term":[{"taxonomy":"category","embeddable":true,"href":"https:\/\/www.aibi.it\/coopaibc\/wp-json\/wp\/v2\/categories?post=2805"},{"taxonomy":"post_tag","embeddable":true,"href":"https:\/\/www.aibi.it\/coopaibc\/wp-json\/wp\/v2\/tags?post=2805"}],"curies":[{"name":"wp","href":"https:\/\/api.w.org\/{rel}","templated":true}]}}