{"id":3220,"date":"2022-04-28T18:24:45","date_gmt":"2022-04-28T16:24:45","guid":{"rendered":"https:\/\/www.aibi.it\/coopaibc\/?p=3220"},"modified":"2022-04-28T18:24:45","modified_gmt":"2022-04-28T16:24:45","slug":"disabilita-dopo-30-anni-la-legge-104-del-92-e-ancora-valida","status":"publish","type":"post","link":"https:\/\/www.aibi.it\/coopaibc\/disabilita-dopo-30-anni-la-legge-104-del-92-e-ancora-valida\/","title":{"rendered":"Disabilit\u00e0. Dopo 30 anni, la legge 104 del 92 \u00e8 ancora valida?"},"content":{"rendered":"<h2><em>&#8220;Occorre arrivare alla\u00a0<strong>totale rimozione delle barriere<\/strong> che possono ostacolare la partecipazione piena ed effettiva delle persone con fragilit\u00e0 alla societ\u00e0. Altrimenti si perder\u00e0 lo spirito di questa legge&#8221; <\/em><strong>Alda Cattelini (Aias)<\/strong><\/h2>\n<p style=\"font-weight: 400;\">1992 \u2013 2022, la legge\u00a0<strong>104<\/strong>: \u201c<strong><a href=\"https:\/\/www.normattiva.it\/uri-res\/N2Ls?urn:nir:stato:legge:1992-02-05;104!vig=\" target=\"_blank\" rel=\"noopener noreferrer\">Legge-quadro per l&#8217;assistenza, l&#8217;integrazione sociale e i diritti delle persone handicappate<\/a><\/strong>\u201d compie 30 anni. Trent\u2019anni di civilt\u00e0 a favore dell\u2019inclusione di tutti gli individui nella vita del nostro Paese. Una legge che, come spiegato da<strong>\u00a0Alda Cattelini<\/strong>, dell\u2019<strong>Aias<\/strong>\u00a0(Associazione Italiana Assistenza Spastici), intervistata dal\u00a0web magazine\u00a0<strong>Interris,<\/strong>\u00a0si \u00e8 posta l\u2019obiettivo di: \u201c<em>garantire l\u2019integrazione nonch\u00e9 il pieno rispetto della\u00a0<strong>dignit\u00e0 umana e i diritti di libert\u00e0 e di autonomia<\/strong>\u00a0della persona con disabilit\u00e0 e la piena integrazione nel lavoro, nella societ\u00e0, nella famiglia e nella scuola\u201d.<\/em><\/p>\n<h3 style=\"font-weight: 400;\"><strong>Dal 1992 ad\u00a0oggi, diverse sono state le modifiche e le integrazioni apportate alla legge ma, sottolinea la Cattelini: \u201c<em>la sua valenza originaria \u00e8 rimasta la stessa\u201d.<\/em><\/strong><\/h3>\n<p style=\"font-weight: 400;\">\u201c<em>L\u2019aspetto pi\u00f9 importante \u2013\u00a0<\/em>riflette<em>&#8211; che sta alla base di questa legge \u00e8 la\u00a0<strong>consapevolezza che la persona con disabilit\u00e0 \u00e8 l\u2019Uomo<\/strong><\/em>,\u00a0<strong><em>nel complesso della sua personalit\u00e0<\/em><\/strong><em>, non connotata da una sola dimensione, che per\u00f2 deve essere messa al centro di un complesso numero di interventi sinergici con l\u2019obiettivo di dare prospettive concrete di inclusione\u2026\u201d.<\/em><\/p>\n<p style=\"font-weight: 400;\"><em>\u00a0<\/em>Ma la legge 104 del 1992 pone l\u2019accento anche sul diritto dei familiari di accudire un membro della famiglia disabile, usufruendo di alcune agevolazioni come i\u00a0<strong>permessi<\/strong>\u00a0(art. 33) e sul\u00a0<strong>diritto all\u2019educazione, all\u2019istruzione<\/strong>\u00a0oltre che alla piena integrazione scolastica, che come si legge nell\u2019art. 12 della norma: \u201c<em>ha come obiettivo lo sviluppo delle potenzialit\u00e0 della persona handicappata nell\u2019apprendimento, nella comunicazione, nelle relazioni e nella socializzazione\u201d.\u00a0<\/em>Perch\u00e9:<em> \u201cL&#8217;esercizio del diritto all&#8217;educazione non pu\u00f2 essere impedito da difficolt\u00e0 di apprendimento n\u00e9 di altre difficolt\u00e0\u00a0derivanti dalle disabilit\u00e0 connesse all&#8217;handicap\u201d.<\/em><\/p>\n<h3 style=\"font-weight: 400;\"><strong>Insomma, utilizzando le parole della Cattelini: \u201c<em>Si pu\u00f2 dire che lo spirito che ha connotato questa legge \u00e8 la speranza\u201d.<\/em><\/strong><\/h3>\n<p style=\"font-weight: 400;\">Tanto \u00e8 stato fatto, ma ancora di pi\u00f9 c\u2019\u00e8 da fare per giungere come spiega nell\u2019intervista Alda Cattelini: \u201c<em>alla\u00a0<strong>totale rimozione delle barriere<\/strong>\u00a0che possono ostacolare la partecipazione piena ed effettiva delle persone con fragilit\u00e0 alla societ\u00e0. [\u2026] Bisogna agire nell\u2019ottica di favorire nonch\u00e9 incrementare le possibilit\u00e0 delle persone con disabilit\u00e0 di autodeterminarsi nella societ\u00e0 attraverso la realizzazione\u00a0<strong>dei propri sogni e obiettivi<\/strong>, ci\u00f2 rappresenta la misura dell\u2019avanzamento morale e civile di una societ\u00e0<\/em>\u201d.<\/p>\n<p style=\"font-weight: 400;\">\n<p style=\"font-weight: 400;\">\n<p><strong>\u00a0<\/strong><\/p>\n","protected":false},"excerpt":{"rendered":"<p>&ldquo;Occorre arrivare alla&nbsp;totale rimozione delle barriere che possono ostacolare la partecipazione piena ed effettiva delle persone con fragilit&agrave; alla societ&agrave;. Altrimenti si perder&agrave; lo spirito di questa legge&rdquo; Alda Cattelini (Aias) 1992 &ndash; 2022, la legge&nbsp;104: &ldquo;Legge-quadro per l&rsquo;assistenza, l&rsquo;integrazione sociale e i diritti delle persone handicappate&rdquo; compie 30 anni. [&hellip;]<\/p>\n","protected":false},"author":4,"featured_media":3221,"comment_status":"open","ping_status":"open","sticky":false,"template":"","format":"standard","meta":{"footnotes":""},"categories":[1],"tags":[],"class_list":{"0":"post-3220","1":"post","2":"type-post","3":"status-publish","4":"format-standard","5":"has-post-thumbnail","7":"category-news"},"yoast_head":"<!-- This site is optimized with the Yoast SEO plugin v26.1.1 - https:\/\/yoast.com\/wordpress\/plugins\/seo\/ -->\n<title>Disabilit\u00e0. Dopo 30 anni, la legge 104 del 92 \u00e8 ancora valida? - AIBC<\/title>\n<meta name=\"robots\" content=\"index, follow, max-snippet:-1, max-image-preview:large, max-video-preview:-1\" \/>\n<link rel=\"canonical\" href=\"https:\/\/www.aibi.it\/coopaibc\/disabilita-dopo-30-anni-la-legge-104-del-92-e-ancora-valida\/\" \/>\n<meta property=\"og:locale\" content=\"it_IT\" \/>\n<meta property=\"og:type\" content=\"article\" \/>\n<meta property=\"og:title\" content=\"Disabilit\u00e0. Dopo 30 anni, la legge 104 del 92 \u00e8 ancora valida? - AIBC\" \/>\n<meta property=\"og:description\" content=\"&ldquo;Occorre arrivare alla&nbsp;totale rimozione delle barriere che possono ostacolare la partecipazione piena ed effettiva delle persone con fragilit&agrave; alla societ&agrave;. Altrimenti si perder&agrave; lo spirito di questa legge&rdquo; Alda Cattelini (Aias) 1992 &ndash; 2022, la legge&nbsp;104: &ldquo;Legge-quadro per l&rsquo;assistenza, l&rsquo;integrazione sociale e i diritti delle persone handicappate&rdquo; compie 30 anni. [&hellip;]\" \/>\n<meta property=\"og:url\" content=\"https:\/\/www.aibi.it\/coopaibc\/disabilita-dopo-30-anni-la-legge-104-del-92-e-ancora-valida\/\" \/>\n<meta property=\"og:site_name\" content=\"AIBC\" \/>\n<meta property=\"article:published_time\" content=\"2022-04-28T16:24:45+00:00\" \/>\n<meta property=\"og:image\" content=\"https:\/\/www.aibi.it\/coopaibc\/wp-content\/uploads\/2022\/04\/inclusion-g3523c7055_1280.jpg\" \/>\n\t<meta property=\"og:image:width\" content=\"1200\" \/>\n\t<meta property=\"og:image:height\" content=\"630\" \/>\n\t<meta property=\"og:image:type\" content=\"image\/jpeg\" \/>\n<meta name=\"author\" content=\"mariaS\" \/>\n<meta name=\"twitter:card\" content=\"summary_large_image\" \/>\n<meta name=\"twitter:label1\" content=\"Scritto da\" \/>\n\t<meta name=\"twitter:data1\" content=\"mariaS\" \/>\n\t<meta name=\"twitter:label2\" content=\"Tempo di lettura stimato\" \/>\n\t<meta name=\"twitter:data2\" content=\"2 minuti\" \/>\n<script type=\"application\/ld+json\" class=\"yoast-schema-graph\">{\"@context\":\"https:\/\/schema.org\",\"@graph\":[{\"@type\":\"Article\",\"@id\":\"https:\/\/www.aibi.it\/coopaibc\/disabilita-dopo-30-anni-la-legge-104-del-92-e-ancora-valida\/#article\",\"isPartOf\":{\"@id\":\"https:\/\/www.aibi.it\/coopaibc\/disabilita-dopo-30-anni-la-legge-104-del-92-e-ancora-valida\/\"},\"author\":{\"name\":\"mariaS\",\"@id\":\"https:\/\/www.aibi.it\/coopaibc\/#\/schema\/person\/20c35acf37410bdb55edad4e6aa0ff7c\"},\"headline\":\"Disabilit\u00e0. Dopo 30 anni, la legge 104 del 92 \u00e8 ancora valida?\",\"datePublished\":\"2022-04-28T16:24:45+00:00\",\"mainEntityOfPage\":{\"@id\":\"https:\/\/www.aibi.it\/coopaibc\/disabilita-dopo-30-anni-la-legge-104-del-92-e-ancora-valida\/\"},\"wordCount\":394,\"commentCount\":0,\"publisher\":{\"@id\":\"https:\/\/www.aibi.it\/coopaibc\/#organization\"},\"image\":{\"@id\":\"https:\/\/www.aibi.it\/coopaibc\/disabilita-dopo-30-anni-la-legge-104-del-92-e-ancora-valida\/#primaryimage\"},\"thumbnailUrl\":\"https:\/\/www.aibi.it\/coopaibc\/wp-content\/uploads\/2022\/04\/inclusion-g3523c7055_1280.jpg\",\"articleSection\":[\"News\"],\"inLanguage\":\"it-IT\",\"potentialAction\":[{\"@type\":\"CommentAction\",\"name\":\"Comment\",\"target\":[\"https:\/\/www.aibi.it\/coopaibc\/disabilita-dopo-30-anni-la-legge-104-del-92-e-ancora-valida\/#respond\"]}]},{\"@type\":\"WebPage\",\"@id\":\"https:\/\/www.aibi.it\/coopaibc\/disabilita-dopo-30-anni-la-legge-104-del-92-e-ancora-valida\/\",\"url\":\"https:\/\/www.aibi.it\/coopaibc\/disabilita-dopo-30-anni-la-legge-104-del-92-e-ancora-valida\/\",\"name\":\"Disabilit\u00e0. Dopo 30 anni, la legge 104 del 92 \u00e8 ancora valida? - AIBC\",\"isPartOf\":{\"@id\":\"https:\/\/www.aibi.it\/coopaibc\/#website\"},\"primaryImageOfPage\":{\"@id\":\"https:\/\/www.aibi.it\/coopaibc\/disabilita-dopo-30-anni-la-legge-104-del-92-e-ancora-valida\/#primaryimage\"},\"image\":{\"@id\":\"https:\/\/www.aibi.it\/coopaibc\/disabilita-dopo-30-anni-la-legge-104-del-92-e-ancora-valida\/#primaryimage\"},\"thumbnailUrl\":\"https:\/\/www.aibi.it\/coopaibc\/wp-content\/uploads\/2022\/04\/inclusion-g3523c7055_1280.jpg\",\"datePublished\":\"2022-04-28T16:24:45+00:00\",\"breadcrumb\":{\"@id\":\"https:\/\/www.aibi.it\/coopaibc\/disabilita-dopo-30-anni-la-legge-104-del-92-e-ancora-valida\/#breadcrumb\"},\"inLanguage\":\"it-IT\",\"potentialAction\":[{\"@type\":\"ReadAction\",\"target\":[\"https:\/\/www.aibi.it\/coopaibc\/disabilita-dopo-30-anni-la-legge-104-del-92-e-ancora-valida\/\"]}]},{\"@type\":\"ImageObject\",\"inLanguage\":\"it-IT\",\"@id\":\"https:\/\/www.aibi.it\/coopaibc\/disabilita-dopo-30-anni-la-legge-104-del-92-e-ancora-valida\/#primaryimage\",\"url\":\"https:\/\/www.aibi.it\/coopaibc\/wp-content\/uploads\/2022\/04\/inclusion-g3523c7055_1280.jpg\",\"contentUrl\":\"https:\/\/www.aibi.it\/coopaibc\/wp-content\/uploads\/2022\/04\/inclusion-g3523c7055_1280.jpg\",\"width\":1200,\"height\":630},{\"@type\":\"BreadcrumbList\",\"@id\":\"https:\/\/www.aibi.it\/coopaibc\/disabilita-dopo-30-anni-la-legge-104-del-92-e-ancora-valida\/#breadcrumb\",\"itemListElement\":[{\"@type\":\"ListItem\",\"position\":1,\"name\":\"Home\",\"item\":\"https:\/\/www.aibi.it\/coopaibc\/\"},{\"@type\":\"ListItem\",\"position\":2,\"name\":\"Disabilit\u00e0. Dopo 30 anni, la legge 104 del 92 \u00e8 ancora valida?\"}]},{\"@type\":\"WebSite\",\"@id\":\"https:\/\/www.aibi.it\/coopaibc\/#website\",\"url\":\"https:\/\/www.aibi.it\/coopaibc\/\",\"name\":\"AIBC\",\"description\":\"Cooperativa Sociale\",\"publisher\":{\"@id\":\"https:\/\/www.aibi.it\/coopaibc\/#organization\"},\"potentialAction\":[{\"@type\":\"SearchAction\",\"target\":{\"@type\":\"EntryPoint\",\"urlTemplate\":\"https:\/\/www.aibi.it\/coopaibc\/?s={search_term_string}\"},\"query-input\":{\"@type\":\"PropertyValueSpecification\",\"valueRequired\":true,\"valueName\":\"search_term_string\"}}],\"inLanguage\":\"it-IT\"},{\"@type\":\"Organization\",\"@id\":\"https:\/\/www.aibi.it\/coopaibc\/#organization\",\"name\":\"AIBC\",\"url\":\"https:\/\/www.aibi.it\/coopaibc\/\",\"logo\":{\"@type\":\"ImageObject\",\"inLanguage\":\"it-IT\",\"@id\":\"https:\/\/www.aibi.it\/coopaibc\/#\/schema\/logo\/image\/\",\"url\":\"https:\/\/www.aibi.it\/coopaibc\/wp-content\/uploads\/2016\/11\/cropped-logo-aibc-arancio-neg-150-1.png\",\"contentUrl\":\"https:\/\/www.aibi.it\/coopaibc\/wp-content\/uploads\/2016\/11\/cropped-logo-aibc-arancio-neg-150-1.png\",\"width\":150,\"height\":88,\"caption\":\"AIBC\"},\"image\":{\"@id\":\"https:\/\/www.aibi.it\/coopaibc\/#\/schema\/logo\/image\/\"}},{\"@type\":\"Person\",\"@id\":\"https:\/\/www.aibi.it\/coopaibc\/#\/schema\/person\/20c35acf37410bdb55edad4e6aa0ff7c\",\"name\":\"mariaS\",\"image\":{\"@type\":\"ImageObject\",\"inLanguage\":\"it-IT\",\"@id\":\"https:\/\/www.aibi.it\/coopaibc\/#\/schema\/person\/image\/\",\"url\":\"https:\/\/secure.gravatar.com\/avatar\/2cc649c1b18c2525711df2229be1bec404547cf030008c81a2f6b37f5287aaab?s=96&d=mm&r=g\",\"contentUrl\":\"https:\/\/secure.gravatar.com\/avatar\/2cc649c1b18c2525711df2229be1bec404547cf030008c81a2f6b37f5287aaab?s=96&d=mm&r=g\",\"caption\":\"mariaS\"},\"url\":\"https:\/\/www.aibi.it\/coopaibc\/author\/marias\/\"}]}<\/script>\n<!-- \/ Yoast SEO plugin. -->","yoast_head_json":{"title":"Disabilit\u00e0. Dopo 30 anni, la legge 104 del 92 \u00e8 ancora valida? - AIBC","robots":{"index":"index","follow":"follow","max-snippet":"max-snippet:-1","max-image-preview":"max-image-preview:large","max-video-preview":"max-video-preview:-1"},"canonical":"https:\/\/www.aibi.it\/coopaibc\/disabilita-dopo-30-anni-la-legge-104-del-92-e-ancora-valida\/","og_locale":"it_IT","og_type":"article","og_title":"Disabilit\u00e0. Dopo 30 anni, la legge 104 del 92 \u00e8 ancora valida? - AIBC","og_description":"&ldquo;Occorre arrivare alla&nbsp;totale rimozione delle barriere che possono ostacolare la partecipazione piena ed effettiva delle persone con fragilit&agrave; alla societ&agrave;. Altrimenti si perder&agrave; lo spirito di questa legge&rdquo; Alda Cattelini (Aias) 1992 &ndash; 2022, la legge&nbsp;104: &ldquo;Legge-quadro per l&rsquo;assistenza, l&rsquo;integrazione sociale e i diritti delle persone handicappate&rdquo; compie 30 anni. [&hellip;]","og_url":"https:\/\/www.aibi.it\/coopaibc\/disabilita-dopo-30-anni-la-legge-104-del-92-e-ancora-valida\/","og_site_name":"AIBC","article_published_time":"2022-04-28T16:24:45+00:00","og_image":[{"width":1200,"height":630,"url":"https:\/\/www.aibi.it\/coopaibc\/wp-content\/uploads\/2022\/04\/inclusion-g3523c7055_1280.jpg","type":"image\/jpeg"}],"author":"mariaS","twitter_card":"summary_large_image","twitter_misc":{"Scritto da":"mariaS","Tempo di lettura stimato":"2 minuti"},"schema":{"@context":"https:\/\/schema.org","@graph":[{"@type":"Article","@id":"https:\/\/www.aibi.it\/coopaibc\/disabilita-dopo-30-anni-la-legge-104-del-92-e-ancora-valida\/#article","isPartOf":{"@id":"https:\/\/www.aibi.it\/coopaibc\/disabilita-dopo-30-anni-la-legge-104-del-92-e-ancora-valida\/"},"author":{"name":"mariaS","@id":"https:\/\/www.aibi.it\/coopaibc\/#\/schema\/person\/20c35acf37410bdb55edad4e6aa0ff7c"},"headline":"Disabilit\u00e0. Dopo 30 anni, la legge 104 del 92 \u00e8 ancora valida?","datePublished":"2022-04-28T16:24:45+00:00","mainEntityOfPage":{"@id":"https:\/\/www.aibi.it\/coopaibc\/disabilita-dopo-30-anni-la-legge-104-del-92-e-ancora-valida\/"},"wordCount":394,"commentCount":0,"publisher":{"@id":"https:\/\/www.aibi.it\/coopaibc\/#organization"},"image":{"@id":"https:\/\/www.aibi.it\/coopaibc\/disabilita-dopo-30-anni-la-legge-104-del-92-e-ancora-valida\/#primaryimage"},"thumbnailUrl":"https:\/\/www.aibi.it\/coopaibc\/wp-content\/uploads\/2022\/04\/inclusion-g3523c7055_1280.jpg","articleSection":["News"],"inLanguage":"it-IT","potentialAction":[{"@type":"CommentAction","name":"Comment","target":["https:\/\/www.aibi.it\/coopaibc\/disabilita-dopo-30-anni-la-legge-104-del-92-e-ancora-valida\/#respond"]}]},{"@type":"WebPage","@id":"https:\/\/www.aibi.it\/coopaibc\/disabilita-dopo-30-anni-la-legge-104-del-92-e-ancora-valida\/","url":"https:\/\/www.aibi.it\/coopaibc\/disabilita-dopo-30-anni-la-legge-104-del-92-e-ancora-valida\/","name":"Disabilit\u00e0. Dopo 30 anni, la legge 104 del 92 \u00e8 ancora valida? - AIBC","isPartOf":{"@id":"https:\/\/www.aibi.it\/coopaibc\/#website"},"primaryImageOfPage":{"@id":"https:\/\/www.aibi.it\/coopaibc\/disabilita-dopo-30-anni-la-legge-104-del-92-e-ancora-valida\/#primaryimage"},"image":{"@id":"https:\/\/www.aibi.it\/coopaibc\/disabilita-dopo-30-anni-la-legge-104-del-92-e-ancora-valida\/#primaryimage"},"thumbnailUrl":"https:\/\/www.aibi.it\/coopaibc\/wp-content\/uploads\/2022\/04\/inclusion-g3523c7055_1280.jpg","datePublished":"2022-04-28T16:24:45+00:00","breadcrumb":{"@id":"https:\/\/www.aibi.it\/coopaibc\/disabilita-dopo-30-anni-la-legge-104-del-92-e-ancora-valida\/#breadcrumb"},"inLanguage":"it-IT","potentialAction":[{"@type":"ReadAction","target":["https:\/\/www.aibi.it\/coopaibc\/disabilita-dopo-30-anni-la-legge-104-del-92-e-ancora-valida\/"]}]},{"@type":"ImageObject","inLanguage":"it-IT","@id":"https:\/\/www.aibi.it\/coopaibc\/disabilita-dopo-30-anni-la-legge-104-del-92-e-ancora-valida\/#primaryimage","url":"https:\/\/www.aibi.it\/coopaibc\/wp-content\/uploads\/2022\/04\/inclusion-g3523c7055_1280.jpg","contentUrl":"https:\/\/www.aibi.it\/coopaibc\/wp-content\/uploads\/2022\/04\/inclusion-g3523c7055_1280.jpg","width":1200,"height":630},{"@type":"BreadcrumbList","@id":"https:\/\/www.aibi.it\/coopaibc\/disabilita-dopo-30-anni-la-legge-104-del-92-e-ancora-valida\/#breadcrumb","itemListElement":[{"@type":"ListItem","position":1,"name":"Home","item":"https:\/\/www.aibi.it\/coopaibc\/"},{"@type":"ListItem","position":2,"name":"Disabilit\u00e0. Dopo 30 anni, la legge 104 del 92 \u00e8 ancora valida?"}]},{"@type":"WebSite","@id":"https:\/\/www.aibi.it\/coopaibc\/#website","url":"https:\/\/www.aibi.it\/coopaibc\/","name":"AIBC","description":"Cooperativa Sociale","publisher":{"@id":"https:\/\/www.aibi.it\/coopaibc\/#organization"},"potentialAction":[{"@type":"SearchAction","target":{"@type":"EntryPoint","urlTemplate":"https:\/\/www.aibi.it\/coopaibc\/?s={search_term_string}"},"query-input":{"@type":"PropertyValueSpecification","valueRequired":true,"valueName":"search_term_string"}}],"inLanguage":"it-IT"},{"@type":"Organization","@id":"https:\/\/www.aibi.it\/coopaibc\/#organization","name":"AIBC","url":"https:\/\/www.aibi.it\/coopaibc\/","logo":{"@type":"ImageObject","inLanguage":"it-IT","@id":"https:\/\/www.aibi.it\/coopaibc\/#\/schema\/logo\/image\/","url":"https:\/\/www.aibi.it\/coopaibc\/wp-content\/uploads\/2016\/11\/cropped-logo-aibc-arancio-neg-150-1.png","contentUrl":"https:\/\/www.aibi.it\/coopaibc\/wp-content\/uploads\/2016\/11\/cropped-logo-aibc-arancio-neg-150-1.png","width":150,"height":88,"caption":"AIBC"},"image":{"@id":"https:\/\/www.aibi.it\/coopaibc\/#\/schema\/logo\/image\/"}},{"@type":"Person","@id":"https:\/\/www.aibi.it\/coopaibc\/#\/schema\/person\/20c35acf37410bdb55edad4e6aa0ff7c","name":"mariaS","image":{"@type":"ImageObject","inLanguage":"it-IT","@id":"https:\/\/www.aibi.it\/coopaibc\/#\/schema\/person\/image\/","url":"https:\/\/secure.gravatar.com\/avatar\/2cc649c1b18c2525711df2229be1bec404547cf030008c81a2f6b37f5287aaab?s=96&d=mm&r=g","contentUrl":"https:\/\/secure.gravatar.com\/avatar\/2cc649c1b18c2525711df2229be1bec404547cf030008c81a2f6b37f5287aaab?s=96&d=mm&r=g","caption":"mariaS"},"url":"https:\/\/www.aibi.it\/coopaibc\/author\/marias\/"}]}},"_links":{"self":[{"href":"https:\/\/www.aibi.it\/coopaibc\/wp-json\/wp\/v2\/posts\/3220","targetHints":{"allow":["GET"]}}],"collection":[{"href":"https:\/\/www.aibi.it\/coopaibc\/wp-json\/wp\/v2\/posts"}],"about":[{"href":"https:\/\/www.aibi.it\/coopaibc\/wp-json\/wp\/v2\/types\/post"}],"author":[{"embeddable":true,"href":"https:\/\/www.aibi.it\/coopaibc\/wp-json\/wp\/v2\/users\/4"}],"replies":[{"embeddable":true,"href":"https:\/\/www.aibi.it\/coopaibc\/wp-json\/wp\/v2\/comments?post=3220"}],"version-history":[{"count":1,"href":"https:\/\/www.aibi.it\/coopaibc\/wp-json\/wp\/v2\/posts\/3220\/revisions"}],"predecessor-version":[{"id":3222,"href":"https:\/\/www.aibi.it\/coopaibc\/wp-json\/wp\/v2\/posts\/3220\/revisions\/3222"}],"wp:featuredmedia":[{"embeddable":true,"href":"https:\/\/www.aibi.it\/coopaibc\/wp-json\/wp\/v2\/media\/3221"}],"wp:attachment":[{"href":"https:\/\/www.aibi.it\/coopaibc\/wp-json\/wp\/v2\/media?parent=3220"}],"wp:term":[{"taxonomy":"category","embeddable":true,"href":"https:\/\/www.aibi.it\/coopaibc\/wp-json\/wp\/v2\/categories?post=3220"},{"taxonomy":"post_tag","embeddable":true,"href":"https:\/\/www.aibi.it\/coopaibc\/wp-json\/wp\/v2\/tags?post=3220"}],"curies":[{"name":"wp","href":"https:\/\/api.w.org\/{rel}","templated":true}]}}