{"id":3376,"date":"2022-09-20T20:25:27","date_gmt":"2022-09-20T18:25:27","guid":{"rendered":"https:\/\/www.aibi.it\/coopaibc\/?p=3376"},"modified":"2022-09-20T20:38:14","modified_gmt":"2022-09-20T18:38:14","slug":"covid-ansia-e-nebbia-cognitiva-tra-le-conseguenze-dellaver-contratto-il-virus","status":"publish","type":"post","link":"https:\/\/www.aibi.it\/coopaibc\/covid-ansia-e-nebbia-cognitiva-tra-le-conseguenze-dellaver-contratto-il-virus\/","title":{"rendered":"Covid: ansia e nebbia cognitiva tra le conseguenze dell\u2019aver contratto il virus"},"content":{"rendered":"<h2 style=\"font-weight: 400;\"><strong>I risultati di uno studio evidenzia come persone guarite dal Covid, possano sviluppare disturbi neuropsichiatrici anche dopo due anni dalla guarigione<\/strong><\/h2>\n<p style=\"font-weight: 400;\"><strong>\u00a0<\/strong><strong>Il Covid 19,<\/strong> a volte, non si limita a creare problemi durante il decorso della malattia, ma in molti casi, pare non volerci abbandonare del tutto anche quando dai tamponi sembra averci lasciato.<\/p>\n<p style=\"font-weight: 400;\"><strong>Alcune ricerche dimostrano come la sua presenza possa comportare conseguenze anche a livello neurologico.<\/strong><\/p>\n<p style=\"font-weight: 400;\">ADNKronos ha pubblicato i risultati di uno studio che evidenzia come persone guarite dal Covid, possano sviluppare disturbi neuropsichiatrici anche dopo due anni dalla guarigione.<\/p>\n<p style=\"font-weight: 400;\">The Lancet Psychiatry rende noto, come in un lavoro riguardante ben\u00a0<strong>25 milioni di persone<\/strong>\u00a0che sono state affette da Covid, si siano presentate pi\u00f9 frequentemente psicosi, demenza, \u201cnebbia cognitiva&#8221;, convulsioni, rispetto a chi aveva sofferto di altre infezioni respiratorie.<\/p>\n<p style=\"font-weight: 400;\">Anche riguardo\u00a0<strong>all&#8217;ansia e alla depressione<\/strong>, si \u00e8 registrato un aumento del rischio di esserne coinvolti, ma questo scompare entro due mesi dall&#8217;infezione.<\/p>\n<p style=\"font-weight: 400;\">Per i bambini, a parte convulsioni e disturbi psicotici, le probabilit\u00e0 di diagnosi post-Covid \u00e8 stata minore.\u00a0<strong>Le varianti Delta e Omicron<\/strong>\u00a0sembrano presentare rischi neurologici e disturbi, simili.<\/p>\n<p style=\"font-weight: 400;\"><strong>Paul Harrison dell&#8217;Universit\u00e0 di Oxford<\/strong>, autore principale di questa ricerca evidenzia che &#8220;<em>i risultati di questo ultimo studio, hanno implicazioni importanti per i pazienti e per i servizi sanitari&#8221;.<\/em><\/p>\n<p style=\"font-weight: 400;\">Anche su National Geographic, si legge che recenti esami di\u00a0<em>imaging\u00a0<\/em>del cervello mostrano come il Covid19 possa causare\u00a0<strong>cambiamenti fisici equivalenti a 10 anni di invecchiamento<\/strong>\u00a0e innescare problemi nel campo dell&#8217;attenzione e della memoria.<\/p>\n<p style=\"font-weight: 400;\">L&#8217;articolo cita come degli approssimativamente 80 milioni di americani che hanno avuto il covid, sino ad\u00a0oggi,\u00a0<strong>un sopravvissuto su quattro soffra di disturbi cognitivi,<\/strong>\u00a0comunemente descritti come &#8220;nebbia cognitiva&#8221;, che a detta del prof. E. Shorter, psichiatra dell&#8217;Universit\u00e0 di Toronto \u00e8 &#8220;<em>un termine ombrello, per descrivere un insieme di sintomi tra cui, confusione, difficolt\u00e0 a trovare le parole, perdita della memoria a breve termine, stordimento e incapacit\u00e0 di concentrazione\u201d<\/em>. I pazienti di Covid19 ricoverati hanno tre volte superiore la probabilit\u00e0 di manifestazione dei disturbi rispetto ai non ricoverati. La prof.sa G. Douaud di Oxford, afferma che &#8220;<em>Le evidenze degli studi sul Long-Covid e del nostro studio, indicano che anche le infezioni lievi possono essere dannose\u201d.<\/em><\/p>\n","protected":false},"excerpt":{"rendered":"<p>I risultati di uno studio evidenzia come persone guarite dal Covid, possano sviluppare disturbi neuropsichiatrici anche dopo due anni dalla guarigione &nbsp;Il Covid 19, a volte, non si limita a creare problemi durante il decorso della malattia, ma in molti casi, pare non volerci abbandonare del tutto anche quando dai [&hellip;]<\/p>\n","protected":false},"author":4,"featured_media":3377,"comment_status":"open","ping_status":"open","sticky":false,"template":"","format":"standard","meta":{"footnotes":""},"categories":[1],"tags":[28],"class_list":{"0":"post-3376","1":"post","2":"type-post","3":"status-publish","4":"format-standard","5":"has-post-thumbnail","7":"category-news","8":"tag-covid"},"yoast_head":"<!-- This site is optimized with the Yoast SEO plugin v26.1.1 - https:\/\/yoast.com\/wordpress\/plugins\/seo\/ -->\n<title>Covid: ansia e nebbia cognitiva tra le conseguenze dell\u2019aver contratto il virus - AIBC<\/title>\n<meta name=\"robots\" content=\"index, follow, max-snippet:-1, max-image-preview:large, max-video-preview:-1\" \/>\n<link rel=\"canonical\" href=\"https:\/\/www.aibi.it\/coopaibc\/covid-ansia-e-nebbia-cognitiva-tra-le-conseguenze-dellaver-contratto-il-virus\/\" \/>\n<meta property=\"og:locale\" content=\"it_IT\" \/>\n<meta property=\"og:type\" content=\"article\" \/>\n<meta property=\"og:title\" content=\"Covid: ansia e nebbia cognitiva tra le conseguenze dell\u2019aver contratto il virus - AIBC\" \/>\n<meta property=\"og:description\" content=\"I risultati di uno studio evidenzia come persone guarite dal Covid, possano sviluppare disturbi neuropsichiatrici anche dopo due anni dalla guarigione &nbsp;Il Covid 19, a volte, non si limita a creare problemi durante il decorso della malattia, ma in molti casi, pare non volerci abbandonare del tutto anche quando dai [&hellip;]\" \/>\n<meta property=\"og:url\" content=\"https:\/\/www.aibi.it\/coopaibc\/covid-ansia-e-nebbia-cognitiva-tra-le-conseguenze-dellaver-contratto-il-virus\/\" \/>\n<meta property=\"og:site_name\" content=\"AIBC\" \/>\n<meta property=\"article:published_time\" content=\"2022-09-20T18:25:27+00:00\" \/>\n<meta property=\"article:modified_time\" content=\"2022-09-20T18:38:14+00:00\" \/>\n<meta property=\"og:image\" content=\"https:\/\/www.aibi.it\/coopaibc\/wp-content\/uploads\/2022\/09\/covid.jpg\" \/>\n\t<meta property=\"og:image:width\" content=\"1200\" \/>\n\t<meta property=\"og:image:height\" content=\"630\" \/>\n\t<meta property=\"og:image:type\" content=\"image\/jpeg\" \/>\n<meta name=\"author\" content=\"mariaS\" \/>\n<meta name=\"twitter:card\" content=\"summary_large_image\" \/>\n<meta name=\"twitter:label1\" content=\"Scritto da\" \/>\n\t<meta name=\"twitter:data1\" content=\"mariaS\" \/>\n\t<meta name=\"twitter:label2\" content=\"Tempo di lettura stimato\" \/>\n\t<meta name=\"twitter:data2\" content=\"2 minuti\" \/>\n<script type=\"application\/ld+json\" class=\"yoast-schema-graph\">{\"@context\":\"https:\/\/schema.org\",\"@graph\":[{\"@type\":\"Article\",\"@id\":\"https:\/\/www.aibi.it\/coopaibc\/covid-ansia-e-nebbia-cognitiva-tra-le-conseguenze-dellaver-contratto-il-virus\/#article\",\"isPartOf\":{\"@id\":\"https:\/\/www.aibi.it\/coopaibc\/covid-ansia-e-nebbia-cognitiva-tra-le-conseguenze-dellaver-contratto-il-virus\/\"},\"author\":{\"name\":\"mariaS\",\"@id\":\"https:\/\/www.aibi.it\/coopaibc\/#\/schema\/person\/20c35acf37410bdb55edad4e6aa0ff7c\"},\"headline\":\"Covid: ansia e nebbia cognitiva tra le conseguenze dell\u2019aver contratto il virus\",\"datePublished\":\"2022-09-20T18:25:27+00:00\",\"dateModified\":\"2022-09-20T18:38:14+00:00\",\"mainEntityOfPage\":{\"@id\":\"https:\/\/www.aibi.it\/coopaibc\/covid-ansia-e-nebbia-cognitiva-tra-le-conseguenze-dellaver-contratto-il-virus\/\"},\"wordCount\":373,\"commentCount\":0,\"publisher\":{\"@id\":\"https:\/\/www.aibi.it\/coopaibc\/#organization\"},\"image\":{\"@id\":\"https:\/\/www.aibi.it\/coopaibc\/covid-ansia-e-nebbia-cognitiva-tra-le-conseguenze-dellaver-contratto-il-virus\/#primaryimage\"},\"thumbnailUrl\":\"https:\/\/www.aibi.it\/coopaibc\/wp-content\/uploads\/2022\/09\/covid.jpg\",\"keywords\":[\"covid\"],\"articleSection\":[\"News\"],\"inLanguage\":\"it-IT\",\"potentialAction\":[{\"@type\":\"CommentAction\",\"name\":\"Comment\",\"target\":[\"https:\/\/www.aibi.it\/coopaibc\/covid-ansia-e-nebbia-cognitiva-tra-le-conseguenze-dellaver-contratto-il-virus\/#respond\"]}]},{\"@type\":\"WebPage\",\"@id\":\"https:\/\/www.aibi.it\/coopaibc\/covid-ansia-e-nebbia-cognitiva-tra-le-conseguenze-dellaver-contratto-il-virus\/\",\"url\":\"https:\/\/www.aibi.it\/coopaibc\/covid-ansia-e-nebbia-cognitiva-tra-le-conseguenze-dellaver-contratto-il-virus\/\",\"name\":\"Covid: ansia e nebbia cognitiva tra le conseguenze dell\u2019aver contratto il virus - AIBC\",\"isPartOf\":{\"@id\":\"https:\/\/www.aibi.it\/coopaibc\/#website\"},\"primaryImageOfPage\":{\"@id\":\"https:\/\/www.aibi.it\/coopaibc\/covid-ansia-e-nebbia-cognitiva-tra-le-conseguenze-dellaver-contratto-il-virus\/#primaryimage\"},\"image\":{\"@id\":\"https:\/\/www.aibi.it\/coopaibc\/covid-ansia-e-nebbia-cognitiva-tra-le-conseguenze-dellaver-contratto-il-virus\/#primaryimage\"},\"thumbnailUrl\":\"https:\/\/www.aibi.it\/coopaibc\/wp-content\/uploads\/2022\/09\/covid.jpg\",\"datePublished\":\"2022-09-20T18:25:27+00:00\",\"dateModified\":\"2022-09-20T18:38:14+00:00\",\"breadcrumb\":{\"@id\":\"https:\/\/www.aibi.it\/coopaibc\/covid-ansia-e-nebbia-cognitiva-tra-le-conseguenze-dellaver-contratto-il-virus\/#breadcrumb\"},\"inLanguage\":\"it-IT\",\"potentialAction\":[{\"@type\":\"ReadAction\",\"target\":[\"https:\/\/www.aibi.it\/coopaibc\/covid-ansia-e-nebbia-cognitiva-tra-le-conseguenze-dellaver-contratto-il-virus\/\"]}]},{\"@type\":\"ImageObject\",\"inLanguage\":\"it-IT\",\"@id\":\"https:\/\/www.aibi.it\/coopaibc\/covid-ansia-e-nebbia-cognitiva-tra-le-conseguenze-dellaver-contratto-il-virus\/#primaryimage\",\"url\":\"https:\/\/www.aibi.it\/coopaibc\/wp-content\/uploads\/2022\/09\/covid.jpg\",\"contentUrl\":\"https:\/\/www.aibi.it\/coopaibc\/wp-content\/uploads\/2022\/09\/covid.jpg\",\"width\":1200,\"height\":630},{\"@type\":\"BreadcrumbList\",\"@id\":\"https:\/\/www.aibi.it\/coopaibc\/covid-ansia-e-nebbia-cognitiva-tra-le-conseguenze-dellaver-contratto-il-virus\/#breadcrumb\",\"itemListElement\":[{\"@type\":\"ListItem\",\"position\":1,\"name\":\"Home\",\"item\":\"https:\/\/www.aibi.it\/coopaibc\/\"},{\"@type\":\"ListItem\",\"position\":2,\"name\":\"Covid: ansia e nebbia cognitiva tra le conseguenze dell\u2019aver contratto il virus\"}]},{\"@type\":\"WebSite\",\"@id\":\"https:\/\/www.aibi.it\/coopaibc\/#website\",\"url\":\"https:\/\/www.aibi.it\/coopaibc\/\",\"name\":\"AIBC\",\"description\":\"Cooperativa Sociale\",\"publisher\":{\"@id\":\"https:\/\/www.aibi.it\/coopaibc\/#organization\"},\"potentialAction\":[{\"@type\":\"SearchAction\",\"target\":{\"@type\":\"EntryPoint\",\"urlTemplate\":\"https:\/\/www.aibi.it\/coopaibc\/?s={search_term_string}\"},\"query-input\":{\"@type\":\"PropertyValueSpecification\",\"valueRequired\":true,\"valueName\":\"search_term_string\"}}],\"inLanguage\":\"it-IT\"},{\"@type\":\"Organization\",\"@id\":\"https:\/\/www.aibi.it\/coopaibc\/#organization\",\"name\":\"AIBC\",\"url\":\"https:\/\/www.aibi.it\/coopaibc\/\",\"logo\":{\"@type\":\"ImageObject\",\"inLanguage\":\"it-IT\",\"@id\":\"https:\/\/www.aibi.it\/coopaibc\/#\/schema\/logo\/image\/\",\"url\":\"https:\/\/www.aibi.it\/coopaibc\/wp-content\/uploads\/2016\/11\/cropped-logo-aibc-arancio-neg-150-1.png\",\"contentUrl\":\"https:\/\/www.aibi.it\/coopaibc\/wp-content\/uploads\/2016\/11\/cropped-logo-aibc-arancio-neg-150-1.png\",\"width\":150,\"height\":88,\"caption\":\"AIBC\"},\"image\":{\"@id\":\"https:\/\/www.aibi.it\/coopaibc\/#\/schema\/logo\/image\/\"}},{\"@type\":\"Person\",\"@id\":\"https:\/\/www.aibi.it\/coopaibc\/#\/schema\/person\/20c35acf37410bdb55edad4e6aa0ff7c\",\"name\":\"mariaS\",\"image\":{\"@type\":\"ImageObject\",\"inLanguage\":\"it-IT\",\"@id\":\"https:\/\/www.aibi.it\/coopaibc\/#\/schema\/person\/image\/\",\"url\":\"https:\/\/secure.gravatar.com\/avatar\/2cc649c1b18c2525711df2229be1bec404547cf030008c81a2f6b37f5287aaab?s=96&d=mm&r=g\",\"contentUrl\":\"https:\/\/secure.gravatar.com\/avatar\/2cc649c1b18c2525711df2229be1bec404547cf030008c81a2f6b37f5287aaab?s=96&d=mm&r=g\",\"caption\":\"mariaS\"},\"url\":\"https:\/\/www.aibi.it\/coopaibc\/author\/marias\/\"}]}<\/script>\n<!-- \/ Yoast SEO plugin. -->","yoast_head_json":{"title":"Covid: ansia e nebbia cognitiva tra le conseguenze dell\u2019aver contratto il virus - AIBC","robots":{"index":"index","follow":"follow","max-snippet":"max-snippet:-1","max-image-preview":"max-image-preview:large","max-video-preview":"max-video-preview:-1"},"canonical":"https:\/\/www.aibi.it\/coopaibc\/covid-ansia-e-nebbia-cognitiva-tra-le-conseguenze-dellaver-contratto-il-virus\/","og_locale":"it_IT","og_type":"article","og_title":"Covid: ansia e nebbia cognitiva tra le conseguenze dell\u2019aver contratto il virus - AIBC","og_description":"I risultati di uno studio evidenzia come persone guarite dal Covid, possano sviluppare disturbi neuropsichiatrici anche dopo due anni dalla guarigione &nbsp;Il Covid 19, a volte, non si limita a creare problemi durante il decorso della malattia, ma in molti casi, pare non volerci abbandonare del tutto anche quando dai [&hellip;]","og_url":"https:\/\/www.aibi.it\/coopaibc\/covid-ansia-e-nebbia-cognitiva-tra-le-conseguenze-dellaver-contratto-il-virus\/","og_site_name":"AIBC","article_published_time":"2022-09-20T18:25:27+00:00","article_modified_time":"2022-09-20T18:38:14+00:00","og_image":[{"width":1200,"height":630,"url":"https:\/\/www.aibi.it\/coopaibc\/wp-content\/uploads\/2022\/09\/covid.jpg","type":"image\/jpeg"}],"author":"mariaS","twitter_card":"summary_large_image","twitter_misc":{"Scritto da":"mariaS","Tempo di lettura stimato":"2 minuti"},"schema":{"@context":"https:\/\/schema.org","@graph":[{"@type":"Article","@id":"https:\/\/www.aibi.it\/coopaibc\/covid-ansia-e-nebbia-cognitiva-tra-le-conseguenze-dellaver-contratto-il-virus\/#article","isPartOf":{"@id":"https:\/\/www.aibi.it\/coopaibc\/covid-ansia-e-nebbia-cognitiva-tra-le-conseguenze-dellaver-contratto-il-virus\/"},"author":{"name":"mariaS","@id":"https:\/\/www.aibi.it\/coopaibc\/#\/schema\/person\/20c35acf37410bdb55edad4e6aa0ff7c"},"headline":"Covid: ansia e nebbia cognitiva tra le conseguenze dell\u2019aver contratto il virus","datePublished":"2022-09-20T18:25:27+00:00","dateModified":"2022-09-20T18:38:14+00:00","mainEntityOfPage":{"@id":"https:\/\/www.aibi.it\/coopaibc\/covid-ansia-e-nebbia-cognitiva-tra-le-conseguenze-dellaver-contratto-il-virus\/"},"wordCount":373,"commentCount":0,"publisher":{"@id":"https:\/\/www.aibi.it\/coopaibc\/#organization"},"image":{"@id":"https:\/\/www.aibi.it\/coopaibc\/covid-ansia-e-nebbia-cognitiva-tra-le-conseguenze-dellaver-contratto-il-virus\/#primaryimage"},"thumbnailUrl":"https:\/\/www.aibi.it\/coopaibc\/wp-content\/uploads\/2022\/09\/covid.jpg","keywords":["covid"],"articleSection":["News"],"inLanguage":"it-IT","potentialAction":[{"@type":"CommentAction","name":"Comment","target":["https:\/\/www.aibi.it\/coopaibc\/covid-ansia-e-nebbia-cognitiva-tra-le-conseguenze-dellaver-contratto-il-virus\/#respond"]}]},{"@type":"WebPage","@id":"https:\/\/www.aibi.it\/coopaibc\/covid-ansia-e-nebbia-cognitiva-tra-le-conseguenze-dellaver-contratto-il-virus\/","url":"https:\/\/www.aibi.it\/coopaibc\/covid-ansia-e-nebbia-cognitiva-tra-le-conseguenze-dellaver-contratto-il-virus\/","name":"Covid: ansia e nebbia cognitiva tra le conseguenze dell\u2019aver contratto il virus - AIBC","isPartOf":{"@id":"https:\/\/www.aibi.it\/coopaibc\/#website"},"primaryImageOfPage":{"@id":"https:\/\/www.aibi.it\/coopaibc\/covid-ansia-e-nebbia-cognitiva-tra-le-conseguenze-dellaver-contratto-il-virus\/#primaryimage"},"image":{"@id":"https:\/\/www.aibi.it\/coopaibc\/covid-ansia-e-nebbia-cognitiva-tra-le-conseguenze-dellaver-contratto-il-virus\/#primaryimage"},"thumbnailUrl":"https:\/\/www.aibi.it\/coopaibc\/wp-content\/uploads\/2022\/09\/covid.jpg","datePublished":"2022-09-20T18:25:27+00:00","dateModified":"2022-09-20T18:38:14+00:00","breadcrumb":{"@id":"https:\/\/www.aibi.it\/coopaibc\/covid-ansia-e-nebbia-cognitiva-tra-le-conseguenze-dellaver-contratto-il-virus\/#breadcrumb"},"inLanguage":"it-IT","potentialAction":[{"@type":"ReadAction","target":["https:\/\/www.aibi.it\/coopaibc\/covid-ansia-e-nebbia-cognitiva-tra-le-conseguenze-dellaver-contratto-il-virus\/"]}]},{"@type":"ImageObject","inLanguage":"it-IT","@id":"https:\/\/www.aibi.it\/coopaibc\/covid-ansia-e-nebbia-cognitiva-tra-le-conseguenze-dellaver-contratto-il-virus\/#primaryimage","url":"https:\/\/www.aibi.it\/coopaibc\/wp-content\/uploads\/2022\/09\/covid.jpg","contentUrl":"https:\/\/www.aibi.it\/coopaibc\/wp-content\/uploads\/2022\/09\/covid.jpg","width":1200,"height":630},{"@type":"BreadcrumbList","@id":"https:\/\/www.aibi.it\/coopaibc\/covid-ansia-e-nebbia-cognitiva-tra-le-conseguenze-dellaver-contratto-il-virus\/#breadcrumb","itemListElement":[{"@type":"ListItem","position":1,"name":"Home","item":"https:\/\/www.aibi.it\/coopaibc\/"},{"@type":"ListItem","position":2,"name":"Covid: ansia e nebbia cognitiva tra le conseguenze dell\u2019aver contratto il virus"}]},{"@type":"WebSite","@id":"https:\/\/www.aibi.it\/coopaibc\/#website","url":"https:\/\/www.aibi.it\/coopaibc\/","name":"AIBC","description":"Cooperativa Sociale","publisher":{"@id":"https:\/\/www.aibi.it\/coopaibc\/#organization"},"potentialAction":[{"@type":"SearchAction","target":{"@type":"EntryPoint","urlTemplate":"https:\/\/www.aibi.it\/coopaibc\/?s={search_term_string}"},"query-input":{"@type":"PropertyValueSpecification","valueRequired":true,"valueName":"search_term_string"}}],"inLanguage":"it-IT"},{"@type":"Organization","@id":"https:\/\/www.aibi.it\/coopaibc\/#organization","name":"AIBC","url":"https:\/\/www.aibi.it\/coopaibc\/","logo":{"@type":"ImageObject","inLanguage":"it-IT","@id":"https:\/\/www.aibi.it\/coopaibc\/#\/schema\/logo\/image\/","url":"https:\/\/www.aibi.it\/coopaibc\/wp-content\/uploads\/2016\/11\/cropped-logo-aibc-arancio-neg-150-1.png","contentUrl":"https:\/\/www.aibi.it\/coopaibc\/wp-content\/uploads\/2016\/11\/cropped-logo-aibc-arancio-neg-150-1.png","width":150,"height":88,"caption":"AIBC"},"image":{"@id":"https:\/\/www.aibi.it\/coopaibc\/#\/schema\/logo\/image\/"}},{"@type":"Person","@id":"https:\/\/www.aibi.it\/coopaibc\/#\/schema\/person\/20c35acf37410bdb55edad4e6aa0ff7c","name":"mariaS","image":{"@type":"ImageObject","inLanguage":"it-IT","@id":"https:\/\/www.aibi.it\/coopaibc\/#\/schema\/person\/image\/","url":"https:\/\/secure.gravatar.com\/avatar\/2cc649c1b18c2525711df2229be1bec404547cf030008c81a2f6b37f5287aaab?s=96&d=mm&r=g","contentUrl":"https:\/\/secure.gravatar.com\/avatar\/2cc649c1b18c2525711df2229be1bec404547cf030008c81a2f6b37f5287aaab?s=96&d=mm&r=g","caption":"mariaS"},"url":"https:\/\/www.aibi.it\/coopaibc\/author\/marias\/"}]}},"_links":{"self":[{"href":"https:\/\/www.aibi.it\/coopaibc\/wp-json\/wp\/v2\/posts\/3376","targetHints":{"allow":["GET"]}}],"collection":[{"href":"https:\/\/www.aibi.it\/coopaibc\/wp-json\/wp\/v2\/posts"}],"about":[{"href":"https:\/\/www.aibi.it\/coopaibc\/wp-json\/wp\/v2\/types\/post"}],"author":[{"embeddable":true,"href":"https:\/\/www.aibi.it\/coopaibc\/wp-json\/wp\/v2\/users\/4"}],"replies":[{"embeddable":true,"href":"https:\/\/www.aibi.it\/coopaibc\/wp-json\/wp\/v2\/comments?post=3376"}],"version-history":[{"count":3,"href":"https:\/\/www.aibi.it\/coopaibc\/wp-json\/wp\/v2\/posts\/3376\/revisions"}],"predecessor-version":[{"id":3380,"href":"https:\/\/www.aibi.it\/coopaibc\/wp-json\/wp\/v2\/posts\/3376\/revisions\/3380"}],"wp:featuredmedia":[{"embeddable":true,"href":"https:\/\/www.aibi.it\/coopaibc\/wp-json\/wp\/v2\/media\/3377"}],"wp:attachment":[{"href":"https:\/\/www.aibi.it\/coopaibc\/wp-json\/wp\/v2\/media?parent=3376"}],"wp:term":[{"taxonomy":"category","embeddable":true,"href":"https:\/\/www.aibi.it\/coopaibc\/wp-json\/wp\/v2\/categories?post=3376"},{"taxonomy":"post_tag","embeddable":true,"href":"https:\/\/www.aibi.it\/coopaibc\/wp-json\/wp\/v2\/tags?post=3376"}],"curies":[{"name":"wp","href":"https:\/\/api.w.org\/{rel}","templated":true}]}}