{"id":3473,"date":"2022-12-06T11:25:09","date_gmt":"2022-12-06T10:25:09","guid":{"rendered":"https:\/\/www.aibi.it\/coopaibc\/?p=3473"},"modified":"2022-12-06T11:25:09","modified_gmt":"2022-12-06T10:25:09","slug":"roma-adozione-internazionale-in-crisi-tre-anni-e-mezzo-in-attesa-di-decreto","status":"publish","type":"post","link":"https:\/\/www.aibi.it\/coopaibc\/roma-adozione-internazionale-in-crisi-tre-anni-e-mezzo-in-attesa-di-decreto\/","title":{"rendered":"Roma. Adozione internazionale in crisi. Tre anni e mezzo in attesa di decreto"},"content":{"rendered":"<h2 style=\"margin: 0px;\"><strong> \u201c\u2026<\/strong><strong>Il tutto \u00e8 stato depositato al tribunale, ma nessuno ci ha mai pi\u00f9 contattati. Abbiamo fatto un sollecito a luglio del 2022 ma \u00e8 finito nel vuoto, e non c&#8217;\u00e8 modo di chiedere un colloquio con il giudice che seguiva il nostro caso\u2026\u201d<\/strong><\/h2>\n<p style=\"margin: 0px;\">Da quando AIBINEWS ha attivato un\u2019inchiesta sull\u2019<strong>Adozione Internazionale<\/strong>\u00a0ascoltando sia le coppie in attesa di adozione, sia gli operatori dei servizi pubblici, sulle cause determinanti gli\u00a0<strong>evidenti ritardi<\/strong> nelle procedure adottive in Italia, sono state davvero molte le segnalazioni arrivate all\u2019associazione.\u00a0Percorsi adottivi a volte incomprensibilmente lunghi e difficili. Lo racconta molto bene l\u2019ultima lettera arrivata in redazione: quella di una coppia che attende una risposta alla propria domanda di idoneit\u00e0 da ormai 3 anni e mezzo. La condividiamo con voi.<\/p>\n<h3><\/h3>\n<h3 style=\"line-height: normal; margin: 0px;\"><strong>Tre anni e mezzo in attesa di decreto<\/strong><\/h3>\n<p style=\"font-weight: 400; text-align: left;\">Buongiorno,<br \/>\nho visto il vostro articolo in merito alle estenuanti e ormai infinite attese per avere risposta alla richiesta di disponibilit\u00e0 alle adozioni internazionali, e ho pensato di raccontare brevemente la nostra triste e infinita vicenda.<br \/>\nSiamo purtroppo vittime del terribile tribunale di Roma, dove abbiamo presentato domanda nel giugno del 2019 e da cui ancora attendiamo risposta definitiva sull&#8217;idoneit\u00e0.<br \/>\nSiamo stati seguiti, ahim\u00e8, da una coppia di assistente sociale e psicologa che ha minato anche la nostra stabilit\u00e0 mentale, oltre che emotiva, con indagini tremende e prive di senso e una prima relazione che non deponeva a nostro favore ma lasciava un punto interrogativo su alcuni aspetti problematici relativi alla famiglia di mio marito (ebbene s\u00ec, a 40 anni in Italia bisogna ancora tirare in ballo i propri genitori e le loro problematiche per proporsi come genitori adottivi).<br \/>\nIl giudice ha deciso di proporci un percorso di incontri con una psicologa della ASL, con l&#8217;obiettivo di colmare alcune lacune evidenziate dalla relazione su di noi. Abbiamo seguito il percorso e, nell&#8217;ottobre del 2021, ci \u00e8 stato fissato un colloquio per una seconda relazione, sempre dalla coppia di professioniste che avevano scritto la prima. Il tutto \u00e8 stato depositato al tribunale, ma nessuno ci ha mai pi\u00f9 contattati. Abbiamo fatto un sollecito a luglio del 2022 ma \u00e8 finito nel vuoto, e non c&#8217;\u00e8 modo di chiedere un colloquio con il giudice che seguiva il nostro caso.<\/p>\n<p style=\"font-weight: 400; text-align: left;\">Esausti e ormai molto demotivati<br \/>\n(lettera firmata)<\/p>\n<p>&nbsp;<\/p>\n<p style=\"margin: 0px;\">Chiunque pu\u00f2 inviare la propria testimonianza all\u2019indirizzo\u00a0<a href=\"mailto:ufficiostampa@aibi.it\"><strong>ufficiostampa@aibi.it<\/strong><\/a>.<\/p>\n<p>&nbsp;<\/p>\n<p style=\"margin: 0px;\">Per rispetto dell\u2019anonimato, la redazione di AIBINEWS ha scelto di non pubblicare i nominativi dei protagonisti cos\u00ec come di Tribunali e servizi sociali coinvolti, pur avendo preso nota di tutti i dati comunicati. Ogni lettera (firmata) viene segnalata, mantenendo l\u2019anonimato, alla\u00a0<strong>Ministra Roccella<\/strong>, in quanto titolare del Ministero della Famiglia, la Natalit\u00e0 e le Pari Opportunit\u00e0, nonch\u00e9 Presidente della Commissione per le Adozioni Internazionali.<\/p>\n<p>&nbsp;<\/p>\n<p style=\"margin: 0px;\"><strong>Chi volesse leggere tutte le puntate dell&#8217;inchiesta pubblicate da AIBINEWS, pu\u00f2 farlo qui:\u00a0<\/strong><br \/>\n<a href=\"https:\/\/www.aibi.it\/ita\/adozione-internazionale-quanto-tempo-impiega-una-coppia-del-lazio-per-ottenere-lidoneita\/\"><b><span style=\"color: #1e73be; background: white;\">prima puntata<\/span><\/b><\/a><\/p>\n<p style=\"margin: 0px;\"><a href=\"https:\/\/www.aibi.it\/ita\/adozione-internazionale-in-crisi-meglio-prendersi-del-tempo-per-riflettere-su-alcune-questioni-o-la-relazione-sarebbe-stata-negativa-2\/\"><strong>seconda puntata<\/strong><\/a><br \/>\n<a href=\"https:\/\/www.aibi.it\/ita\/adozione-internazionale-crisi-via-crucis-non-finita\/\"><strong>terza puntata<\/strong><\/a><br \/>\n<a href=\"https:\/\/www.aibi.it\/ita\/adozione-internazionale-crisi-attesa-incontro-giudice\/\"><strong>quarta puntata<\/strong><\/a><br \/>\n<a href=\"https:\/\/www.aibi.it\/ita\/adozione-internazionale-crisi-ottenere-idoneita\/\"><strong>quinta puntata<\/strong><\/a><\/p>\n","protected":false},"excerpt":{"rendered":"<p>&ldquo;&hellip;Il tutto &egrave; stato depositato al tribunale, ma nessuno ci ha mai pi&ugrave; contattati. Abbiamo fatto un sollecito a luglio del 2022 ma &egrave; finito nel vuoto, e non c&rsquo;&egrave; modo di chiedere un colloquio con il giudice che seguiva il nostro caso&hellip;&rdquo; Da quando AIBINEWS ha attivato un&rsquo;inchiesta sull&rsquo;Adozione [&hellip;]<\/p>\n","protected":false},"author":4,"featured_media":3474,"comment_status":"open","ping_status":"open","sticky":false,"template":"","format":"standard","meta":{"footnotes":""},"categories":[1],"tags":[],"class_list":{"0":"post-3473","1":"post","2":"type-post","3":"status-publish","4":"format-standard","5":"has-post-thumbnail","7":"category-news"},"yoast_head":"<!-- This site is optimized with the Yoast SEO plugin v26.1.1 - https:\/\/yoast.com\/wordpress\/plugins\/seo\/ -->\n<title>Roma. Adozione internazionale in crisi. Tre anni e mezzo in attesa di decreto - AIBC<\/title>\n<meta name=\"robots\" content=\"index, follow, max-snippet:-1, max-image-preview:large, max-video-preview:-1\" \/>\n<link rel=\"canonical\" href=\"https:\/\/www.aibi.it\/coopaibc\/roma-adozione-internazionale-in-crisi-tre-anni-e-mezzo-in-attesa-di-decreto\/\" \/>\n<meta property=\"og:locale\" content=\"it_IT\" \/>\n<meta property=\"og:type\" content=\"article\" \/>\n<meta property=\"og:title\" content=\"Roma. Adozione internazionale in crisi. Tre anni e mezzo in attesa di decreto - AIBC\" \/>\n<meta property=\"og:description\" content=\"&ldquo;&hellip;Il tutto &egrave; stato depositato al tribunale, ma nessuno ci ha mai pi&ugrave; contattati. Abbiamo fatto un sollecito a luglio del 2022 ma &egrave; finito nel vuoto, e non c&rsquo;&egrave; modo di chiedere un colloquio con il giudice che seguiva il nostro caso&hellip;&rdquo; Da quando AIBINEWS ha attivato un&rsquo;inchiesta sull&rsquo;Adozione [&hellip;]\" \/>\n<meta property=\"og:url\" content=\"https:\/\/www.aibi.it\/coopaibc\/roma-adozione-internazionale-in-crisi-tre-anni-e-mezzo-in-attesa-di-decreto\/\" \/>\n<meta property=\"og:site_name\" content=\"AIBC\" \/>\n<meta property=\"article:published_time\" content=\"2022-12-06T10:25:09+00:00\" \/>\n<meta property=\"og:image\" content=\"https:\/\/www.aibi.it\/coopaibc\/wp-content\/uploads\/2022\/12\/attesa-adozione.jpg\" \/>\n\t<meta property=\"og:image:width\" content=\"1200\" \/>\n\t<meta property=\"og:image:height\" content=\"630\" \/>\n\t<meta property=\"og:image:type\" content=\"image\/jpeg\" \/>\n<meta name=\"author\" content=\"mariaS\" \/>\n<meta name=\"twitter:card\" content=\"summary_large_image\" \/>\n<meta name=\"twitter:label1\" content=\"Scritto da\" \/>\n\t<meta name=\"twitter:data1\" content=\"mariaS\" \/>\n\t<meta name=\"twitter:label2\" content=\"Tempo di lettura stimato\" \/>\n\t<meta name=\"twitter:data2\" content=\"3 minuti\" \/>\n<script type=\"application\/ld+json\" class=\"yoast-schema-graph\">{\"@context\":\"https:\/\/schema.org\",\"@graph\":[{\"@type\":\"Article\",\"@id\":\"https:\/\/www.aibi.it\/coopaibc\/roma-adozione-internazionale-in-crisi-tre-anni-e-mezzo-in-attesa-di-decreto\/#article\",\"isPartOf\":{\"@id\":\"https:\/\/www.aibi.it\/coopaibc\/roma-adozione-internazionale-in-crisi-tre-anni-e-mezzo-in-attesa-di-decreto\/\"},\"author\":{\"name\":\"mariaS\",\"@id\":\"https:\/\/www.aibi.it\/coopaibc\/#\/schema\/person\/20c35acf37410bdb55edad4e6aa0ff7c\"},\"headline\":\"Roma. Adozione internazionale in crisi. Tre anni e mezzo in attesa di decreto\",\"datePublished\":\"2022-12-06T10:25:09+00:00\",\"mainEntityOfPage\":{\"@id\":\"https:\/\/www.aibi.it\/coopaibc\/roma-adozione-internazionale-in-crisi-tre-anni-e-mezzo-in-attesa-di-decreto\/\"},\"wordCount\":485,\"commentCount\":0,\"publisher\":{\"@id\":\"https:\/\/www.aibi.it\/coopaibc\/#organization\"},\"image\":{\"@id\":\"https:\/\/www.aibi.it\/coopaibc\/roma-adozione-internazionale-in-crisi-tre-anni-e-mezzo-in-attesa-di-decreto\/#primaryimage\"},\"thumbnailUrl\":\"https:\/\/www.aibi.it\/coopaibc\/wp-content\/uploads\/2022\/12\/attesa-adozione.jpg\",\"articleSection\":[\"News\"],\"inLanguage\":\"it-IT\",\"potentialAction\":[{\"@type\":\"CommentAction\",\"name\":\"Comment\",\"target\":[\"https:\/\/www.aibi.it\/coopaibc\/roma-adozione-internazionale-in-crisi-tre-anni-e-mezzo-in-attesa-di-decreto\/#respond\"]}]},{\"@type\":\"WebPage\",\"@id\":\"https:\/\/www.aibi.it\/coopaibc\/roma-adozione-internazionale-in-crisi-tre-anni-e-mezzo-in-attesa-di-decreto\/\",\"url\":\"https:\/\/www.aibi.it\/coopaibc\/roma-adozione-internazionale-in-crisi-tre-anni-e-mezzo-in-attesa-di-decreto\/\",\"name\":\"Roma. Adozione internazionale in crisi. Tre anni e mezzo in attesa di decreto - AIBC\",\"isPartOf\":{\"@id\":\"https:\/\/www.aibi.it\/coopaibc\/#website\"},\"primaryImageOfPage\":{\"@id\":\"https:\/\/www.aibi.it\/coopaibc\/roma-adozione-internazionale-in-crisi-tre-anni-e-mezzo-in-attesa-di-decreto\/#primaryimage\"},\"image\":{\"@id\":\"https:\/\/www.aibi.it\/coopaibc\/roma-adozione-internazionale-in-crisi-tre-anni-e-mezzo-in-attesa-di-decreto\/#primaryimage\"},\"thumbnailUrl\":\"https:\/\/www.aibi.it\/coopaibc\/wp-content\/uploads\/2022\/12\/attesa-adozione.jpg\",\"datePublished\":\"2022-12-06T10:25:09+00:00\",\"breadcrumb\":{\"@id\":\"https:\/\/www.aibi.it\/coopaibc\/roma-adozione-internazionale-in-crisi-tre-anni-e-mezzo-in-attesa-di-decreto\/#breadcrumb\"},\"inLanguage\":\"it-IT\",\"potentialAction\":[{\"@type\":\"ReadAction\",\"target\":[\"https:\/\/www.aibi.it\/coopaibc\/roma-adozione-internazionale-in-crisi-tre-anni-e-mezzo-in-attesa-di-decreto\/\"]}]},{\"@type\":\"ImageObject\",\"inLanguage\":\"it-IT\",\"@id\":\"https:\/\/www.aibi.it\/coopaibc\/roma-adozione-internazionale-in-crisi-tre-anni-e-mezzo-in-attesa-di-decreto\/#primaryimage\",\"url\":\"https:\/\/www.aibi.it\/coopaibc\/wp-content\/uploads\/2022\/12\/attesa-adozione.jpg\",\"contentUrl\":\"https:\/\/www.aibi.it\/coopaibc\/wp-content\/uploads\/2022\/12\/attesa-adozione.jpg\",\"width\":1200,\"height\":630},{\"@type\":\"BreadcrumbList\",\"@id\":\"https:\/\/www.aibi.it\/coopaibc\/roma-adozione-internazionale-in-crisi-tre-anni-e-mezzo-in-attesa-di-decreto\/#breadcrumb\",\"itemListElement\":[{\"@type\":\"ListItem\",\"position\":1,\"name\":\"Home\",\"item\":\"https:\/\/www.aibi.it\/coopaibc\/\"},{\"@type\":\"ListItem\",\"position\":2,\"name\":\"Roma. Adozione internazionale in crisi. Tre anni e mezzo in attesa di decreto\"}]},{\"@type\":\"WebSite\",\"@id\":\"https:\/\/www.aibi.it\/coopaibc\/#website\",\"url\":\"https:\/\/www.aibi.it\/coopaibc\/\",\"name\":\"AIBC\",\"description\":\"Cooperativa Sociale\",\"publisher\":{\"@id\":\"https:\/\/www.aibi.it\/coopaibc\/#organization\"},\"potentialAction\":[{\"@type\":\"SearchAction\",\"target\":{\"@type\":\"EntryPoint\",\"urlTemplate\":\"https:\/\/www.aibi.it\/coopaibc\/?s={search_term_string}\"},\"query-input\":{\"@type\":\"PropertyValueSpecification\",\"valueRequired\":true,\"valueName\":\"search_term_string\"}}],\"inLanguage\":\"it-IT\"},{\"@type\":\"Organization\",\"@id\":\"https:\/\/www.aibi.it\/coopaibc\/#organization\",\"name\":\"AIBC\",\"url\":\"https:\/\/www.aibi.it\/coopaibc\/\",\"logo\":{\"@type\":\"ImageObject\",\"inLanguage\":\"it-IT\",\"@id\":\"https:\/\/www.aibi.it\/coopaibc\/#\/schema\/logo\/image\/\",\"url\":\"https:\/\/www.aibi.it\/coopaibc\/wp-content\/uploads\/2016\/11\/cropped-logo-aibc-arancio-neg-150-1.png\",\"contentUrl\":\"https:\/\/www.aibi.it\/coopaibc\/wp-content\/uploads\/2016\/11\/cropped-logo-aibc-arancio-neg-150-1.png\",\"width\":150,\"height\":88,\"caption\":\"AIBC\"},\"image\":{\"@id\":\"https:\/\/www.aibi.it\/coopaibc\/#\/schema\/logo\/image\/\"}},{\"@type\":\"Person\",\"@id\":\"https:\/\/www.aibi.it\/coopaibc\/#\/schema\/person\/20c35acf37410bdb55edad4e6aa0ff7c\",\"name\":\"mariaS\",\"image\":{\"@type\":\"ImageObject\",\"inLanguage\":\"it-IT\",\"@id\":\"https:\/\/www.aibi.it\/coopaibc\/#\/schema\/person\/image\/\",\"url\":\"https:\/\/secure.gravatar.com\/avatar\/2cc649c1b18c2525711df2229be1bec404547cf030008c81a2f6b37f5287aaab?s=96&d=mm&r=g\",\"contentUrl\":\"https:\/\/secure.gravatar.com\/avatar\/2cc649c1b18c2525711df2229be1bec404547cf030008c81a2f6b37f5287aaab?s=96&d=mm&r=g\",\"caption\":\"mariaS\"},\"url\":\"https:\/\/www.aibi.it\/coopaibc\/author\/marias\/\"}]}<\/script>\n<!-- \/ Yoast SEO plugin. -->","yoast_head_json":{"title":"Roma. Adozione internazionale in crisi. Tre anni e mezzo in attesa di decreto - AIBC","robots":{"index":"index","follow":"follow","max-snippet":"max-snippet:-1","max-image-preview":"max-image-preview:large","max-video-preview":"max-video-preview:-1"},"canonical":"https:\/\/www.aibi.it\/coopaibc\/roma-adozione-internazionale-in-crisi-tre-anni-e-mezzo-in-attesa-di-decreto\/","og_locale":"it_IT","og_type":"article","og_title":"Roma. Adozione internazionale in crisi. Tre anni e mezzo in attesa di decreto - AIBC","og_description":"&ldquo;&hellip;Il tutto &egrave; stato depositato al tribunale, ma nessuno ci ha mai pi&ugrave; contattati. Abbiamo fatto un sollecito a luglio del 2022 ma &egrave; finito nel vuoto, e non c&rsquo;&egrave; modo di chiedere un colloquio con il giudice che seguiva il nostro caso&hellip;&rdquo; Da quando AIBINEWS ha attivato un&rsquo;inchiesta sull&rsquo;Adozione [&hellip;]","og_url":"https:\/\/www.aibi.it\/coopaibc\/roma-adozione-internazionale-in-crisi-tre-anni-e-mezzo-in-attesa-di-decreto\/","og_site_name":"AIBC","article_published_time":"2022-12-06T10:25:09+00:00","og_image":[{"width":1200,"height":630,"url":"https:\/\/www.aibi.it\/coopaibc\/wp-content\/uploads\/2022\/12\/attesa-adozione.jpg","type":"image\/jpeg"}],"author":"mariaS","twitter_card":"summary_large_image","twitter_misc":{"Scritto da":"mariaS","Tempo di lettura stimato":"3 minuti"},"schema":{"@context":"https:\/\/schema.org","@graph":[{"@type":"Article","@id":"https:\/\/www.aibi.it\/coopaibc\/roma-adozione-internazionale-in-crisi-tre-anni-e-mezzo-in-attesa-di-decreto\/#article","isPartOf":{"@id":"https:\/\/www.aibi.it\/coopaibc\/roma-adozione-internazionale-in-crisi-tre-anni-e-mezzo-in-attesa-di-decreto\/"},"author":{"name":"mariaS","@id":"https:\/\/www.aibi.it\/coopaibc\/#\/schema\/person\/20c35acf37410bdb55edad4e6aa0ff7c"},"headline":"Roma. Adozione internazionale in crisi. Tre anni e mezzo in attesa di decreto","datePublished":"2022-12-06T10:25:09+00:00","mainEntityOfPage":{"@id":"https:\/\/www.aibi.it\/coopaibc\/roma-adozione-internazionale-in-crisi-tre-anni-e-mezzo-in-attesa-di-decreto\/"},"wordCount":485,"commentCount":0,"publisher":{"@id":"https:\/\/www.aibi.it\/coopaibc\/#organization"},"image":{"@id":"https:\/\/www.aibi.it\/coopaibc\/roma-adozione-internazionale-in-crisi-tre-anni-e-mezzo-in-attesa-di-decreto\/#primaryimage"},"thumbnailUrl":"https:\/\/www.aibi.it\/coopaibc\/wp-content\/uploads\/2022\/12\/attesa-adozione.jpg","articleSection":["News"],"inLanguage":"it-IT","potentialAction":[{"@type":"CommentAction","name":"Comment","target":["https:\/\/www.aibi.it\/coopaibc\/roma-adozione-internazionale-in-crisi-tre-anni-e-mezzo-in-attesa-di-decreto\/#respond"]}]},{"@type":"WebPage","@id":"https:\/\/www.aibi.it\/coopaibc\/roma-adozione-internazionale-in-crisi-tre-anni-e-mezzo-in-attesa-di-decreto\/","url":"https:\/\/www.aibi.it\/coopaibc\/roma-adozione-internazionale-in-crisi-tre-anni-e-mezzo-in-attesa-di-decreto\/","name":"Roma. Adozione internazionale in crisi. Tre anni e mezzo in attesa di decreto - AIBC","isPartOf":{"@id":"https:\/\/www.aibi.it\/coopaibc\/#website"},"primaryImageOfPage":{"@id":"https:\/\/www.aibi.it\/coopaibc\/roma-adozione-internazionale-in-crisi-tre-anni-e-mezzo-in-attesa-di-decreto\/#primaryimage"},"image":{"@id":"https:\/\/www.aibi.it\/coopaibc\/roma-adozione-internazionale-in-crisi-tre-anni-e-mezzo-in-attesa-di-decreto\/#primaryimage"},"thumbnailUrl":"https:\/\/www.aibi.it\/coopaibc\/wp-content\/uploads\/2022\/12\/attesa-adozione.jpg","datePublished":"2022-12-06T10:25:09+00:00","breadcrumb":{"@id":"https:\/\/www.aibi.it\/coopaibc\/roma-adozione-internazionale-in-crisi-tre-anni-e-mezzo-in-attesa-di-decreto\/#breadcrumb"},"inLanguage":"it-IT","potentialAction":[{"@type":"ReadAction","target":["https:\/\/www.aibi.it\/coopaibc\/roma-adozione-internazionale-in-crisi-tre-anni-e-mezzo-in-attesa-di-decreto\/"]}]},{"@type":"ImageObject","inLanguage":"it-IT","@id":"https:\/\/www.aibi.it\/coopaibc\/roma-adozione-internazionale-in-crisi-tre-anni-e-mezzo-in-attesa-di-decreto\/#primaryimage","url":"https:\/\/www.aibi.it\/coopaibc\/wp-content\/uploads\/2022\/12\/attesa-adozione.jpg","contentUrl":"https:\/\/www.aibi.it\/coopaibc\/wp-content\/uploads\/2022\/12\/attesa-adozione.jpg","width":1200,"height":630},{"@type":"BreadcrumbList","@id":"https:\/\/www.aibi.it\/coopaibc\/roma-adozione-internazionale-in-crisi-tre-anni-e-mezzo-in-attesa-di-decreto\/#breadcrumb","itemListElement":[{"@type":"ListItem","position":1,"name":"Home","item":"https:\/\/www.aibi.it\/coopaibc\/"},{"@type":"ListItem","position":2,"name":"Roma. Adozione internazionale in crisi. Tre anni e mezzo in attesa di decreto"}]},{"@type":"WebSite","@id":"https:\/\/www.aibi.it\/coopaibc\/#website","url":"https:\/\/www.aibi.it\/coopaibc\/","name":"AIBC","description":"Cooperativa Sociale","publisher":{"@id":"https:\/\/www.aibi.it\/coopaibc\/#organization"},"potentialAction":[{"@type":"SearchAction","target":{"@type":"EntryPoint","urlTemplate":"https:\/\/www.aibi.it\/coopaibc\/?s={search_term_string}"},"query-input":{"@type":"PropertyValueSpecification","valueRequired":true,"valueName":"search_term_string"}}],"inLanguage":"it-IT"},{"@type":"Organization","@id":"https:\/\/www.aibi.it\/coopaibc\/#organization","name":"AIBC","url":"https:\/\/www.aibi.it\/coopaibc\/","logo":{"@type":"ImageObject","inLanguage":"it-IT","@id":"https:\/\/www.aibi.it\/coopaibc\/#\/schema\/logo\/image\/","url":"https:\/\/www.aibi.it\/coopaibc\/wp-content\/uploads\/2016\/11\/cropped-logo-aibc-arancio-neg-150-1.png","contentUrl":"https:\/\/www.aibi.it\/coopaibc\/wp-content\/uploads\/2016\/11\/cropped-logo-aibc-arancio-neg-150-1.png","width":150,"height":88,"caption":"AIBC"},"image":{"@id":"https:\/\/www.aibi.it\/coopaibc\/#\/schema\/logo\/image\/"}},{"@type":"Person","@id":"https:\/\/www.aibi.it\/coopaibc\/#\/schema\/person\/20c35acf37410bdb55edad4e6aa0ff7c","name":"mariaS","image":{"@type":"ImageObject","inLanguage":"it-IT","@id":"https:\/\/www.aibi.it\/coopaibc\/#\/schema\/person\/image\/","url":"https:\/\/secure.gravatar.com\/avatar\/2cc649c1b18c2525711df2229be1bec404547cf030008c81a2f6b37f5287aaab?s=96&d=mm&r=g","contentUrl":"https:\/\/secure.gravatar.com\/avatar\/2cc649c1b18c2525711df2229be1bec404547cf030008c81a2f6b37f5287aaab?s=96&d=mm&r=g","caption":"mariaS"},"url":"https:\/\/www.aibi.it\/coopaibc\/author\/marias\/"}]}},"_links":{"self":[{"href":"https:\/\/www.aibi.it\/coopaibc\/wp-json\/wp\/v2\/posts\/3473","targetHints":{"allow":["GET"]}}],"collection":[{"href":"https:\/\/www.aibi.it\/coopaibc\/wp-json\/wp\/v2\/posts"}],"about":[{"href":"https:\/\/www.aibi.it\/coopaibc\/wp-json\/wp\/v2\/types\/post"}],"author":[{"embeddable":true,"href":"https:\/\/www.aibi.it\/coopaibc\/wp-json\/wp\/v2\/users\/4"}],"replies":[{"embeddable":true,"href":"https:\/\/www.aibi.it\/coopaibc\/wp-json\/wp\/v2\/comments?post=3473"}],"version-history":[{"count":3,"href":"https:\/\/www.aibi.it\/coopaibc\/wp-json\/wp\/v2\/posts\/3473\/revisions"}],"predecessor-version":[{"id":3477,"href":"https:\/\/www.aibi.it\/coopaibc\/wp-json\/wp\/v2\/posts\/3473\/revisions\/3477"}],"wp:featuredmedia":[{"embeddable":true,"href":"https:\/\/www.aibi.it\/coopaibc\/wp-json\/wp\/v2\/media\/3474"}],"wp:attachment":[{"href":"https:\/\/www.aibi.it\/coopaibc\/wp-json\/wp\/v2\/media?parent=3473"}],"wp:term":[{"taxonomy":"category","embeddable":true,"href":"https:\/\/www.aibi.it\/coopaibc\/wp-json\/wp\/v2\/categories?post=3473"},{"taxonomy":"post_tag","embeddable":true,"href":"https:\/\/www.aibi.it\/coopaibc\/wp-json\/wp\/v2\/tags?post=3473"}],"curies":[{"name":"wp","href":"https:\/\/api.w.org\/{rel}","templated":true}]}}