{"id":3690,"date":"2023-07-25T16:15:15","date_gmt":"2023-07-25T14:15:15","guid":{"rendered":"https:\/\/www.aibi.it\/coopaibc\/?p=3690"},"modified":"2023-07-25T16:15:15","modified_gmt":"2023-07-25T14:15:15","slug":"cassazione-servizi-sociali-incapaci-adottabilita-illegittima","status":"publish","type":"post","link":"https:\/\/www.aibi.it\/coopaibc\/cassazione-servizi-sociali-incapaci-adottabilita-illegittima\/","title":{"rendered":"Cassazione. Servizi sociali incapaci? L\u2019adottabilit\u00e0 \u00e8 illegittima"},"content":{"rendered":"<h2>Nell\u2019ipotesi in cui i servizi non si attivino per far rientrare il minore dato in affidamento, una volta accertato il superamento delle difficolt\u00e0 materiali che sono state alla base dell\u2019adozione di tale misura, il tribunale non pu\u00f2 legittimamente decidere per la decadenza della responsabilit\u00e0 genitoriale, anche se il reinserimento risulti problematico<br \/>\n<!--more--><\/h2>\n<p>Nell\u2019ordinamento italiano, come in tutti gli ordinamenti di Paesi di matrice culturale europea e nel sistema internazionale di protezione del minore, i <strong>provvedimenti limitativi o ablativi della responsabilit\u00e0 possono essere legittimamente adottati solo in presenza di un serio pericolo<\/strong> che la permanenza del minore nella propria famiglia di origine\u00a0 lo esponga a un pregiudizio grave e concreto.<br \/>\nCi\u00f2 non sulla base di una valutazione incentrata solo sul pericolo di un pregiudizio attuale, ma anche futuro, attraverso una valutazione che deve avere riguardo alla gravit\u00e0 delle conseguenze che le condotte dei genitori hanno determinato, o rischiano di determinare, nel minore.<\/p>\n<h3>Il controllo sui genitori<\/h3>\n<p>Per questo motivo l\u2019ordinamento giuridico prevede <strong>un controllo sulla condotta dei genitori<\/strong> affinch\u00e9 la responsabilit\u00e0 genitoriale si realizzi in corrispondenza agli scopi per cui \u00e8 loro attribuita, con la conseguenza che, in caso contrario, cio\u00e8 \u201cquando il genitore viola o trascura i doveri ad essa inerenti o abusa dei relativi poteri con grave pregiudizio del figlio\u201d il giudice pu\u00f2 dichiararne la decadenza.<br \/>\nAnche in questo controllo si realizza <strong>il supremo interesse del minore<\/strong> poich\u00e9 l\u2019uso della responsabilit\u00e0 genitoriale pu\u00f2 essere messa in discussione se non \u00e8 in sintonia con le esigenze del minore e la stessa funzione educativa dei genitori, come il mantenimento stesso, deve svolgersi avendo riguardo alla necessit\u00e0 e alla personalit\u00e0 del figlio.<br \/>\nTuttavia, gli interventi della pubblica autorit\u00e0 in situazioni cos\u00ec delicate come l\u2019allontanamento dei figli dalla famiglia richiedono procedure organizzate e competenze elevate.<br \/>\nL\u2019<strong>Ordinanza della Suprema Corte<\/strong> n. 33147\/22 ribadisce alcuni orientamenti consolidati della Cassazione, ma apporta <strong>un elemento di novit\u00e0<\/strong> su cui vogliamo soffermarci.<\/p>\n<h3>Il caso di una bambina<\/h3>\n<p>La vicenda riguarda una minore allontanata dalla famiglia all\u2019et\u00e0 di due mesi con il consenso dei genitori, a causa delle condizioni precarie di vita in cui si trovavano e collocata in affido etero familiare.<br \/>\nIl Tribunale aveva <strong>incaricato i servizi sociali<\/strong> di svolgere tutti gli <strong>accertamenti<\/strong> e gli interventi finalizzati al progressivo riavvicinamento della bambina alla famiglia d\u2019origine in previsione di un suo definitivo reinserimento. Tuttavia, la situazione si complicava a tal punto che l\u2019affido veniva prorogato anche per le difficolt\u00e0 dei rapporti tra la bambina e i genitori biologici. Al contrario <strong>la situazione materiale della famiglia biologica migliorava<\/strong> notevolmente con il reperimento di un\u2019abitazione idonea e un lavoro regolare, inoltre il CTU incaricato aveva dichiarato che il rientro in famiglia, supportata da un percorso di sostegno psicologico, fosse la soluzione migliore per la bimba.<br \/>\nIl tentativo di reinserimento non riusc\u00ec e la situazione si complic\u00f2 ulteriormente sino a giungere alla dichiarazione di decadenza della responsabilit\u00e0 genitoriale e l\u2019affido <em>sine die<\/em> della piccola alla famiglia affidataria; decisioni confermate anche in sede di appello non accogliendo la Corte di secondo grado, le eccezioni dei genitori biologici che eccepivano il mancato accertamento della violazione e della trascuratezza dei doveri genitoriali o l\u2019abuso dei relativi poteri con grave pregiudizio della figlia, che sono il presupposto per l\u2019emissione di un tale provvedimento.<br \/>\nLa questione giunge quindi in Cassazione e la Corte, come anticipato, ricorda alcuni principi giurisprudenziali gi\u00e0 noti quali <strong>la necessaria temporalit\u00e0 limitata dell\u2019istituto dell\u2019affido<\/strong> e i presupposti necessari per l\u2019emissione di un provvedimento di decadenza, i quali devono essere ogni volta verificati, cosa che non viene ravvisata nel procedimento impugnato.<\/p>\n<h3>L\u2019inerzia dei sevizi sociali<\/h3>\n<p>Ma accanto a questi principi individua <strong>l\u2019inerzia dei servizi sociali<\/strong> che non si sono attivati in modo adeguato per attuare le misure disposte dal tribunale, <strong>impedendo l\u2019effettivo rientro della bimba nella famiglia d\u2019origine<\/strong>.<br \/>\nLa novit\u00e0 della decisione \u00e8 da rinvenirsi nella previsione che nell\u2019ipotesi in cui i servizi non si attivino per far rientrare il minore dato in affidamento, con il consenso della\u00a0 famiglia d\u2019origine, una volta accertato il superamento delle difficolt\u00e0 materiali che sono state alla base dell\u2019adozione di tale misura, il tribunale non pu\u00f2 legittimamente decidere per la decadenza della responsabilit\u00e0 genitoriale, anche se il reinserimento risulti\u00a0 problematico.<br \/>\nIn caso contrario, continua la Corte, si giustificherebbe il fatto che la semplice indigenza della famiglia d\u2019origine possa giustificare a sua volta, che l\u2019allontanamento, deciso consensualmente, si trasformi in una situazione definitiva a seguito delle difficolt\u00e0 economiche dei genitori biologici e di quelle del minore stesso reinserito, in parte attribuibili anche alla condotta della famiglia affidataria.<br \/>\nLa decisione sulla decadenza infatti, si fonda quasi esclusivamente sulle <strong>difficolt\u00e0 psicologiche della bambina<\/strong> (comprensibili se non si modifica la situazione di fatto che le determina) e <strong>sulla sua incapacit\u00e0 di relazionarsi con i genitori biologici<\/strong>.<br \/>\nTutto ci\u00f2, conclude la Corte \u00e8 stato <strong>determinato dalla inerzia dei servizi sociali<\/strong> che non hanno attivato tutti quegli incontri, modalit\u00e0 e attenzioni dovute, a fronte di una valutazione favorevole sui genitori biologici da parte della ctu.<br \/>\n<strong>Il servizio pubblico<\/strong> posto a fondamento e tutela della civile convivenza <strong>deve agire in sinergia con tutti i soggetti coinvolti<\/strong> e nel caso della tutela dei minori, deve porre in essere tutto quanto \u00e8 in suo potere e necessario per <strong>evitare non solo di fare fallire l\u2019intervento protettivo, ma di peggiorare lo stato del minore<\/strong>, anche solo allungando i tempi risoluzione dell\u2019intervento stesso.<\/p>\n","protected":false},"excerpt":{"rendered":"<p>Nell&rsquo;ipotesi in cui i servizi non si attivino per far rientrare il minore dato in affidamento, una volta accertato il superamento delle difficolt&agrave; materiali che sono state alla base dell&rsquo;adozione di tale misura, il tribunale non pu&ograve; legittimamente decidere per la decadenza della responsabilit&agrave; genitoriale, anche se il reinserimento risulti [&hellip;]<\/p>\n","protected":false},"author":12,"featured_media":3691,"comment_status":"open","ping_status":"open","sticky":false,"template":"","format":"standard","meta":{"footnotes":""},"categories":[1],"tags":[74],"class_list":{"0":"post-3690","1":"post","2":"type-post","3":"status-publish","4":"format-standard","5":"has-post-thumbnail","7":"category-news","8":"tag-servizi-sociali"},"yoast_head":"<!-- This site is optimized with the Yoast SEO plugin v26.1.1 - https:\/\/yoast.com\/wordpress\/plugins\/seo\/ -->\n<title>Cassazione. Servizi sociali incapaci? L\u2019adottabilit\u00e0 \u00e8 illegittima<\/title>\n<meta name=\"description\" content=\"Nell\u2019ipotesi in cui i servizi non si attivino per far rientrare il minore dato in affidamento, una volta accertato il superamento delle difficolt\u00e0 materiali che sono state alla base dell\u2019adozione di tale misura, il tribunale non pu\u00f2 legittimamente decidere per la decadenza della responsabilit\u00e0 genitoriale\" \/>\n<meta name=\"robots\" content=\"index, follow, max-snippet:-1, max-image-preview:large, max-video-preview:-1\" \/>\n<link rel=\"canonical\" href=\"https:\/\/www.aibi.it\/coopaibc\/cassazione-servizi-sociali-incapaci-adottabilita-illegittima\/\" \/>\n<meta property=\"og:locale\" content=\"it_IT\" \/>\n<meta property=\"og:type\" content=\"article\" \/>\n<meta property=\"og:title\" content=\"Cassazione. Servizi sociali incapaci? L\u2019adottabilit\u00e0 \u00e8 illegittima\" \/>\n<meta property=\"og:description\" content=\"Nell\u2019ipotesi in cui i servizi non si attivino per far rientrare il minore dato in affidamento, una volta accertato il superamento delle difficolt\u00e0 materiali che sono state alla base dell\u2019adozione di tale misura, il tribunale non pu\u00f2 legittimamente decidere per la decadenza della responsabilit\u00e0 genitoriale\" \/>\n<meta property=\"og:url\" content=\"https:\/\/www.aibi.it\/coopaibc\/cassazione-servizi-sociali-incapaci-adottabilita-illegittima\/\" \/>\n<meta property=\"og:site_name\" content=\"AIBC\" \/>\n<meta property=\"article:published_time\" content=\"2023-07-25T14:15:15+00:00\" \/>\n<meta property=\"og:image\" content=\"https:\/\/www.aibi.it\/coopaibc\/wp-content\/uploads\/2023\/07\/Servizi-sociali.jpg\" \/>\n\t<meta property=\"og:image:width\" content=\"1200\" \/>\n\t<meta property=\"og:image:height\" content=\"630\" \/>\n\t<meta property=\"og:image:type\" content=\"image\/jpeg\" \/>\n<meta name=\"author\" content=\"antonio.rubinetti@aibi.it\" \/>\n<meta name=\"twitter:card\" content=\"summary_large_image\" \/>\n<meta name=\"twitter:label1\" content=\"Scritto da\" \/>\n\t<meta name=\"twitter:data1\" content=\"antonio.rubinetti@aibi.it\" \/>\n\t<meta name=\"twitter:label2\" content=\"Tempo di lettura stimato\" \/>\n\t<meta name=\"twitter:data2\" content=\"5 minuti\" \/>\n<script type=\"application\/ld+json\" class=\"yoast-schema-graph\">{\"@context\":\"https:\/\/schema.org\",\"@graph\":[{\"@type\":\"Article\",\"@id\":\"https:\/\/www.aibi.it\/coopaibc\/cassazione-servizi-sociali-incapaci-adottabilita-illegittima\/#article\",\"isPartOf\":{\"@id\":\"https:\/\/www.aibi.it\/coopaibc\/cassazione-servizi-sociali-incapaci-adottabilita-illegittima\/\"},\"author\":{\"name\":\"antonio.rubinetti@aibi.it\",\"@id\":\"https:\/\/www.aibi.it\/coopaibc\/#\/schema\/person\/259fe086fa939f87aeb41c32c1af956d\"},\"headline\":\"Cassazione. Servizi sociali incapaci? L\u2019adottabilit\u00e0 \u00e8 illegittima\",\"datePublished\":\"2023-07-25T14:15:15+00:00\",\"mainEntityOfPage\":{\"@id\":\"https:\/\/www.aibi.it\/coopaibc\/cassazione-servizi-sociali-incapaci-adottabilita-illegittima\/\"},\"wordCount\":911,\"commentCount\":0,\"publisher\":{\"@id\":\"https:\/\/www.aibi.it\/coopaibc\/#organization\"},\"image\":{\"@id\":\"https:\/\/www.aibi.it\/coopaibc\/cassazione-servizi-sociali-incapaci-adottabilita-illegittima\/#primaryimage\"},\"thumbnailUrl\":\"https:\/\/www.aibi.it\/coopaibc\/wp-content\/uploads\/2023\/07\/Servizi-sociali.jpg\",\"keywords\":[\"servizi sociali\"],\"articleSection\":[\"News\"],\"inLanguage\":\"it-IT\",\"potentialAction\":[{\"@type\":\"CommentAction\",\"name\":\"Comment\",\"target\":[\"https:\/\/www.aibi.it\/coopaibc\/cassazione-servizi-sociali-incapaci-adottabilita-illegittima\/#respond\"]}]},{\"@type\":\"WebPage\",\"@id\":\"https:\/\/www.aibi.it\/coopaibc\/cassazione-servizi-sociali-incapaci-adottabilita-illegittima\/\",\"url\":\"https:\/\/www.aibi.it\/coopaibc\/cassazione-servizi-sociali-incapaci-adottabilita-illegittima\/\",\"name\":\"Cassazione. Servizi sociali incapaci? L\u2019adottabilit\u00e0 \u00e8 illegittima\",\"isPartOf\":{\"@id\":\"https:\/\/www.aibi.it\/coopaibc\/#website\"},\"primaryImageOfPage\":{\"@id\":\"https:\/\/www.aibi.it\/coopaibc\/cassazione-servizi-sociali-incapaci-adottabilita-illegittima\/#primaryimage\"},\"image\":{\"@id\":\"https:\/\/www.aibi.it\/coopaibc\/cassazione-servizi-sociali-incapaci-adottabilita-illegittima\/#primaryimage\"},\"thumbnailUrl\":\"https:\/\/www.aibi.it\/coopaibc\/wp-content\/uploads\/2023\/07\/Servizi-sociali.jpg\",\"datePublished\":\"2023-07-25T14:15:15+00:00\",\"description\":\"Nell\u2019ipotesi in cui i servizi non si attivino per far rientrare il minore dato in affidamento, una volta accertato il superamento delle difficolt\u00e0 materiali che sono state alla base dell\u2019adozione di tale misura, il tribunale non pu\u00f2 legittimamente decidere per la decadenza della responsabilit\u00e0 genitoriale\",\"breadcrumb\":{\"@id\":\"https:\/\/www.aibi.it\/coopaibc\/cassazione-servizi-sociali-incapaci-adottabilita-illegittima\/#breadcrumb\"},\"inLanguage\":\"it-IT\",\"potentialAction\":[{\"@type\":\"ReadAction\",\"target\":[\"https:\/\/www.aibi.it\/coopaibc\/cassazione-servizi-sociali-incapaci-adottabilita-illegittima\/\"]}]},{\"@type\":\"ImageObject\",\"inLanguage\":\"it-IT\",\"@id\":\"https:\/\/www.aibi.it\/coopaibc\/cassazione-servizi-sociali-incapaci-adottabilita-illegittima\/#primaryimage\",\"url\":\"https:\/\/www.aibi.it\/coopaibc\/wp-content\/uploads\/2023\/07\/Servizi-sociali.jpg\",\"contentUrl\":\"https:\/\/www.aibi.it\/coopaibc\/wp-content\/uploads\/2023\/07\/Servizi-sociali.jpg\",\"width\":1200,\"height\":630},{\"@type\":\"BreadcrumbList\",\"@id\":\"https:\/\/www.aibi.it\/coopaibc\/cassazione-servizi-sociali-incapaci-adottabilita-illegittima\/#breadcrumb\",\"itemListElement\":[{\"@type\":\"ListItem\",\"position\":1,\"name\":\"Home\",\"item\":\"https:\/\/www.aibi.it\/coopaibc\/\"},{\"@type\":\"ListItem\",\"position\":2,\"name\":\"Cassazione. Servizi sociali incapaci? L\u2019adottabilit\u00e0 \u00e8 illegittima\"}]},{\"@type\":\"WebSite\",\"@id\":\"https:\/\/www.aibi.it\/coopaibc\/#website\",\"url\":\"https:\/\/www.aibi.it\/coopaibc\/\",\"name\":\"AIBC\",\"description\":\"Cooperativa Sociale\",\"publisher\":{\"@id\":\"https:\/\/www.aibi.it\/coopaibc\/#organization\"},\"potentialAction\":[{\"@type\":\"SearchAction\",\"target\":{\"@type\":\"EntryPoint\",\"urlTemplate\":\"https:\/\/www.aibi.it\/coopaibc\/?s={search_term_string}\"},\"query-input\":{\"@type\":\"PropertyValueSpecification\",\"valueRequired\":true,\"valueName\":\"search_term_string\"}}],\"inLanguage\":\"it-IT\"},{\"@type\":\"Organization\",\"@id\":\"https:\/\/www.aibi.it\/coopaibc\/#organization\",\"name\":\"AIBC\",\"url\":\"https:\/\/www.aibi.it\/coopaibc\/\",\"logo\":{\"@type\":\"ImageObject\",\"inLanguage\":\"it-IT\",\"@id\":\"https:\/\/www.aibi.it\/coopaibc\/#\/schema\/logo\/image\/\",\"url\":\"https:\/\/www.aibi.it\/coopaibc\/wp-content\/uploads\/2016\/11\/cropped-logo-aibc-arancio-neg-150-1.png\",\"contentUrl\":\"https:\/\/www.aibi.it\/coopaibc\/wp-content\/uploads\/2016\/11\/cropped-logo-aibc-arancio-neg-150-1.png\",\"width\":150,\"height\":88,\"caption\":\"AIBC\"},\"image\":{\"@id\":\"https:\/\/www.aibi.it\/coopaibc\/#\/schema\/logo\/image\/\"}},{\"@type\":\"Person\",\"@id\":\"https:\/\/www.aibi.it\/coopaibc\/#\/schema\/person\/259fe086fa939f87aeb41c32c1af956d\",\"name\":\"antonio.rubinetti@aibi.it\",\"image\":{\"@type\":\"ImageObject\",\"inLanguage\":\"it-IT\",\"@id\":\"https:\/\/www.aibi.it\/coopaibc\/#\/schema\/person\/image\/\",\"url\":\"https:\/\/secure.gravatar.com\/avatar\/2aaaeed07e35259e31c96b2b25bddab18d2578fdea29e74b114077a66a97f537?s=96&d=mm&r=g\",\"contentUrl\":\"https:\/\/secure.gravatar.com\/avatar\/2aaaeed07e35259e31c96b2b25bddab18d2578fdea29e74b114077a66a97f537?s=96&d=mm&r=g\",\"caption\":\"antonio.rubinetti@aibi.it\"},\"url\":\"https:\/\/www.aibi.it\/coopaibc\/author\/antonio-rubinettiaibi-it\/\"}]}<\/script>\n<!-- \/ Yoast SEO plugin. -->","yoast_head_json":{"title":"Cassazione. Servizi sociali incapaci? L\u2019adottabilit\u00e0 \u00e8 illegittima","description":"Nell\u2019ipotesi in cui i servizi non si attivino per far rientrare il minore dato in affidamento, una volta accertato il superamento delle difficolt\u00e0 materiali che sono state alla base dell\u2019adozione di tale misura, il tribunale non pu\u00f2 legittimamente decidere per la decadenza della responsabilit\u00e0 genitoriale","robots":{"index":"index","follow":"follow","max-snippet":"max-snippet:-1","max-image-preview":"max-image-preview:large","max-video-preview":"max-video-preview:-1"},"canonical":"https:\/\/www.aibi.it\/coopaibc\/cassazione-servizi-sociali-incapaci-adottabilita-illegittima\/","og_locale":"it_IT","og_type":"article","og_title":"Cassazione. Servizi sociali incapaci? L\u2019adottabilit\u00e0 \u00e8 illegittima","og_description":"Nell\u2019ipotesi in cui i servizi non si attivino per far rientrare il minore dato in affidamento, una volta accertato il superamento delle difficolt\u00e0 materiali che sono state alla base dell\u2019adozione di tale misura, il tribunale non pu\u00f2 legittimamente decidere per la decadenza della responsabilit\u00e0 genitoriale","og_url":"https:\/\/www.aibi.it\/coopaibc\/cassazione-servizi-sociali-incapaci-adottabilita-illegittima\/","og_site_name":"AIBC","article_published_time":"2023-07-25T14:15:15+00:00","og_image":[{"width":1200,"height":630,"url":"https:\/\/www.aibi.it\/coopaibc\/wp-content\/uploads\/2023\/07\/Servizi-sociali.jpg","type":"image\/jpeg"}],"author":"antonio.rubinetti@aibi.it","twitter_card":"summary_large_image","twitter_misc":{"Scritto da":"antonio.rubinetti@aibi.it","Tempo di lettura stimato":"5 minuti"},"schema":{"@context":"https:\/\/schema.org","@graph":[{"@type":"Article","@id":"https:\/\/www.aibi.it\/coopaibc\/cassazione-servizi-sociali-incapaci-adottabilita-illegittima\/#article","isPartOf":{"@id":"https:\/\/www.aibi.it\/coopaibc\/cassazione-servizi-sociali-incapaci-adottabilita-illegittima\/"},"author":{"name":"antonio.rubinetti@aibi.it","@id":"https:\/\/www.aibi.it\/coopaibc\/#\/schema\/person\/259fe086fa939f87aeb41c32c1af956d"},"headline":"Cassazione. Servizi sociali incapaci? L\u2019adottabilit\u00e0 \u00e8 illegittima","datePublished":"2023-07-25T14:15:15+00:00","mainEntityOfPage":{"@id":"https:\/\/www.aibi.it\/coopaibc\/cassazione-servizi-sociali-incapaci-adottabilita-illegittima\/"},"wordCount":911,"commentCount":0,"publisher":{"@id":"https:\/\/www.aibi.it\/coopaibc\/#organization"},"image":{"@id":"https:\/\/www.aibi.it\/coopaibc\/cassazione-servizi-sociali-incapaci-adottabilita-illegittima\/#primaryimage"},"thumbnailUrl":"https:\/\/www.aibi.it\/coopaibc\/wp-content\/uploads\/2023\/07\/Servizi-sociali.jpg","keywords":["servizi sociali"],"articleSection":["News"],"inLanguage":"it-IT","potentialAction":[{"@type":"CommentAction","name":"Comment","target":["https:\/\/www.aibi.it\/coopaibc\/cassazione-servizi-sociali-incapaci-adottabilita-illegittima\/#respond"]}]},{"@type":"WebPage","@id":"https:\/\/www.aibi.it\/coopaibc\/cassazione-servizi-sociali-incapaci-adottabilita-illegittima\/","url":"https:\/\/www.aibi.it\/coopaibc\/cassazione-servizi-sociali-incapaci-adottabilita-illegittima\/","name":"Cassazione. Servizi sociali incapaci? L\u2019adottabilit\u00e0 \u00e8 illegittima","isPartOf":{"@id":"https:\/\/www.aibi.it\/coopaibc\/#website"},"primaryImageOfPage":{"@id":"https:\/\/www.aibi.it\/coopaibc\/cassazione-servizi-sociali-incapaci-adottabilita-illegittima\/#primaryimage"},"image":{"@id":"https:\/\/www.aibi.it\/coopaibc\/cassazione-servizi-sociali-incapaci-adottabilita-illegittima\/#primaryimage"},"thumbnailUrl":"https:\/\/www.aibi.it\/coopaibc\/wp-content\/uploads\/2023\/07\/Servizi-sociali.jpg","datePublished":"2023-07-25T14:15:15+00:00","description":"Nell\u2019ipotesi in cui i servizi non si attivino per far rientrare il minore dato in affidamento, una volta accertato il superamento delle difficolt\u00e0 materiali che sono state alla base dell\u2019adozione di tale misura, il tribunale non pu\u00f2 legittimamente decidere per la decadenza della responsabilit\u00e0 genitoriale","breadcrumb":{"@id":"https:\/\/www.aibi.it\/coopaibc\/cassazione-servizi-sociali-incapaci-adottabilita-illegittima\/#breadcrumb"},"inLanguage":"it-IT","potentialAction":[{"@type":"ReadAction","target":["https:\/\/www.aibi.it\/coopaibc\/cassazione-servizi-sociali-incapaci-adottabilita-illegittima\/"]}]},{"@type":"ImageObject","inLanguage":"it-IT","@id":"https:\/\/www.aibi.it\/coopaibc\/cassazione-servizi-sociali-incapaci-adottabilita-illegittima\/#primaryimage","url":"https:\/\/www.aibi.it\/coopaibc\/wp-content\/uploads\/2023\/07\/Servizi-sociali.jpg","contentUrl":"https:\/\/www.aibi.it\/coopaibc\/wp-content\/uploads\/2023\/07\/Servizi-sociali.jpg","width":1200,"height":630},{"@type":"BreadcrumbList","@id":"https:\/\/www.aibi.it\/coopaibc\/cassazione-servizi-sociali-incapaci-adottabilita-illegittima\/#breadcrumb","itemListElement":[{"@type":"ListItem","position":1,"name":"Home","item":"https:\/\/www.aibi.it\/coopaibc\/"},{"@type":"ListItem","position":2,"name":"Cassazione. Servizi sociali incapaci? L\u2019adottabilit\u00e0 \u00e8 illegittima"}]},{"@type":"WebSite","@id":"https:\/\/www.aibi.it\/coopaibc\/#website","url":"https:\/\/www.aibi.it\/coopaibc\/","name":"AIBC","description":"Cooperativa Sociale","publisher":{"@id":"https:\/\/www.aibi.it\/coopaibc\/#organization"},"potentialAction":[{"@type":"SearchAction","target":{"@type":"EntryPoint","urlTemplate":"https:\/\/www.aibi.it\/coopaibc\/?s={search_term_string}"},"query-input":{"@type":"PropertyValueSpecification","valueRequired":true,"valueName":"search_term_string"}}],"inLanguage":"it-IT"},{"@type":"Organization","@id":"https:\/\/www.aibi.it\/coopaibc\/#organization","name":"AIBC","url":"https:\/\/www.aibi.it\/coopaibc\/","logo":{"@type":"ImageObject","inLanguage":"it-IT","@id":"https:\/\/www.aibi.it\/coopaibc\/#\/schema\/logo\/image\/","url":"https:\/\/www.aibi.it\/coopaibc\/wp-content\/uploads\/2016\/11\/cropped-logo-aibc-arancio-neg-150-1.png","contentUrl":"https:\/\/www.aibi.it\/coopaibc\/wp-content\/uploads\/2016\/11\/cropped-logo-aibc-arancio-neg-150-1.png","width":150,"height":88,"caption":"AIBC"},"image":{"@id":"https:\/\/www.aibi.it\/coopaibc\/#\/schema\/logo\/image\/"}},{"@type":"Person","@id":"https:\/\/www.aibi.it\/coopaibc\/#\/schema\/person\/259fe086fa939f87aeb41c32c1af956d","name":"antonio.rubinetti@aibi.it","image":{"@type":"ImageObject","inLanguage":"it-IT","@id":"https:\/\/www.aibi.it\/coopaibc\/#\/schema\/person\/image\/","url":"https:\/\/secure.gravatar.com\/avatar\/2aaaeed07e35259e31c96b2b25bddab18d2578fdea29e74b114077a66a97f537?s=96&d=mm&r=g","contentUrl":"https:\/\/secure.gravatar.com\/avatar\/2aaaeed07e35259e31c96b2b25bddab18d2578fdea29e74b114077a66a97f537?s=96&d=mm&r=g","caption":"antonio.rubinetti@aibi.it"},"url":"https:\/\/www.aibi.it\/coopaibc\/author\/antonio-rubinettiaibi-it\/"}]}},"_links":{"self":[{"href":"https:\/\/www.aibi.it\/coopaibc\/wp-json\/wp\/v2\/posts\/3690","targetHints":{"allow":["GET"]}}],"collection":[{"href":"https:\/\/www.aibi.it\/coopaibc\/wp-json\/wp\/v2\/posts"}],"about":[{"href":"https:\/\/www.aibi.it\/coopaibc\/wp-json\/wp\/v2\/types\/post"}],"author":[{"embeddable":true,"href":"https:\/\/www.aibi.it\/coopaibc\/wp-json\/wp\/v2\/users\/12"}],"replies":[{"embeddable":true,"href":"https:\/\/www.aibi.it\/coopaibc\/wp-json\/wp\/v2\/comments?post=3690"}],"version-history":[{"count":2,"href":"https:\/\/www.aibi.it\/coopaibc\/wp-json\/wp\/v2\/posts\/3690\/revisions"}],"predecessor-version":[{"id":3693,"href":"https:\/\/www.aibi.it\/coopaibc\/wp-json\/wp\/v2\/posts\/3690\/revisions\/3693"}],"wp:featuredmedia":[{"embeddable":true,"href":"https:\/\/www.aibi.it\/coopaibc\/wp-json\/wp\/v2\/media\/3691"}],"wp:attachment":[{"href":"https:\/\/www.aibi.it\/coopaibc\/wp-json\/wp\/v2\/media?parent=3690"}],"wp:term":[{"taxonomy":"category","embeddable":true,"href":"https:\/\/www.aibi.it\/coopaibc\/wp-json\/wp\/v2\/categories?post=3690"},{"taxonomy":"post_tag","embeddable":true,"href":"https:\/\/www.aibi.it\/coopaibc\/wp-json\/wp\/v2\/tags?post=3690"}],"curies":[{"name":"wp","href":"https:\/\/api.w.org\/{rel}","templated":true}]}}