{"id":3718,"date":"2023-09-12T12:49:29","date_gmt":"2023-09-12T10:49:29","guid":{"rendered":"https:\/\/www.aibi.it\/coopaibc\/?p=3718"},"modified":"2023-09-12T12:49:29","modified_gmt":"2023-09-12T10:49:29","slug":"buona-prassi-scuole-trento-bullismo","status":"publish","type":"post","link":"https:\/\/www.aibi.it\/coopaibc\/buona-prassi-scuole-trento-bullismo\/","title":{"rendered":"La buona prassi delle scuole di\u00a0Trento:\u00a0tutte\u00a0unite contro il bullismo"},"content":{"rendered":"<h2>La citt\u00e0 di Trento si mobilita contro il bullismo con un progetto di prevenzione e contrasto al fenomeno che ha coinvolto quasi 6500 studenti e studentesse, sostenuto da Etika, l&#8217;offerta luce e gas della Cooperazione Trentina con Dolomiti Energia<!--more--><\/h2>\n<p>Un percorso di prevenzione e contrasto al fenomeno che ha coinvolto quasi\u00a0<strong>6.500<\/strong>\u00a0studenti e studentesse, grazie al sostegno di\u00a0<strong>Etika<\/strong>, l&#8217;offerta luce e gas della Cooperazione Trentina con Dolomiti Energia<br \/>\nTrento \u00e8 la prima citt\u00e0 d&#8217;Italia dove tutti gli Istituti comprensivi hanno ottenuto la certificazione per la prevenzione e il\u00a0<strong>contrasto al bullismo<\/strong>, un fenomeno che purtroppo colpisce molti bambini e ragazzi nelle scuole. Si tratta di un risultato importante, frutto di un percorso durato l&#8217;intero anno scolastico che ha coinvolto quasi 6500 studenti e studentesse, oltre a insegnanti, personale scolastico e genitori.<\/p>\n<h3>Il progetto di Etika<\/h3>\n<p>Il progetto \u00e8 stato realizzato grazie al sostegno di Etika, l&#8217;offerta luce e gas della Cooperazione Trentina con Dolomiti Energia, e il cofinanziamento della Provincia Autonoma di Trento e dei singoli Istituti. Con l&#8217;<strong>Istituto Trento 6<\/strong>\u00a0che ha fatto da apripista, il percorso ha portato\u00a0oggi\u00a0tutti gli Istituti del capoluogo ad ottenere la certificazione, unica citt\u00e0 d&#8217;Italia ad avere raggiunto un traguardo cos\u00ec elevato. Nel progetto \u00e8 stato coinvolto anche l&#8217;Istituto comprensivo di Cavalese, come esperienza di un contesto scolastico periferico di valle.<br \/>\nIl progetto ha avuto come obiettivo quello di informare, sensibilizzare e aiutare tutte le persone coinvolte nel fenomeno del bullismo: bulli e vittime, compagni e compagne di scuola, insegnanti e genitori. Per questo, all&#8217;inizio dell&#8217;anno scolastico, \u00e8 stata effettuata un&#8217;indagine per rilevare la percezione rispetto ai &#8220;comportamenti da bulli&#8221; vissuti in contesto scolastico. Sono stati compilati 2.809 questionari da parte degli studenti delle scuole secondarie di primo grado e in alcuni casi anche delle classi quarta e quinta delle primarie degli otto Istituti. Altri 2.377 questionari sono stati compilati da adulti, di cui 1.657 da genitori e 720 da personale scolastico.<\/p>\n<h3>L&#8217;indagine<\/h3>\n<p>Dall&#8217;indagine sono emersi alcuni dati interessanti: l&#8217;83% dei ragazzi dice di stare bene o abbastanza bene in classe; il 52% dei ragazzi indica di non aver mai subito, fatto o visto gesti di bullismo; il 56% degli intervistati sceglierebbe un genitore o un insegnante per parlare del problema; il 12% ritiene che i bulli vadano aiutati, al pari delle vittime.<br \/>\nSulla base dei risultati dell&#8217;indagine, sono state definite delle politiche specifiche per ciascun Istituto, attraverso differenti azioni: progetti di prevenzione, formazione per personale scolastico e genitori, un attento piano di vigilanza\/accompagnamento\/supervisione dentro e fuori la scuola e un regolamento sanzionatorio incentrato su gradualit\u00e0 delle sanzioni, obiettivi educativi, presa in carico della vittima.<\/p>\n<h3>La collaborazione tra scuole, istituzioni e cooperazione<\/h3>\n<p>Il progetto ha dimostrato l&#8217;importanza della collaborazione tra il mondo della scuola, le istituzioni e la cooperazione. Come ha sottolineato <strong>Roberto Simoni<\/strong>, presidente della Cooperazione Trentina, &#8220;Etika esemplifica in modo eccellente il contributo della cooperazione alla costruzione di una comunit\u00e0 coesa e inclusiva&#8221;. Viviana Sbardella, Sovrintendente scolastica, ha aggiunto che &#8220;la missione della scuola \u00e8 formare i futuri cittadini, che a ben guardare \u00e8 l&#8217;obiettivo anche di questo progetto di prevenzione al bullismo&#8221;. Romano Stefani, direttore Mercato di Dolomiti Energia, ha dichiarato che &#8220;siamo felici di aver contribuito a generare un impatto sociale positivo, promuovendo relazioni e rapporti rispettosi&#8221;.<\/p>\n","protected":false},"excerpt":{"rendered":"<p>La citt&agrave; di Trento si mobilita contro il bullismo con un progetto di prevenzione e contrasto al fenomeno che ha coinvolto quasi 6500 studenti e studentesse, sostenuto da Etika, l&rsquo;offerta luce e gas della Cooperazione Trentina con Dolomiti Energia<\/p>\n","protected":false},"author":12,"featured_media":3719,"comment_status":"open","ping_status":"open","sticky":false,"template":"","format":"standard","meta":{"footnotes":""},"categories":[1],"tags":[59],"class_list":{"0":"post-3718","1":"post","2":"type-post","3":"status-publish","4":"format-standard","5":"has-post-thumbnail","7":"category-news","8":"tag-bullismo"},"yoast_head":"<!-- This site is optimized with the Yoast SEO plugin v26.1.1 - https:\/\/yoast.com\/wordpress\/plugins\/seo\/ -->\n<title>La buona prassi delle scuole di\u00a0Trento:\u00a0tutte\u00a0unite contro il bullismo<\/title>\n<meta name=\"description\" content=\"La citt\u00e0 di Trento si mobilita contro il bullismo con un progetto di prevenzione e contrasto al fenomeno che ha coinvolto quasi 6500 studenti e studentesse, sostenuto da Etika, l&#039;offerta luce e gas della Cooperazione Trentina con Dolomiti Energia\" \/>\n<meta name=\"robots\" content=\"index, follow, max-snippet:-1, max-image-preview:large, max-video-preview:-1\" \/>\n<link rel=\"canonical\" href=\"https:\/\/www.aibi.it\/coopaibc\/buona-prassi-scuole-trento-bullismo\/\" \/>\n<meta property=\"og:locale\" content=\"it_IT\" \/>\n<meta property=\"og:type\" content=\"article\" \/>\n<meta property=\"og:title\" content=\"La buona prassi delle scuole di\u00a0Trento:\u00a0tutte\u00a0unite contro il bullismo\" \/>\n<meta property=\"og:description\" content=\"La citt\u00e0 di Trento si mobilita contro il bullismo con un progetto di prevenzione e contrasto al fenomeno che ha coinvolto quasi 6500 studenti e studentesse, sostenuto da Etika, l&#039;offerta luce e gas della Cooperazione Trentina con Dolomiti Energia\" \/>\n<meta property=\"og:url\" content=\"https:\/\/www.aibi.it\/coopaibc\/buona-prassi-scuole-trento-bullismo\/\" \/>\n<meta property=\"og:site_name\" content=\"AIBC\" \/>\n<meta property=\"article:published_time\" content=\"2023-09-12T10:49:29+00:00\" \/>\n<meta property=\"og:image\" content=\"https:\/\/www.aibi.it\/coopaibc\/wp-content\/uploads\/2023\/09\/Torino-Bullismo.jpg\" \/>\n\t<meta property=\"og:image:width\" content=\"1200\" \/>\n\t<meta property=\"og:image:height\" content=\"630\" \/>\n\t<meta property=\"og:image:type\" content=\"image\/jpeg\" \/>\n<meta name=\"author\" content=\"antonio.rubinetti@aibi.it\" \/>\n<meta name=\"twitter:card\" content=\"summary_large_image\" \/>\n<meta name=\"twitter:label1\" content=\"Scritto da\" \/>\n\t<meta name=\"twitter:data1\" content=\"antonio.rubinetti@aibi.it\" \/>\n\t<meta name=\"twitter:label2\" content=\"Tempo di lettura stimato\" \/>\n\t<meta name=\"twitter:data2\" content=\"3 minuti\" \/>\n<script type=\"application\/ld+json\" class=\"yoast-schema-graph\">{\"@context\":\"https:\/\/schema.org\",\"@graph\":[{\"@type\":\"Article\",\"@id\":\"https:\/\/www.aibi.it\/coopaibc\/buona-prassi-scuole-trento-bullismo\/#article\",\"isPartOf\":{\"@id\":\"https:\/\/www.aibi.it\/coopaibc\/buona-prassi-scuole-trento-bullismo\/\"},\"author\":{\"name\":\"antonio.rubinetti@aibi.it\",\"@id\":\"https:\/\/www.aibi.it\/coopaibc\/#\/schema\/person\/259fe086fa939f87aeb41c32c1af956d\"},\"headline\":\"La buona prassi delle scuole di\u00a0Trento:\u00a0tutte\u00a0unite contro il bullismo\",\"datePublished\":\"2023-09-12T10:49:29+00:00\",\"mainEntityOfPage\":{\"@id\":\"https:\/\/www.aibi.it\/coopaibc\/buona-prassi-scuole-trento-bullismo\/\"},\"wordCount\":538,\"commentCount\":0,\"publisher\":{\"@id\":\"https:\/\/www.aibi.it\/coopaibc\/#organization\"},\"image\":{\"@id\":\"https:\/\/www.aibi.it\/coopaibc\/buona-prassi-scuole-trento-bullismo\/#primaryimage\"},\"thumbnailUrl\":\"https:\/\/www.aibi.it\/coopaibc\/wp-content\/uploads\/2023\/09\/Torino-Bullismo.jpg\",\"keywords\":[\"bullismo\"],\"articleSection\":[\"News\"],\"inLanguage\":\"it-IT\",\"potentialAction\":[{\"@type\":\"CommentAction\",\"name\":\"Comment\",\"target\":[\"https:\/\/www.aibi.it\/coopaibc\/buona-prassi-scuole-trento-bullismo\/#respond\"]}]},{\"@type\":\"WebPage\",\"@id\":\"https:\/\/www.aibi.it\/coopaibc\/buona-prassi-scuole-trento-bullismo\/\",\"url\":\"https:\/\/www.aibi.it\/coopaibc\/buona-prassi-scuole-trento-bullismo\/\",\"name\":\"La buona prassi delle scuole di\u00a0Trento:\u00a0tutte\u00a0unite contro il bullismo\",\"isPartOf\":{\"@id\":\"https:\/\/www.aibi.it\/coopaibc\/#website\"},\"primaryImageOfPage\":{\"@id\":\"https:\/\/www.aibi.it\/coopaibc\/buona-prassi-scuole-trento-bullismo\/#primaryimage\"},\"image\":{\"@id\":\"https:\/\/www.aibi.it\/coopaibc\/buona-prassi-scuole-trento-bullismo\/#primaryimage\"},\"thumbnailUrl\":\"https:\/\/www.aibi.it\/coopaibc\/wp-content\/uploads\/2023\/09\/Torino-Bullismo.jpg\",\"datePublished\":\"2023-09-12T10:49:29+00:00\",\"description\":\"La citt\u00e0 di Trento si mobilita contro il bullismo con un progetto di prevenzione e contrasto al fenomeno che ha coinvolto quasi 6500 studenti e studentesse, sostenuto da Etika, l'offerta luce e gas della Cooperazione Trentina con Dolomiti Energia\",\"breadcrumb\":{\"@id\":\"https:\/\/www.aibi.it\/coopaibc\/buona-prassi-scuole-trento-bullismo\/#breadcrumb\"},\"inLanguage\":\"it-IT\",\"potentialAction\":[{\"@type\":\"ReadAction\",\"target\":[\"https:\/\/www.aibi.it\/coopaibc\/buona-prassi-scuole-trento-bullismo\/\"]}]},{\"@type\":\"ImageObject\",\"inLanguage\":\"it-IT\",\"@id\":\"https:\/\/www.aibi.it\/coopaibc\/buona-prassi-scuole-trento-bullismo\/#primaryimage\",\"url\":\"https:\/\/www.aibi.it\/coopaibc\/wp-content\/uploads\/2023\/09\/Torino-Bullismo.jpg\",\"contentUrl\":\"https:\/\/www.aibi.it\/coopaibc\/wp-content\/uploads\/2023\/09\/Torino-Bullismo.jpg\",\"width\":1200,\"height\":630},{\"@type\":\"BreadcrumbList\",\"@id\":\"https:\/\/www.aibi.it\/coopaibc\/buona-prassi-scuole-trento-bullismo\/#breadcrumb\",\"itemListElement\":[{\"@type\":\"ListItem\",\"position\":1,\"name\":\"Home\",\"item\":\"https:\/\/www.aibi.it\/coopaibc\/\"},{\"@type\":\"ListItem\",\"position\":2,\"name\":\"La buona prassi delle scuole di\u00a0Trento:\u00a0tutte\u00a0unite contro il bullismo\"}]},{\"@type\":\"WebSite\",\"@id\":\"https:\/\/www.aibi.it\/coopaibc\/#website\",\"url\":\"https:\/\/www.aibi.it\/coopaibc\/\",\"name\":\"AIBC\",\"description\":\"Cooperativa Sociale\",\"publisher\":{\"@id\":\"https:\/\/www.aibi.it\/coopaibc\/#organization\"},\"potentialAction\":[{\"@type\":\"SearchAction\",\"target\":{\"@type\":\"EntryPoint\",\"urlTemplate\":\"https:\/\/www.aibi.it\/coopaibc\/?s={search_term_string}\"},\"query-input\":{\"@type\":\"PropertyValueSpecification\",\"valueRequired\":true,\"valueName\":\"search_term_string\"}}],\"inLanguage\":\"it-IT\"},{\"@type\":\"Organization\",\"@id\":\"https:\/\/www.aibi.it\/coopaibc\/#organization\",\"name\":\"AIBC\",\"url\":\"https:\/\/www.aibi.it\/coopaibc\/\",\"logo\":{\"@type\":\"ImageObject\",\"inLanguage\":\"it-IT\",\"@id\":\"https:\/\/www.aibi.it\/coopaibc\/#\/schema\/logo\/image\/\",\"url\":\"https:\/\/www.aibi.it\/coopaibc\/wp-content\/uploads\/2016\/11\/cropped-logo-aibc-arancio-neg-150-1.png\",\"contentUrl\":\"https:\/\/www.aibi.it\/coopaibc\/wp-content\/uploads\/2016\/11\/cropped-logo-aibc-arancio-neg-150-1.png\",\"width\":150,\"height\":88,\"caption\":\"AIBC\"},\"image\":{\"@id\":\"https:\/\/www.aibi.it\/coopaibc\/#\/schema\/logo\/image\/\"}},{\"@type\":\"Person\",\"@id\":\"https:\/\/www.aibi.it\/coopaibc\/#\/schema\/person\/259fe086fa939f87aeb41c32c1af956d\",\"name\":\"antonio.rubinetti@aibi.it\",\"image\":{\"@type\":\"ImageObject\",\"inLanguage\":\"it-IT\",\"@id\":\"https:\/\/www.aibi.it\/coopaibc\/#\/schema\/person\/image\/\",\"url\":\"https:\/\/secure.gravatar.com\/avatar\/2aaaeed07e35259e31c96b2b25bddab18d2578fdea29e74b114077a66a97f537?s=96&d=mm&r=g\",\"contentUrl\":\"https:\/\/secure.gravatar.com\/avatar\/2aaaeed07e35259e31c96b2b25bddab18d2578fdea29e74b114077a66a97f537?s=96&d=mm&r=g\",\"caption\":\"antonio.rubinetti@aibi.it\"},\"url\":\"https:\/\/www.aibi.it\/coopaibc\/author\/antonio-rubinettiaibi-it\/\"}]}<\/script>\n<!-- \/ Yoast SEO plugin. -->","yoast_head_json":{"title":"La buona prassi delle scuole di\u00a0Trento:\u00a0tutte\u00a0unite contro il bullismo","description":"La citt\u00e0 di Trento si mobilita contro il bullismo con un progetto di prevenzione e contrasto al fenomeno che ha coinvolto quasi 6500 studenti e studentesse, sostenuto da Etika, l'offerta luce e gas della Cooperazione Trentina con Dolomiti Energia","robots":{"index":"index","follow":"follow","max-snippet":"max-snippet:-1","max-image-preview":"max-image-preview:large","max-video-preview":"max-video-preview:-1"},"canonical":"https:\/\/www.aibi.it\/coopaibc\/buona-prassi-scuole-trento-bullismo\/","og_locale":"it_IT","og_type":"article","og_title":"La buona prassi delle scuole di\u00a0Trento:\u00a0tutte\u00a0unite contro il bullismo","og_description":"La citt\u00e0 di Trento si mobilita contro il bullismo con un progetto di prevenzione e contrasto al fenomeno che ha coinvolto quasi 6500 studenti e studentesse, sostenuto da Etika, l'offerta luce e gas della Cooperazione Trentina con Dolomiti Energia","og_url":"https:\/\/www.aibi.it\/coopaibc\/buona-prassi-scuole-trento-bullismo\/","og_site_name":"AIBC","article_published_time":"2023-09-12T10:49:29+00:00","og_image":[{"width":1200,"height":630,"url":"https:\/\/www.aibi.it\/coopaibc\/wp-content\/uploads\/2023\/09\/Torino-Bullismo.jpg","type":"image\/jpeg"}],"author":"antonio.rubinetti@aibi.it","twitter_card":"summary_large_image","twitter_misc":{"Scritto da":"antonio.rubinetti@aibi.it","Tempo di lettura stimato":"3 minuti"},"schema":{"@context":"https:\/\/schema.org","@graph":[{"@type":"Article","@id":"https:\/\/www.aibi.it\/coopaibc\/buona-prassi-scuole-trento-bullismo\/#article","isPartOf":{"@id":"https:\/\/www.aibi.it\/coopaibc\/buona-prassi-scuole-trento-bullismo\/"},"author":{"name":"antonio.rubinetti@aibi.it","@id":"https:\/\/www.aibi.it\/coopaibc\/#\/schema\/person\/259fe086fa939f87aeb41c32c1af956d"},"headline":"La buona prassi delle scuole di\u00a0Trento:\u00a0tutte\u00a0unite contro il bullismo","datePublished":"2023-09-12T10:49:29+00:00","mainEntityOfPage":{"@id":"https:\/\/www.aibi.it\/coopaibc\/buona-prassi-scuole-trento-bullismo\/"},"wordCount":538,"commentCount":0,"publisher":{"@id":"https:\/\/www.aibi.it\/coopaibc\/#organization"},"image":{"@id":"https:\/\/www.aibi.it\/coopaibc\/buona-prassi-scuole-trento-bullismo\/#primaryimage"},"thumbnailUrl":"https:\/\/www.aibi.it\/coopaibc\/wp-content\/uploads\/2023\/09\/Torino-Bullismo.jpg","keywords":["bullismo"],"articleSection":["News"],"inLanguage":"it-IT","potentialAction":[{"@type":"CommentAction","name":"Comment","target":["https:\/\/www.aibi.it\/coopaibc\/buona-prassi-scuole-trento-bullismo\/#respond"]}]},{"@type":"WebPage","@id":"https:\/\/www.aibi.it\/coopaibc\/buona-prassi-scuole-trento-bullismo\/","url":"https:\/\/www.aibi.it\/coopaibc\/buona-prassi-scuole-trento-bullismo\/","name":"La buona prassi delle scuole di\u00a0Trento:\u00a0tutte\u00a0unite contro il bullismo","isPartOf":{"@id":"https:\/\/www.aibi.it\/coopaibc\/#website"},"primaryImageOfPage":{"@id":"https:\/\/www.aibi.it\/coopaibc\/buona-prassi-scuole-trento-bullismo\/#primaryimage"},"image":{"@id":"https:\/\/www.aibi.it\/coopaibc\/buona-prassi-scuole-trento-bullismo\/#primaryimage"},"thumbnailUrl":"https:\/\/www.aibi.it\/coopaibc\/wp-content\/uploads\/2023\/09\/Torino-Bullismo.jpg","datePublished":"2023-09-12T10:49:29+00:00","description":"La citt\u00e0 di Trento si mobilita contro il bullismo con un progetto di prevenzione e contrasto al fenomeno che ha coinvolto quasi 6500 studenti e studentesse, sostenuto da Etika, l'offerta luce e gas della Cooperazione Trentina con Dolomiti Energia","breadcrumb":{"@id":"https:\/\/www.aibi.it\/coopaibc\/buona-prassi-scuole-trento-bullismo\/#breadcrumb"},"inLanguage":"it-IT","potentialAction":[{"@type":"ReadAction","target":["https:\/\/www.aibi.it\/coopaibc\/buona-prassi-scuole-trento-bullismo\/"]}]},{"@type":"ImageObject","inLanguage":"it-IT","@id":"https:\/\/www.aibi.it\/coopaibc\/buona-prassi-scuole-trento-bullismo\/#primaryimage","url":"https:\/\/www.aibi.it\/coopaibc\/wp-content\/uploads\/2023\/09\/Torino-Bullismo.jpg","contentUrl":"https:\/\/www.aibi.it\/coopaibc\/wp-content\/uploads\/2023\/09\/Torino-Bullismo.jpg","width":1200,"height":630},{"@type":"BreadcrumbList","@id":"https:\/\/www.aibi.it\/coopaibc\/buona-prassi-scuole-trento-bullismo\/#breadcrumb","itemListElement":[{"@type":"ListItem","position":1,"name":"Home","item":"https:\/\/www.aibi.it\/coopaibc\/"},{"@type":"ListItem","position":2,"name":"La buona prassi delle scuole di\u00a0Trento:\u00a0tutte\u00a0unite contro il bullismo"}]},{"@type":"WebSite","@id":"https:\/\/www.aibi.it\/coopaibc\/#website","url":"https:\/\/www.aibi.it\/coopaibc\/","name":"AIBC","description":"Cooperativa Sociale","publisher":{"@id":"https:\/\/www.aibi.it\/coopaibc\/#organization"},"potentialAction":[{"@type":"SearchAction","target":{"@type":"EntryPoint","urlTemplate":"https:\/\/www.aibi.it\/coopaibc\/?s={search_term_string}"},"query-input":{"@type":"PropertyValueSpecification","valueRequired":true,"valueName":"search_term_string"}}],"inLanguage":"it-IT"},{"@type":"Organization","@id":"https:\/\/www.aibi.it\/coopaibc\/#organization","name":"AIBC","url":"https:\/\/www.aibi.it\/coopaibc\/","logo":{"@type":"ImageObject","inLanguage":"it-IT","@id":"https:\/\/www.aibi.it\/coopaibc\/#\/schema\/logo\/image\/","url":"https:\/\/www.aibi.it\/coopaibc\/wp-content\/uploads\/2016\/11\/cropped-logo-aibc-arancio-neg-150-1.png","contentUrl":"https:\/\/www.aibi.it\/coopaibc\/wp-content\/uploads\/2016\/11\/cropped-logo-aibc-arancio-neg-150-1.png","width":150,"height":88,"caption":"AIBC"},"image":{"@id":"https:\/\/www.aibi.it\/coopaibc\/#\/schema\/logo\/image\/"}},{"@type":"Person","@id":"https:\/\/www.aibi.it\/coopaibc\/#\/schema\/person\/259fe086fa939f87aeb41c32c1af956d","name":"antonio.rubinetti@aibi.it","image":{"@type":"ImageObject","inLanguage":"it-IT","@id":"https:\/\/www.aibi.it\/coopaibc\/#\/schema\/person\/image\/","url":"https:\/\/secure.gravatar.com\/avatar\/2aaaeed07e35259e31c96b2b25bddab18d2578fdea29e74b114077a66a97f537?s=96&d=mm&r=g","contentUrl":"https:\/\/secure.gravatar.com\/avatar\/2aaaeed07e35259e31c96b2b25bddab18d2578fdea29e74b114077a66a97f537?s=96&d=mm&r=g","caption":"antonio.rubinetti@aibi.it"},"url":"https:\/\/www.aibi.it\/coopaibc\/author\/antonio-rubinettiaibi-it\/"}]}},"_links":{"self":[{"href":"https:\/\/www.aibi.it\/coopaibc\/wp-json\/wp\/v2\/posts\/3718","targetHints":{"allow":["GET"]}}],"collection":[{"href":"https:\/\/www.aibi.it\/coopaibc\/wp-json\/wp\/v2\/posts"}],"about":[{"href":"https:\/\/www.aibi.it\/coopaibc\/wp-json\/wp\/v2\/types\/post"}],"author":[{"embeddable":true,"href":"https:\/\/www.aibi.it\/coopaibc\/wp-json\/wp\/v2\/users\/12"}],"replies":[{"embeddable":true,"href":"https:\/\/www.aibi.it\/coopaibc\/wp-json\/wp\/v2\/comments?post=3718"}],"version-history":[{"count":2,"href":"https:\/\/www.aibi.it\/coopaibc\/wp-json\/wp\/v2\/posts\/3718\/revisions"}],"predecessor-version":[{"id":3721,"href":"https:\/\/www.aibi.it\/coopaibc\/wp-json\/wp\/v2\/posts\/3718\/revisions\/3721"}],"wp:featuredmedia":[{"embeddable":true,"href":"https:\/\/www.aibi.it\/coopaibc\/wp-json\/wp\/v2\/media\/3719"}],"wp:attachment":[{"href":"https:\/\/www.aibi.it\/coopaibc\/wp-json\/wp\/v2\/media?parent=3718"}],"wp:term":[{"taxonomy":"category","embeddable":true,"href":"https:\/\/www.aibi.it\/coopaibc\/wp-json\/wp\/v2\/categories?post=3718"},{"taxonomy":"post_tag","embeddable":true,"href":"https:\/\/www.aibi.it\/coopaibc\/wp-json\/wp\/v2\/tags?post=3718"}],"curies":[{"name":"wp","href":"https:\/\/api.w.org\/{rel}","templated":true}]}}