{"id":3790,"date":"2024-02-06T15:54:44","date_gmt":"2024-02-06T14:54:44","guid":{"rendered":"https:\/\/www.aibi.it\/coopaibc\/?p=3790"},"modified":"2024-02-06T15:54:44","modified_gmt":"2024-02-06T14:54:44","slug":"anno-accoglienza-solidarieta-comunita-familiari","status":"publish","type":"post","link":"https:\/\/www.aibi.it\/coopaibc\/anno-accoglienza-solidarieta-comunita-familiari\/","title":{"rendered":"Un anno di accoglienza e solidariet\u00e0 nelle comunit\u00e0 familiari"},"content":{"rendered":"<h2>Mamme, bambini e adolescenti hanno trovato una casa e un&#8217;educazione nelle strutture di AIBC. Scopri tutto quello che abbiamo fatto nel 2023 e come puoi aiutarci nel 2024<!--more--><\/h2>\n<p>Il 2023 \u00e8 stato un anno intenso di vita nelle case di accoglienza gestite da AIBC, che si occupa di sostenere le mamme, i bambini e i giovani in difficolt\u00e0.<\/p>\n<h3>Quello che \u00e8 stato fatto nel 2023<\/h3>\n<p>L&#8217;associazione dispone di diverse strutture, in base alle esigenze e alle fasi di crescita dei suoi ospiti.<br \/>\nCi sono le <strong>tre comunit\u00e0 mamma-bambino<\/strong>, in cui le madri e i loro figli sono seguiti da personale educativo h 24. Quest&#8217;anno, sono passate da queste comunit\u00e0 <strong>20 mamme e 30 minori<\/strong>.<br \/>\nCi sono poi i <strong>nove alloggi<\/strong> <strong>per l&#8217;autonomia mamma-bambino<\/strong>, in cui le mamme proseguono il cammino verso l&#8217;indipendenza, con il sostegno di un tutor.<br \/>\nQuest&#8217;anno, sono passate da questi alloggi <strong>17 mamme con i loro 28 minori<\/strong>.<br \/>\nCi sono anche le <strong>due comunit\u00e0 familiari<\/strong>, in cui una famiglia residente si occupa di crescere i bambini in difficolt\u00e0 con gesti di cura quotidiana. Quest&#8217;anno, sono stati accolti in queste comunit\u00e0 <strong>13 bambini<\/strong>.<br \/>\nInfine, c&#8217;\u00e8 la <strong>comunit\u00e0 per adolescenti<\/strong>, in cui i ragazzi dai 14 ai 18 anni trovano risposta al loro bisogno di relazione, di educazione e di progettualit\u00e0. Quest&#8217;anno, sono stati accolti in questa comunit\u00e0 <strong>14 ragazzi<\/strong>.<br \/>\nPer i ragazzi che diventano maggiorenni, ma hanno ancora bisogno di un accompagnamento, ci sono poi i <strong>due alloggi per autonomia<\/strong>, in cui possono fare l&#8217;ultimo miglio per diventare autonomi.<br \/>\nQuest&#8217;anno, sono stati accolti in questi alloggi <strong>7 giovani<\/strong>.<br \/>\nNon \u00e8 sempre stato facile n\u00e9 sono mancati i momenti di tristezza, di delusione e di rabbia. Con qualcuno abbiamo gioito per la lieta fine di un percorso o per l&#8217;inizio di una nuova avventura di vita, mentre con qualcun altro abbiamo masticato amaro e ci siamo chiesti cosa avremmo potuto fare di meglio o di diverso. Ma non abbiamo mai perso la speranza e la fiducia nel futuro.<\/p>\n<h3>Che cosa si far\u00e0 nel 2024?<\/h3>\n<p>Il 2024 \u00e8 appena cominciato ed \u00e8 gi\u00e0 <strong>carico di sfide<\/strong>, perch\u00e9 le richieste di aiuto aumentano e noi non possiamo stare inermi. Vogliamo continuare a essere una presenza attiva e solidale nel territorio, a offrire opportunit\u00e0 di crescita e di cambiamento, a dare voce e dignit\u00e0 a chi spesso non ne ha. Per questo, abbiamo bisogno del sostegno di tutti. Solo insieme possiamo fare la differenza nella vita di tante persone.<\/p>\n<h3>Come sostenerci<\/h3>\n<p>Anche tu puoi sostenere le attivit\u00e0 di AIBC a sostegno delle strutture che ospitano: i minori in comunit\u00e0 familiari, i bambini con le loro madri nelle comunit\u00e0 mamma-bambino e negli alloggi per l\u2019autonomia e gli adolescenti in necessit\u00e0. Puoi farlo con un contributo di\u00a0<strong>10 euro al mese,<\/strong>\u00a0aderendo al progetto di\u00a0<strong>Adozione a Distanza \u201cFame di Mamma\u201d<\/strong>. Scopri come fare\u00a0<a href=\"https:\/\/www.aibi.it\/ita\/adozione-a-distanza\/sostegno-a-distanza-in-italia\/#fame-di-mamma\"><strong>QUI<\/strong><\/a>.<strong><br \/>\n<\/strong>E ricorda:\u00a0<strong>le Adozioni a Distanza di Ai.Bi.\u00a0<\/strong>godono delle seguenti\u00a0<a href=\"https:\/\/www.aibi.it\/ita\/images\/AGEVOLAZIONI_FISCALI.pdf\"><strong>agevolazioni fiscali<\/strong><\/a><\/p>\n","protected":false},"excerpt":{"rendered":"<p>Mamme, bambini e adolescenti hanno trovato una casa e un&rsquo;educazione nelle strutture di AIBC. Scopri tutto quello che abbiamo fatto nel 2023 e come puoi aiutarci nel 2024<\/p>\n","protected":false},"author":12,"featured_media":3791,"comment_status":"open","ping_status":"open","sticky":false,"template":"","format":"standard","meta":{"footnotes":""},"categories":[1],"tags":[],"class_list":{"0":"post-3790","1":"post","2":"type-post","3":"status-publish","4":"format-standard","5":"has-post-thumbnail","7":"category-news"},"yoast_head":"<!-- This site is optimized with the Yoast SEO plugin v26.1.1 - https:\/\/yoast.com\/wordpress\/plugins\/seo\/ -->\n<title>Un anno di accoglienza e solidariet\u00e0 nelle comunit\u00e0 familiare<\/title>\n<meta name=\"description\" content=\"Mamme, bambini e adolescenti hanno trovato una casa e un&#039;educazione nelle strutture di AIBC. Scopri tutto quello che abbiamo fatto nel 2023 e come puoi aiutarci nel 2024\" \/>\n<meta name=\"robots\" content=\"index, follow, max-snippet:-1, max-image-preview:large, max-video-preview:-1\" \/>\n<link rel=\"canonical\" href=\"https:\/\/www.aibi.it\/coopaibc\/anno-accoglienza-solidarieta-comunita-familiari\/\" \/>\n<meta property=\"og:locale\" content=\"it_IT\" \/>\n<meta property=\"og:type\" content=\"article\" \/>\n<meta property=\"og:title\" content=\"Un anno di accoglienza e solidariet\u00e0 nelle comunit\u00e0 familiare\" \/>\n<meta property=\"og:description\" content=\"Mamme, bambini e adolescenti hanno trovato una casa e un&#039;educazione nelle strutture di AIBC. Scopri tutto quello che abbiamo fatto nel 2023 e come puoi aiutarci nel 2024\" \/>\n<meta property=\"og:url\" content=\"https:\/\/www.aibi.it\/coopaibc\/anno-accoglienza-solidarieta-comunita-familiari\/\" \/>\n<meta property=\"og:site_name\" content=\"AIBC\" \/>\n<meta property=\"article:published_time\" content=\"2024-02-06T14:54:44+00:00\" \/>\n<meta property=\"og:image\" content=\"https:\/\/www.aibi.it\/coopaibc\/wp-content\/uploads\/2024\/02\/AIBC-2023.jpg\" \/>\n\t<meta property=\"og:image:width\" content=\"1200\" \/>\n\t<meta property=\"og:image:height\" content=\"630\" \/>\n\t<meta property=\"og:image:type\" content=\"image\/jpeg\" \/>\n<meta name=\"author\" content=\"antonio.rubinetti@aibi.it\" \/>\n<meta name=\"twitter:card\" content=\"summary_large_image\" \/>\n<meta name=\"twitter:label1\" content=\"Scritto da\" \/>\n\t<meta name=\"twitter:data1\" content=\"antonio.rubinetti@aibi.it\" \/>\n\t<meta name=\"twitter:label2\" content=\"Tempo di lettura stimato\" \/>\n\t<meta name=\"twitter:data2\" content=\"3 minuti\" \/>\n<script type=\"application\/ld+json\" class=\"yoast-schema-graph\">{\"@context\":\"https:\/\/schema.org\",\"@graph\":[{\"@type\":\"Article\",\"@id\":\"https:\/\/www.aibi.it\/coopaibc\/anno-accoglienza-solidarieta-comunita-familiari\/#article\",\"isPartOf\":{\"@id\":\"https:\/\/www.aibi.it\/coopaibc\/anno-accoglienza-solidarieta-comunita-familiari\/\"},\"author\":{\"name\":\"antonio.rubinetti@aibi.it\",\"@id\":\"https:\/\/www.aibi.it\/coopaibc\/#\/schema\/person\/259fe086fa939f87aeb41c32c1af956d\"},\"headline\":\"Un anno di accoglienza e solidariet\u00e0 nelle comunit\u00e0 familiari\",\"datePublished\":\"2024-02-06T14:54:44+00:00\",\"mainEntityOfPage\":{\"@id\":\"https:\/\/www.aibi.it\/coopaibc\/anno-accoglienza-solidarieta-comunita-familiari\/\"},\"wordCount\":473,\"commentCount\":0,\"publisher\":{\"@id\":\"https:\/\/www.aibi.it\/coopaibc\/#organization\"},\"image\":{\"@id\":\"https:\/\/www.aibi.it\/coopaibc\/anno-accoglienza-solidarieta-comunita-familiari\/#primaryimage\"},\"thumbnailUrl\":\"https:\/\/www.aibi.it\/coopaibc\/wp-content\/uploads\/2024\/02\/AIBC-2023.jpg\",\"articleSection\":[\"News\"],\"inLanguage\":\"it-IT\",\"potentialAction\":[{\"@type\":\"CommentAction\",\"name\":\"Comment\",\"target\":[\"https:\/\/www.aibi.it\/coopaibc\/anno-accoglienza-solidarieta-comunita-familiari\/#respond\"]}]},{\"@type\":\"WebPage\",\"@id\":\"https:\/\/www.aibi.it\/coopaibc\/anno-accoglienza-solidarieta-comunita-familiari\/\",\"url\":\"https:\/\/www.aibi.it\/coopaibc\/anno-accoglienza-solidarieta-comunita-familiari\/\",\"name\":\"Un anno di accoglienza e solidariet\u00e0 nelle comunit\u00e0 familiare\",\"isPartOf\":{\"@id\":\"https:\/\/www.aibi.it\/coopaibc\/#website\"},\"primaryImageOfPage\":{\"@id\":\"https:\/\/www.aibi.it\/coopaibc\/anno-accoglienza-solidarieta-comunita-familiari\/#primaryimage\"},\"image\":{\"@id\":\"https:\/\/www.aibi.it\/coopaibc\/anno-accoglienza-solidarieta-comunita-familiari\/#primaryimage\"},\"thumbnailUrl\":\"https:\/\/www.aibi.it\/coopaibc\/wp-content\/uploads\/2024\/02\/AIBC-2023.jpg\",\"datePublished\":\"2024-02-06T14:54:44+00:00\",\"description\":\"Mamme, bambini e adolescenti hanno trovato una casa e un'educazione nelle strutture di AIBC. Scopri tutto quello che abbiamo fatto nel 2023 e come puoi aiutarci nel 2024\",\"breadcrumb\":{\"@id\":\"https:\/\/www.aibi.it\/coopaibc\/anno-accoglienza-solidarieta-comunita-familiari\/#breadcrumb\"},\"inLanguage\":\"it-IT\",\"potentialAction\":[{\"@type\":\"ReadAction\",\"target\":[\"https:\/\/www.aibi.it\/coopaibc\/anno-accoglienza-solidarieta-comunita-familiari\/\"]}]},{\"@type\":\"ImageObject\",\"inLanguage\":\"it-IT\",\"@id\":\"https:\/\/www.aibi.it\/coopaibc\/anno-accoglienza-solidarieta-comunita-familiari\/#primaryimage\",\"url\":\"https:\/\/www.aibi.it\/coopaibc\/wp-content\/uploads\/2024\/02\/AIBC-2023.jpg\",\"contentUrl\":\"https:\/\/www.aibi.it\/coopaibc\/wp-content\/uploads\/2024\/02\/AIBC-2023.jpg\",\"width\":1200,\"height\":630},{\"@type\":\"BreadcrumbList\",\"@id\":\"https:\/\/www.aibi.it\/coopaibc\/anno-accoglienza-solidarieta-comunita-familiari\/#breadcrumb\",\"itemListElement\":[{\"@type\":\"ListItem\",\"position\":1,\"name\":\"Home\",\"item\":\"https:\/\/www.aibi.it\/coopaibc\/\"},{\"@type\":\"ListItem\",\"position\":2,\"name\":\"Un anno di accoglienza e solidariet\u00e0 nelle comunit\u00e0 familiari\"}]},{\"@type\":\"WebSite\",\"@id\":\"https:\/\/www.aibi.it\/coopaibc\/#website\",\"url\":\"https:\/\/www.aibi.it\/coopaibc\/\",\"name\":\"AIBC\",\"description\":\"Cooperativa Sociale\",\"publisher\":{\"@id\":\"https:\/\/www.aibi.it\/coopaibc\/#organization\"},\"potentialAction\":[{\"@type\":\"SearchAction\",\"target\":{\"@type\":\"EntryPoint\",\"urlTemplate\":\"https:\/\/www.aibi.it\/coopaibc\/?s={search_term_string}\"},\"query-input\":{\"@type\":\"PropertyValueSpecification\",\"valueRequired\":true,\"valueName\":\"search_term_string\"}}],\"inLanguage\":\"it-IT\"},{\"@type\":\"Organization\",\"@id\":\"https:\/\/www.aibi.it\/coopaibc\/#organization\",\"name\":\"AIBC\",\"url\":\"https:\/\/www.aibi.it\/coopaibc\/\",\"logo\":{\"@type\":\"ImageObject\",\"inLanguage\":\"it-IT\",\"@id\":\"https:\/\/www.aibi.it\/coopaibc\/#\/schema\/logo\/image\/\",\"url\":\"https:\/\/www.aibi.it\/coopaibc\/wp-content\/uploads\/2016\/11\/cropped-logo-aibc-arancio-neg-150-1.png\",\"contentUrl\":\"https:\/\/www.aibi.it\/coopaibc\/wp-content\/uploads\/2016\/11\/cropped-logo-aibc-arancio-neg-150-1.png\",\"width\":150,\"height\":88,\"caption\":\"AIBC\"},\"image\":{\"@id\":\"https:\/\/www.aibi.it\/coopaibc\/#\/schema\/logo\/image\/\"}},{\"@type\":\"Person\",\"@id\":\"https:\/\/www.aibi.it\/coopaibc\/#\/schema\/person\/259fe086fa939f87aeb41c32c1af956d\",\"name\":\"antonio.rubinetti@aibi.it\",\"image\":{\"@type\":\"ImageObject\",\"inLanguage\":\"it-IT\",\"@id\":\"https:\/\/www.aibi.it\/coopaibc\/#\/schema\/person\/image\/\",\"url\":\"https:\/\/secure.gravatar.com\/avatar\/2aaaeed07e35259e31c96b2b25bddab18d2578fdea29e74b114077a66a97f537?s=96&d=mm&r=g\",\"contentUrl\":\"https:\/\/secure.gravatar.com\/avatar\/2aaaeed07e35259e31c96b2b25bddab18d2578fdea29e74b114077a66a97f537?s=96&d=mm&r=g\",\"caption\":\"antonio.rubinetti@aibi.it\"},\"url\":\"https:\/\/www.aibi.it\/coopaibc\/author\/antonio-rubinettiaibi-it\/\"}]}<\/script>\n<!-- \/ Yoast SEO plugin. -->","yoast_head_json":{"title":"Un anno di accoglienza e solidariet\u00e0 nelle comunit\u00e0 familiare","description":"Mamme, bambini e adolescenti hanno trovato una casa e un'educazione nelle strutture di AIBC. Scopri tutto quello che abbiamo fatto nel 2023 e come puoi aiutarci nel 2024","robots":{"index":"index","follow":"follow","max-snippet":"max-snippet:-1","max-image-preview":"max-image-preview:large","max-video-preview":"max-video-preview:-1"},"canonical":"https:\/\/www.aibi.it\/coopaibc\/anno-accoglienza-solidarieta-comunita-familiari\/","og_locale":"it_IT","og_type":"article","og_title":"Un anno di accoglienza e solidariet\u00e0 nelle comunit\u00e0 familiare","og_description":"Mamme, bambini e adolescenti hanno trovato una casa e un'educazione nelle strutture di AIBC. Scopri tutto quello che abbiamo fatto nel 2023 e come puoi aiutarci nel 2024","og_url":"https:\/\/www.aibi.it\/coopaibc\/anno-accoglienza-solidarieta-comunita-familiari\/","og_site_name":"AIBC","article_published_time":"2024-02-06T14:54:44+00:00","og_image":[{"width":1200,"height":630,"url":"https:\/\/www.aibi.it\/coopaibc\/wp-content\/uploads\/2024\/02\/AIBC-2023.jpg","type":"image\/jpeg"}],"author":"antonio.rubinetti@aibi.it","twitter_card":"summary_large_image","twitter_misc":{"Scritto da":"antonio.rubinetti@aibi.it","Tempo di lettura stimato":"3 minuti"},"schema":{"@context":"https:\/\/schema.org","@graph":[{"@type":"Article","@id":"https:\/\/www.aibi.it\/coopaibc\/anno-accoglienza-solidarieta-comunita-familiari\/#article","isPartOf":{"@id":"https:\/\/www.aibi.it\/coopaibc\/anno-accoglienza-solidarieta-comunita-familiari\/"},"author":{"name":"antonio.rubinetti@aibi.it","@id":"https:\/\/www.aibi.it\/coopaibc\/#\/schema\/person\/259fe086fa939f87aeb41c32c1af956d"},"headline":"Un anno di accoglienza e solidariet\u00e0 nelle comunit\u00e0 familiari","datePublished":"2024-02-06T14:54:44+00:00","mainEntityOfPage":{"@id":"https:\/\/www.aibi.it\/coopaibc\/anno-accoglienza-solidarieta-comunita-familiari\/"},"wordCount":473,"commentCount":0,"publisher":{"@id":"https:\/\/www.aibi.it\/coopaibc\/#organization"},"image":{"@id":"https:\/\/www.aibi.it\/coopaibc\/anno-accoglienza-solidarieta-comunita-familiari\/#primaryimage"},"thumbnailUrl":"https:\/\/www.aibi.it\/coopaibc\/wp-content\/uploads\/2024\/02\/AIBC-2023.jpg","articleSection":["News"],"inLanguage":"it-IT","potentialAction":[{"@type":"CommentAction","name":"Comment","target":["https:\/\/www.aibi.it\/coopaibc\/anno-accoglienza-solidarieta-comunita-familiari\/#respond"]}]},{"@type":"WebPage","@id":"https:\/\/www.aibi.it\/coopaibc\/anno-accoglienza-solidarieta-comunita-familiari\/","url":"https:\/\/www.aibi.it\/coopaibc\/anno-accoglienza-solidarieta-comunita-familiari\/","name":"Un anno di accoglienza e solidariet\u00e0 nelle comunit\u00e0 familiare","isPartOf":{"@id":"https:\/\/www.aibi.it\/coopaibc\/#website"},"primaryImageOfPage":{"@id":"https:\/\/www.aibi.it\/coopaibc\/anno-accoglienza-solidarieta-comunita-familiari\/#primaryimage"},"image":{"@id":"https:\/\/www.aibi.it\/coopaibc\/anno-accoglienza-solidarieta-comunita-familiari\/#primaryimage"},"thumbnailUrl":"https:\/\/www.aibi.it\/coopaibc\/wp-content\/uploads\/2024\/02\/AIBC-2023.jpg","datePublished":"2024-02-06T14:54:44+00:00","description":"Mamme, bambini e adolescenti hanno trovato una casa e un'educazione nelle strutture di AIBC. Scopri tutto quello che abbiamo fatto nel 2023 e come puoi aiutarci nel 2024","breadcrumb":{"@id":"https:\/\/www.aibi.it\/coopaibc\/anno-accoglienza-solidarieta-comunita-familiari\/#breadcrumb"},"inLanguage":"it-IT","potentialAction":[{"@type":"ReadAction","target":["https:\/\/www.aibi.it\/coopaibc\/anno-accoglienza-solidarieta-comunita-familiari\/"]}]},{"@type":"ImageObject","inLanguage":"it-IT","@id":"https:\/\/www.aibi.it\/coopaibc\/anno-accoglienza-solidarieta-comunita-familiari\/#primaryimage","url":"https:\/\/www.aibi.it\/coopaibc\/wp-content\/uploads\/2024\/02\/AIBC-2023.jpg","contentUrl":"https:\/\/www.aibi.it\/coopaibc\/wp-content\/uploads\/2024\/02\/AIBC-2023.jpg","width":1200,"height":630},{"@type":"BreadcrumbList","@id":"https:\/\/www.aibi.it\/coopaibc\/anno-accoglienza-solidarieta-comunita-familiari\/#breadcrumb","itemListElement":[{"@type":"ListItem","position":1,"name":"Home","item":"https:\/\/www.aibi.it\/coopaibc\/"},{"@type":"ListItem","position":2,"name":"Un anno di accoglienza e solidariet\u00e0 nelle comunit\u00e0 familiari"}]},{"@type":"WebSite","@id":"https:\/\/www.aibi.it\/coopaibc\/#website","url":"https:\/\/www.aibi.it\/coopaibc\/","name":"AIBC","description":"Cooperativa Sociale","publisher":{"@id":"https:\/\/www.aibi.it\/coopaibc\/#organization"},"potentialAction":[{"@type":"SearchAction","target":{"@type":"EntryPoint","urlTemplate":"https:\/\/www.aibi.it\/coopaibc\/?s={search_term_string}"},"query-input":{"@type":"PropertyValueSpecification","valueRequired":true,"valueName":"search_term_string"}}],"inLanguage":"it-IT"},{"@type":"Organization","@id":"https:\/\/www.aibi.it\/coopaibc\/#organization","name":"AIBC","url":"https:\/\/www.aibi.it\/coopaibc\/","logo":{"@type":"ImageObject","inLanguage":"it-IT","@id":"https:\/\/www.aibi.it\/coopaibc\/#\/schema\/logo\/image\/","url":"https:\/\/www.aibi.it\/coopaibc\/wp-content\/uploads\/2016\/11\/cropped-logo-aibc-arancio-neg-150-1.png","contentUrl":"https:\/\/www.aibi.it\/coopaibc\/wp-content\/uploads\/2016\/11\/cropped-logo-aibc-arancio-neg-150-1.png","width":150,"height":88,"caption":"AIBC"},"image":{"@id":"https:\/\/www.aibi.it\/coopaibc\/#\/schema\/logo\/image\/"}},{"@type":"Person","@id":"https:\/\/www.aibi.it\/coopaibc\/#\/schema\/person\/259fe086fa939f87aeb41c32c1af956d","name":"antonio.rubinetti@aibi.it","image":{"@type":"ImageObject","inLanguage":"it-IT","@id":"https:\/\/www.aibi.it\/coopaibc\/#\/schema\/person\/image\/","url":"https:\/\/secure.gravatar.com\/avatar\/2aaaeed07e35259e31c96b2b25bddab18d2578fdea29e74b114077a66a97f537?s=96&d=mm&r=g","contentUrl":"https:\/\/secure.gravatar.com\/avatar\/2aaaeed07e35259e31c96b2b25bddab18d2578fdea29e74b114077a66a97f537?s=96&d=mm&r=g","caption":"antonio.rubinetti@aibi.it"},"url":"https:\/\/www.aibi.it\/coopaibc\/author\/antonio-rubinettiaibi-it\/"}]}},"_links":{"self":[{"href":"https:\/\/www.aibi.it\/coopaibc\/wp-json\/wp\/v2\/posts\/3790","targetHints":{"allow":["GET"]}}],"collection":[{"href":"https:\/\/www.aibi.it\/coopaibc\/wp-json\/wp\/v2\/posts"}],"about":[{"href":"https:\/\/www.aibi.it\/coopaibc\/wp-json\/wp\/v2\/types\/post"}],"author":[{"embeddable":true,"href":"https:\/\/www.aibi.it\/coopaibc\/wp-json\/wp\/v2\/users\/12"}],"replies":[{"embeddable":true,"href":"https:\/\/www.aibi.it\/coopaibc\/wp-json\/wp\/v2\/comments?post=3790"}],"version-history":[{"count":2,"href":"https:\/\/www.aibi.it\/coopaibc\/wp-json\/wp\/v2\/posts\/3790\/revisions"}],"predecessor-version":[{"id":3793,"href":"https:\/\/www.aibi.it\/coopaibc\/wp-json\/wp\/v2\/posts\/3790\/revisions\/3793"}],"wp:featuredmedia":[{"embeddable":true,"href":"https:\/\/www.aibi.it\/coopaibc\/wp-json\/wp\/v2\/media\/3791"}],"wp:attachment":[{"href":"https:\/\/www.aibi.it\/coopaibc\/wp-json\/wp\/v2\/media?parent=3790"}],"wp:term":[{"taxonomy":"category","embeddable":true,"href":"https:\/\/www.aibi.it\/coopaibc\/wp-json\/wp\/v2\/categories?post=3790"},{"taxonomy":"post_tag","embeddable":true,"href":"https:\/\/www.aibi.it\/coopaibc\/wp-json\/wp\/v2\/tags?post=3790"}],"curies":[{"name":"wp","href":"https:\/\/api.w.org\/{rel}","templated":true}]}}