{"id":3812,"date":"2024-02-27T18:09:21","date_gmt":"2024-02-27T17:09:21","guid":{"rendered":"https:\/\/www.aibi.it\/coopaibc\/?p=3812"},"modified":"2024-02-27T18:09:21","modified_gmt":"2024-02-27T17:09:21","slug":"illegittimo-affido-eterofamiliare-giudizio-idoneita","status":"publish","type":"post","link":"https:\/\/www.aibi.it\/coopaibc\/illegittimo-affido-eterofamiliare-giudizio-idoneita\/","title":{"rendered":"Illegittimo l\u2019affido eterofamiliare se \u00e8 carente il giudizio di inidoneit\u00e0 dei nonni e dei prozii"},"content":{"rendered":"<h2>Una sentenza della Suprema Corte ha rimesso in discussione la scelta di affidare una minore a una famiglia estranea e chiede maggiori approfondimenti sulla relazione tra la bambina e i suoi parenti<!--more--><\/h2>\n<p>Vogliamo considerare una sentenza della Suprema Corte n. 27550, risalente all\u2019anno <strong>2021<\/strong>, ma che tratta un tema molto delicato: <strong>l\u2019approfondimento delle indagini sull\u2019idoneit\u00e0 di nonni o altri parenti per l\u2019affidamento di minori allontanati dai genitori per loro incapacit\u00e0 genitoriale<\/strong>.<br \/>\nAbbiamo gi\u00e0 commentato una situazione simile considerando una sentenza pi\u00f9 recente della Cassazione che censurava l\u2019inerzia di servizi sociali incaricati di approfondire e operare tutte quelle attivit\u00e0 volte a comprendere quale poteva essere la migliore collocazione per i minori (<a href=\"https:\/\/www.aibi.it\/coopaibc\/cassazione-servizi-sociali-incapaci-adottabilita-illegittima\/\"><strong>qui<\/strong><\/a>).<\/p>\n<h3>Il caso di una minore allontanata dai genitori<\/h3>\n<p>Nel caso che prendiamo in considerazione la situazione riguarda una minore allontanata dai genitori per validi motivi, tanto che veniva loro tolta la responsabilit\u00e0 genitoriale.<br \/>\nLa minore veniva affidata al comune con collocamento presso una <strong>famiglia affidataria<\/strong>; gli altri parenti, nonni e prozii che si dichiaravano disponibili all\u2019affido, venivano ritenuti <strong>inadeguati<\/strong>, i primi per il loro <strong>atteggiamento superficiale e collusivo<\/strong> (la nonna paterna avrebbe cercato di occultare le violenze che il figlio \u2013 padre delle minori \u2013 avrebbe\u00a0 perpetrato sulla moglie e le figlie) e i secondi per una <strong>eccessiva differenza di et\u00e0 con le minori<\/strong>.<br \/>\nIl Tribunale decideva che i nonni e gli zii dovessero conservare la relazione con la nipote mediante incontri progressivamente pi\u00f9 intensi.<br \/>\nLa Corte d\u2019Appello confermava la decisione del Tribunale di primo grado. La sentenza d\u2019appello veniva impugnata dal tutore della minore e depositava una valutazione del CTU che prevedeva <strong>l\u2019affido extrafamiliare ai prozii<\/strong> perch\u00e9 questa soluzione \u201ccostituiva la giusta mediazione tra l\u2019opportunit\u00e0 di preservare i legami con la famiglia di origine e la necessit\u00e0 di fornirle un accudimento stabile ed adeguato\u201d. Aggiungeva il consulente l\u2019esigenza che si stabilissero regole e limiti chiari e si mantenesse una gestione ferma e concludeva che la natura e le criticit\u00e0 della famiglia di origine non erano incompatibile con la soluzione dell\u2019affido extrafamiliare ai prozii.<br \/>\nLa Cassazione accoglieva l\u2019impugnazione e rinviava alla Corte d\u2019appello, riscontrando la <strong>pochezza delle indagini<\/strong> e delle motivazioni svolte nei gradi precedenti sulla beneficit\u00e0 del collocamento presso i parenti.<br \/>\nRispetto ai nonni la Corte afferma: \u201cdeve rilevarsi che non viene svolta alcuna valutazione comparativa tra il riscontrato buon rapporto dei nonni con la nipote, il carattere continuativo e stabile della relazione e la positiva valutazione del corso degli incontri protetti e le caratteristiche negative di entrambi, centrate sul narcisismo e l\u2019intrusivit\u00e0 del nonno paterno e l\u2019atteggiamento di sottovalutazione dei comportamenti violenti del figlio da parte della madre. La Corte ha omesso di operare un bilanciamento effettivo tra i due profili, elidendo radicalmente dalla valutazione finale l\u2019incidenza della relazione affettiva e continuativa della minore tra i nonni e la minore.\u201d<br \/>\nRispetto ai prozii conclude: \u201cdeve rilevarsi come ci\u00f2 che non viene in luce, \u00e8 la relazione che questi due nuclei familiari disponibili all\u2019affido, ed in particolare i prozii, hanno stabilito con la minore e la sua rilevanza nello sviluppo psicofisico della stessa, cos\u00ec come risulta radicalmente carente la valutazione della continuit\u00e0 e della non estraneit\u00e0 dei due nuclei rispetto all\u2019inserimento in una famiglia nuova ed estranea\u201d.<\/p>\n<h3>Il pericolo di una valutazione superficiale<\/h3>\n<p>Come ogni volta che ci troviamo di fronte a situazioni cos\u00ec complesse, la questione di <strong>approfondimenti sulle reali capacit\u00e0 dei genitori e dei parenti prossimi<\/strong> si scontrano con <strong>la necessit\u00e0 dell\u2019urgenza di dare ai minori una collocazione adeguata<\/strong>, non solo per il futuro, ma anche per il presente, poich\u00e9 valutazioni troppo lunghe ritarderebbero la decisione e manterrebbero i minori in uno stato di precariet\u00e0 dannoso, ma delle valutazioni brevi e quindi superficiali risulterebbero facilmente erronee e altrettanto lesive.\u00a0Poi vi sono situazioni in cui indagini e tentativi di mantenere i minori presso i genitori si svolgono in tempi eccessivi (il supporto alla genitorialit\u00e0 era stato fornito e svolto per tre anni senza dare risultati) per terminare con decisioni che vengono rigettate successivamente <strong>causando per i minori danni difficilmente riparabili<\/strong>.<\/p>\n","protected":false},"excerpt":{"rendered":"<p>Una sentenza della Suprema Corte ha rimesso in discussione la scelta di affidare una minore a una famiglia estranea e chiede maggiori approfondimenti sulla relazione tra la bambina e i suoi parenti<\/p>\n","protected":false},"author":12,"featured_media":3813,"comment_status":"open","ping_status":"open","sticky":false,"template":"","format":"standard","meta":{"footnotes":""},"categories":[1],"tags":[30],"class_list":{"0":"post-3812","1":"post","2":"type-post","3":"status-publish","4":"format-standard","5":"has-post-thumbnail","7":"category-news","8":"tag-affido"},"yoast_head":"<!-- This site is optimized with the Yoast SEO plugin v26.1.1 - https:\/\/yoast.com\/wordpress\/plugins\/seo\/ -->\n<title>Illegittimo l\u2019affido eterofamiliare se \u00e8 carente il giudizio di inidoneit\u00e0 dei nonni e dei prozii<\/title>\n<meta name=\"description\" content=\"Una sentenza della Suprema Corte ha rimesso in discussione la scelta di affidare una minore a una famiglia estranea e chiede maggiori approfondimenti sulla relazione tra la bambina e i suoi parenti\" \/>\n<meta name=\"robots\" content=\"index, follow, max-snippet:-1, max-image-preview:large, max-video-preview:-1\" \/>\n<link rel=\"canonical\" href=\"https:\/\/www.aibi.it\/coopaibc\/illegittimo-affido-eterofamiliare-giudizio-idoneita\/\" \/>\n<meta property=\"og:locale\" content=\"it_IT\" \/>\n<meta property=\"og:type\" content=\"article\" \/>\n<meta property=\"og:title\" content=\"Illegittimo l\u2019affido eterofamiliare se \u00e8 carente il giudizio di inidoneit\u00e0 dei nonni e dei prozii\" \/>\n<meta property=\"og:description\" content=\"Una sentenza della Suprema Corte ha rimesso in discussione la scelta di affidare una minore a una famiglia estranea e chiede maggiori approfondimenti sulla relazione tra la bambina e i suoi parenti\" \/>\n<meta property=\"og:url\" content=\"https:\/\/www.aibi.it\/coopaibc\/illegittimo-affido-eterofamiliare-giudizio-idoneita\/\" \/>\n<meta property=\"og:site_name\" content=\"AIBC\" \/>\n<meta property=\"article:published_time\" content=\"2024-02-27T17:09:21+00:00\" \/>\n<meta property=\"og:image\" content=\"https:\/\/www.aibi.it\/coopaibc\/wp-content\/uploads\/2024\/02\/Affido-ideneita.jpg\" \/>\n\t<meta property=\"og:image:width\" content=\"1200\" \/>\n\t<meta property=\"og:image:height\" content=\"630\" \/>\n\t<meta property=\"og:image:type\" content=\"image\/jpeg\" \/>\n<meta name=\"author\" content=\"antonio.rubinetti@aibi.it\" \/>\n<meta name=\"twitter:card\" content=\"summary_large_image\" \/>\n<meta name=\"twitter:label1\" content=\"Scritto da\" \/>\n\t<meta name=\"twitter:data1\" content=\"antonio.rubinetti@aibi.it\" \/>\n\t<meta name=\"twitter:label2\" content=\"Tempo di lettura stimato\" \/>\n\t<meta name=\"twitter:data2\" content=\"4 minuti\" \/>\n<script type=\"application\/ld+json\" class=\"yoast-schema-graph\">{\"@context\":\"https:\/\/schema.org\",\"@graph\":[{\"@type\":\"Article\",\"@id\":\"https:\/\/www.aibi.it\/coopaibc\/illegittimo-affido-eterofamiliare-giudizio-idoneita\/#article\",\"isPartOf\":{\"@id\":\"https:\/\/www.aibi.it\/coopaibc\/illegittimo-affido-eterofamiliare-giudizio-idoneita\/\"},\"author\":{\"name\":\"antonio.rubinetti@aibi.it\",\"@id\":\"https:\/\/www.aibi.it\/coopaibc\/#\/schema\/person\/259fe086fa939f87aeb41c32c1af956d\"},\"headline\":\"Illegittimo l\u2019affido eterofamiliare se \u00e8 carente il giudizio di inidoneit\u00e0 dei nonni e dei prozii\",\"datePublished\":\"2024-02-27T17:09:21+00:00\",\"mainEntityOfPage\":{\"@id\":\"https:\/\/www.aibi.it\/coopaibc\/illegittimo-affido-eterofamiliare-giudizio-idoneita\/\"},\"wordCount\":694,\"commentCount\":0,\"publisher\":{\"@id\":\"https:\/\/www.aibi.it\/coopaibc\/#organization\"},\"image\":{\"@id\":\"https:\/\/www.aibi.it\/coopaibc\/illegittimo-affido-eterofamiliare-giudizio-idoneita\/#primaryimage\"},\"thumbnailUrl\":\"https:\/\/www.aibi.it\/coopaibc\/wp-content\/uploads\/2024\/02\/Affido-ideneita.jpg\",\"keywords\":[\"affido\"],\"articleSection\":[\"News\"],\"inLanguage\":\"it-IT\",\"potentialAction\":[{\"@type\":\"CommentAction\",\"name\":\"Comment\",\"target\":[\"https:\/\/www.aibi.it\/coopaibc\/illegittimo-affido-eterofamiliare-giudizio-idoneita\/#respond\"]}]},{\"@type\":\"WebPage\",\"@id\":\"https:\/\/www.aibi.it\/coopaibc\/illegittimo-affido-eterofamiliare-giudizio-idoneita\/\",\"url\":\"https:\/\/www.aibi.it\/coopaibc\/illegittimo-affido-eterofamiliare-giudizio-idoneita\/\",\"name\":\"Illegittimo l\u2019affido eterofamiliare se \u00e8 carente il giudizio di inidoneit\u00e0 dei nonni e dei prozii\",\"isPartOf\":{\"@id\":\"https:\/\/www.aibi.it\/coopaibc\/#website\"},\"primaryImageOfPage\":{\"@id\":\"https:\/\/www.aibi.it\/coopaibc\/illegittimo-affido-eterofamiliare-giudizio-idoneita\/#primaryimage\"},\"image\":{\"@id\":\"https:\/\/www.aibi.it\/coopaibc\/illegittimo-affido-eterofamiliare-giudizio-idoneita\/#primaryimage\"},\"thumbnailUrl\":\"https:\/\/www.aibi.it\/coopaibc\/wp-content\/uploads\/2024\/02\/Affido-ideneita.jpg\",\"datePublished\":\"2024-02-27T17:09:21+00:00\",\"description\":\"Una sentenza della Suprema Corte ha rimesso in discussione la scelta di affidare una minore a una famiglia estranea e chiede maggiori approfondimenti sulla relazione tra la bambina e i suoi parenti\",\"breadcrumb\":{\"@id\":\"https:\/\/www.aibi.it\/coopaibc\/illegittimo-affido-eterofamiliare-giudizio-idoneita\/#breadcrumb\"},\"inLanguage\":\"it-IT\",\"potentialAction\":[{\"@type\":\"ReadAction\",\"target\":[\"https:\/\/www.aibi.it\/coopaibc\/illegittimo-affido-eterofamiliare-giudizio-idoneita\/\"]}]},{\"@type\":\"ImageObject\",\"inLanguage\":\"it-IT\",\"@id\":\"https:\/\/www.aibi.it\/coopaibc\/illegittimo-affido-eterofamiliare-giudizio-idoneita\/#primaryimage\",\"url\":\"https:\/\/www.aibi.it\/coopaibc\/wp-content\/uploads\/2024\/02\/Affido-ideneita.jpg\",\"contentUrl\":\"https:\/\/www.aibi.it\/coopaibc\/wp-content\/uploads\/2024\/02\/Affido-ideneita.jpg\",\"width\":1200,\"height\":630},{\"@type\":\"BreadcrumbList\",\"@id\":\"https:\/\/www.aibi.it\/coopaibc\/illegittimo-affido-eterofamiliare-giudizio-idoneita\/#breadcrumb\",\"itemListElement\":[{\"@type\":\"ListItem\",\"position\":1,\"name\":\"Home\",\"item\":\"https:\/\/www.aibi.it\/coopaibc\/\"},{\"@type\":\"ListItem\",\"position\":2,\"name\":\"Illegittimo l\u2019affido eterofamiliare se \u00e8 carente il giudizio di inidoneit\u00e0 dei nonni e dei prozii\"}]},{\"@type\":\"WebSite\",\"@id\":\"https:\/\/www.aibi.it\/coopaibc\/#website\",\"url\":\"https:\/\/www.aibi.it\/coopaibc\/\",\"name\":\"AIBC\",\"description\":\"Cooperativa Sociale\",\"publisher\":{\"@id\":\"https:\/\/www.aibi.it\/coopaibc\/#organization\"},\"potentialAction\":[{\"@type\":\"SearchAction\",\"target\":{\"@type\":\"EntryPoint\",\"urlTemplate\":\"https:\/\/www.aibi.it\/coopaibc\/?s={search_term_string}\"},\"query-input\":{\"@type\":\"PropertyValueSpecification\",\"valueRequired\":true,\"valueName\":\"search_term_string\"}}],\"inLanguage\":\"it-IT\"},{\"@type\":\"Organization\",\"@id\":\"https:\/\/www.aibi.it\/coopaibc\/#organization\",\"name\":\"AIBC\",\"url\":\"https:\/\/www.aibi.it\/coopaibc\/\",\"logo\":{\"@type\":\"ImageObject\",\"inLanguage\":\"it-IT\",\"@id\":\"https:\/\/www.aibi.it\/coopaibc\/#\/schema\/logo\/image\/\",\"url\":\"https:\/\/www.aibi.it\/coopaibc\/wp-content\/uploads\/2016\/11\/cropped-logo-aibc-arancio-neg-150-1.png\",\"contentUrl\":\"https:\/\/www.aibi.it\/coopaibc\/wp-content\/uploads\/2016\/11\/cropped-logo-aibc-arancio-neg-150-1.png\",\"width\":150,\"height\":88,\"caption\":\"AIBC\"},\"image\":{\"@id\":\"https:\/\/www.aibi.it\/coopaibc\/#\/schema\/logo\/image\/\"}},{\"@type\":\"Person\",\"@id\":\"https:\/\/www.aibi.it\/coopaibc\/#\/schema\/person\/259fe086fa939f87aeb41c32c1af956d\",\"name\":\"antonio.rubinetti@aibi.it\",\"image\":{\"@type\":\"ImageObject\",\"inLanguage\":\"it-IT\",\"@id\":\"https:\/\/www.aibi.it\/coopaibc\/#\/schema\/person\/image\/\",\"url\":\"https:\/\/secure.gravatar.com\/avatar\/2aaaeed07e35259e31c96b2b25bddab18d2578fdea29e74b114077a66a97f537?s=96&d=mm&r=g\",\"contentUrl\":\"https:\/\/secure.gravatar.com\/avatar\/2aaaeed07e35259e31c96b2b25bddab18d2578fdea29e74b114077a66a97f537?s=96&d=mm&r=g\",\"caption\":\"antonio.rubinetti@aibi.it\"},\"url\":\"https:\/\/www.aibi.it\/coopaibc\/author\/antonio-rubinettiaibi-it\/\"}]}<\/script>\n<!-- \/ Yoast SEO plugin. -->","yoast_head_json":{"title":"Illegittimo l\u2019affido eterofamiliare se \u00e8 carente il giudizio di inidoneit\u00e0 dei nonni e dei prozii","description":"Una sentenza della Suprema Corte ha rimesso in discussione la scelta di affidare una minore a una famiglia estranea e chiede maggiori approfondimenti sulla relazione tra la bambina e i suoi parenti","robots":{"index":"index","follow":"follow","max-snippet":"max-snippet:-1","max-image-preview":"max-image-preview:large","max-video-preview":"max-video-preview:-1"},"canonical":"https:\/\/www.aibi.it\/coopaibc\/illegittimo-affido-eterofamiliare-giudizio-idoneita\/","og_locale":"it_IT","og_type":"article","og_title":"Illegittimo l\u2019affido eterofamiliare se \u00e8 carente il giudizio di inidoneit\u00e0 dei nonni e dei prozii","og_description":"Una sentenza della Suprema Corte ha rimesso in discussione la scelta di affidare una minore a una famiglia estranea e chiede maggiori approfondimenti sulla relazione tra la bambina e i suoi parenti","og_url":"https:\/\/www.aibi.it\/coopaibc\/illegittimo-affido-eterofamiliare-giudizio-idoneita\/","og_site_name":"AIBC","article_published_time":"2024-02-27T17:09:21+00:00","og_image":[{"width":1200,"height":630,"url":"https:\/\/www.aibi.it\/coopaibc\/wp-content\/uploads\/2024\/02\/Affido-ideneita.jpg","type":"image\/jpeg"}],"author":"antonio.rubinetti@aibi.it","twitter_card":"summary_large_image","twitter_misc":{"Scritto da":"antonio.rubinetti@aibi.it","Tempo di lettura stimato":"4 minuti"},"schema":{"@context":"https:\/\/schema.org","@graph":[{"@type":"Article","@id":"https:\/\/www.aibi.it\/coopaibc\/illegittimo-affido-eterofamiliare-giudizio-idoneita\/#article","isPartOf":{"@id":"https:\/\/www.aibi.it\/coopaibc\/illegittimo-affido-eterofamiliare-giudizio-idoneita\/"},"author":{"name":"antonio.rubinetti@aibi.it","@id":"https:\/\/www.aibi.it\/coopaibc\/#\/schema\/person\/259fe086fa939f87aeb41c32c1af956d"},"headline":"Illegittimo l\u2019affido eterofamiliare se \u00e8 carente il giudizio di inidoneit\u00e0 dei nonni e dei prozii","datePublished":"2024-02-27T17:09:21+00:00","mainEntityOfPage":{"@id":"https:\/\/www.aibi.it\/coopaibc\/illegittimo-affido-eterofamiliare-giudizio-idoneita\/"},"wordCount":694,"commentCount":0,"publisher":{"@id":"https:\/\/www.aibi.it\/coopaibc\/#organization"},"image":{"@id":"https:\/\/www.aibi.it\/coopaibc\/illegittimo-affido-eterofamiliare-giudizio-idoneita\/#primaryimage"},"thumbnailUrl":"https:\/\/www.aibi.it\/coopaibc\/wp-content\/uploads\/2024\/02\/Affido-ideneita.jpg","keywords":["affido"],"articleSection":["News"],"inLanguage":"it-IT","potentialAction":[{"@type":"CommentAction","name":"Comment","target":["https:\/\/www.aibi.it\/coopaibc\/illegittimo-affido-eterofamiliare-giudizio-idoneita\/#respond"]}]},{"@type":"WebPage","@id":"https:\/\/www.aibi.it\/coopaibc\/illegittimo-affido-eterofamiliare-giudizio-idoneita\/","url":"https:\/\/www.aibi.it\/coopaibc\/illegittimo-affido-eterofamiliare-giudizio-idoneita\/","name":"Illegittimo l\u2019affido eterofamiliare se \u00e8 carente il giudizio di inidoneit\u00e0 dei nonni e dei prozii","isPartOf":{"@id":"https:\/\/www.aibi.it\/coopaibc\/#website"},"primaryImageOfPage":{"@id":"https:\/\/www.aibi.it\/coopaibc\/illegittimo-affido-eterofamiliare-giudizio-idoneita\/#primaryimage"},"image":{"@id":"https:\/\/www.aibi.it\/coopaibc\/illegittimo-affido-eterofamiliare-giudizio-idoneita\/#primaryimage"},"thumbnailUrl":"https:\/\/www.aibi.it\/coopaibc\/wp-content\/uploads\/2024\/02\/Affido-ideneita.jpg","datePublished":"2024-02-27T17:09:21+00:00","description":"Una sentenza della Suprema Corte ha rimesso in discussione la scelta di affidare una minore a una famiglia estranea e chiede maggiori approfondimenti sulla relazione tra la bambina e i suoi parenti","breadcrumb":{"@id":"https:\/\/www.aibi.it\/coopaibc\/illegittimo-affido-eterofamiliare-giudizio-idoneita\/#breadcrumb"},"inLanguage":"it-IT","potentialAction":[{"@type":"ReadAction","target":["https:\/\/www.aibi.it\/coopaibc\/illegittimo-affido-eterofamiliare-giudizio-idoneita\/"]}]},{"@type":"ImageObject","inLanguage":"it-IT","@id":"https:\/\/www.aibi.it\/coopaibc\/illegittimo-affido-eterofamiliare-giudizio-idoneita\/#primaryimage","url":"https:\/\/www.aibi.it\/coopaibc\/wp-content\/uploads\/2024\/02\/Affido-ideneita.jpg","contentUrl":"https:\/\/www.aibi.it\/coopaibc\/wp-content\/uploads\/2024\/02\/Affido-ideneita.jpg","width":1200,"height":630},{"@type":"BreadcrumbList","@id":"https:\/\/www.aibi.it\/coopaibc\/illegittimo-affido-eterofamiliare-giudizio-idoneita\/#breadcrumb","itemListElement":[{"@type":"ListItem","position":1,"name":"Home","item":"https:\/\/www.aibi.it\/coopaibc\/"},{"@type":"ListItem","position":2,"name":"Illegittimo l\u2019affido eterofamiliare se \u00e8 carente il giudizio di inidoneit\u00e0 dei nonni e dei prozii"}]},{"@type":"WebSite","@id":"https:\/\/www.aibi.it\/coopaibc\/#website","url":"https:\/\/www.aibi.it\/coopaibc\/","name":"AIBC","description":"Cooperativa Sociale","publisher":{"@id":"https:\/\/www.aibi.it\/coopaibc\/#organization"},"potentialAction":[{"@type":"SearchAction","target":{"@type":"EntryPoint","urlTemplate":"https:\/\/www.aibi.it\/coopaibc\/?s={search_term_string}"},"query-input":{"@type":"PropertyValueSpecification","valueRequired":true,"valueName":"search_term_string"}}],"inLanguage":"it-IT"},{"@type":"Organization","@id":"https:\/\/www.aibi.it\/coopaibc\/#organization","name":"AIBC","url":"https:\/\/www.aibi.it\/coopaibc\/","logo":{"@type":"ImageObject","inLanguage":"it-IT","@id":"https:\/\/www.aibi.it\/coopaibc\/#\/schema\/logo\/image\/","url":"https:\/\/www.aibi.it\/coopaibc\/wp-content\/uploads\/2016\/11\/cropped-logo-aibc-arancio-neg-150-1.png","contentUrl":"https:\/\/www.aibi.it\/coopaibc\/wp-content\/uploads\/2016\/11\/cropped-logo-aibc-arancio-neg-150-1.png","width":150,"height":88,"caption":"AIBC"},"image":{"@id":"https:\/\/www.aibi.it\/coopaibc\/#\/schema\/logo\/image\/"}},{"@type":"Person","@id":"https:\/\/www.aibi.it\/coopaibc\/#\/schema\/person\/259fe086fa939f87aeb41c32c1af956d","name":"antonio.rubinetti@aibi.it","image":{"@type":"ImageObject","inLanguage":"it-IT","@id":"https:\/\/www.aibi.it\/coopaibc\/#\/schema\/person\/image\/","url":"https:\/\/secure.gravatar.com\/avatar\/2aaaeed07e35259e31c96b2b25bddab18d2578fdea29e74b114077a66a97f537?s=96&d=mm&r=g","contentUrl":"https:\/\/secure.gravatar.com\/avatar\/2aaaeed07e35259e31c96b2b25bddab18d2578fdea29e74b114077a66a97f537?s=96&d=mm&r=g","caption":"antonio.rubinetti@aibi.it"},"url":"https:\/\/www.aibi.it\/coopaibc\/author\/antonio-rubinettiaibi-it\/"}]}},"_links":{"self":[{"href":"https:\/\/www.aibi.it\/coopaibc\/wp-json\/wp\/v2\/posts\/3812","targetHints":{"allow":["GET"]}}],"collection":[{"href":"https:\/\/www.aibi.it\/coopaibc\/wp-json\/wp\/v2\/posts"}],"about":[{"href":"https:\/\/www.aibi.it\/coopaibc\/wp-json\/wp\/v2\/types\/post"}],"author":[{"embeddable":true,"href":"https:\/\/www.aibi.it\/coopaibc\/wp-json\/wp\/v2\/users\/12"}],"replies":[{"embeddable":true,"href":"https:\/\/www.aibi.it\/coopaibc\/wp-json\/wp\/v2\/comments?post=3812"}],"version-history":[{"count":2,"href":"https:\/\/www.aibi.it\/coopaibc\/wp-json\/wp\/v2\/posts\/3812\/revisions"}],"predecessor-version":[{"id":3815,"href":"https:\/\/www.aibi.it\/coopaibc\/wp-json\/wp\/v2\/posts\/3812\/revisions\/3815"}],"wp:featuredmedia":[{"embeddable":true,"href":"https:\/\/www.aibi.it\/coopaibc\/wp-json\/wp\/v2\/media\/3813"}],"wp:attachment":[{"href":"https:\/\/www.aibi.it\/coopaibc\/wp-json\/wp\/v2\/media?parent=3812"}],"wp:term":[{"taxonomy":"category","embeddable":true,"href":"https:\/\/www.aibi.it\/coopaibc\/wp-json\/wp\/v2\/categories?post=3812"},{"taxonomy":"post_tag","embeddable":true,"href":"https:\/\/www.aibi.it\/coopaibc\/wp-json\/wp\/v2\/tags?post=3812"}],"curies":[{"name":"wp","href":"https:\/\/api.w.org\/{rel}","templated":true}]}}