{"id":3933,"date":"2025-09-06T15:26:44","date_gmt":"2025-09-06T13:26:44","guid":{"rendered":"https:\/\/www.aibi.it\/coopaibc\/?p=3933"},"modified":"2025-09-12T15:30:22","modified_gmt":"2025-09-12T13:30:22","slug":"forza-famiglie-solidali","status":"publish","type":"post","link":"https:\/\/www.aibi.it\/coopaibc\/forza-famiglie-solidali\/","title":{"rendered":"La forza discreta delle famiglie solidali"},"content":{"rendered":"<h2 data-start=\"165\" data-end=\"564\">Un affido \u201cleggero\u201d che affianca i genitori naturali e offre ai minori stabilit\u00e0, sostegno e nuove opportunit\u00e0 di crescita<\/h2>\n<p><!--more--><\/p>\n<p data-start=\"165\" data-end=\"564\">Quando si parla di affido familiare, spesso si pensa subito all\u2019accoglienza di un minore all\u2019interno di una famiglia diversa dalla propria, per un periodo pi\u00f9 o meno lungo, in attesa che i genitori naturali superino le difficolt\u00e0 che stanno vivendo. Non tutti sanno, per\u00f2, che esistono altre forme di affido, meno conosciute ma altrettanto preziose: \u00e8 il caso delle cosiddette <strong>famiglie solidali<\/strong>.<br \/>\nDiventare famiglia o single solidale non significa necessariamente aprire le porte di casa a un bambino o a un ragazzo, ma piuttosto offrire sostegno concreto e continuativo senza arrivare alla convivenza. Questo approccio, flessibile e complementare rispetto all\u2019affido tradizionale, consente a molti minori in situazioni di vulnerabilit\u00e0 di avere comunque figure di riferimento stabili e affettuose. Si tratta di legami che, pur non sostituendo la famiglia d\u2019origine, possono rappresentare un punto di appoggio determinante per la crescita e lo sviluppo di bambini e adolescenti.<\/p>\n<h3 data-start=\"1151\" data-end=\"1183\">Sensibilizzare il territorio<\/h3>\n<p data-start=\"1184\" data-end=\"1667\">Affinch\u00e9 queste esperienze possano diffondersi, il primo passo \u00e8 la conoscenza. Non basta che le istituzioni offrano strumenti: serve una cultura dell\u2019affido familiare che raggiunga comunit\u00e0 e territori, mostrando i diversi volti della solidariet\u00e0. Eventi informativi, testimonianze dirette di chi ha gi\u00e0 vissuto l\u2019affido, collaborazioni tra enti pubblici e associazioni, ma anche campagne sui social media e interventi nelle scuole possono contribuire a diffondere consapevolezza.<\/p>\n<p data-start=\"1669\" data-end=\"2018\">Un altro aspetto fondamentale \u00e8 il supporto a chi decide di intraprendere questa esperienza. Famiglie e single che si rendono disponibili non devono sentirsi soli: servono percorsi di formazione, momenti di condivisione delle esperienze e sostegno psicologico e pratico, per evitare che burocrazia e difficolt\u00e0 organizzative diventino un ostacolo.<\/p>\n<h3 data-start=\"2020\" data-end=\"2060\">Famiglie solidali: un aiuto concreto<\/h3>\n<p data-start=\"2061\" data-end=\"2614\">Il ruolo delle famiglie solidali si traduce in gesti quotidiani, che possono cambiare la vita di chi li riceve. Significa affiancare i genitori naturali, aiutandoli nella gestione dei figli, favorire l\u2019inclusione sociale attraverso attivit\u00e0 educative e ricreative, garantire sostegno scolastico, o semplicemente diventare un punto di riferimento affettivo. La forza di questa formula sta nella sua flessibilit\u00e0: i bambini e i ragazzi non vengono allontanati dalla loro famiglia, ma trovano accanto a s\u00e9 adulti capaci di esserci nei momenti importanti.<\/p>\n<h3 data-start=\"2616\" data-end=\"2641\">Storie di solidariet\u00e0<\/h3>\n<p data-start=\"2642\" data-end=\"2997\">Le esperienze reali aiutano a capire meglio il valore di queste relazioni. Sara e Luca, giovane coppia senza figli, affiancano Giulia, madre single di un bimbo di tre anni. Si occupano del piccolo alcuni pomeriggi alla settimana, dandogli attenzioni e momenti di gioco, mentre la mamma riesce a conciliare lavoro e vita quotidiana con maggiore serenit\u00e0.<\/p>\n<p data-start=\"2999\" data-end=\"3257\">Anna e Roberto hanno invece sostenuto Marco, 15 anni, in un momento difficile: lo hanno aiutato nei compiti, coinvolgendolo in attivit\u00e0 sportive e culturali. Grazie a loro, il ragazzo ha ritrovato fiducia in s\u00e9 stesso e migliorato il rendimento scolastico.<\/p>\n<p data-start=\"3259\" data-end=\"3486\">Carla e Fabio, genitori di tre figli, hanno scelto di aprire la loro casa ogni sabato a un bambino in difficolt\u00e0: un pranzo insieme, giochi al parco, momenti di serenit\u00e0 che hanno arricchito sia lui che la famiglia ospitante.<\/p>\n<h3 data-start=\"3488\" data-end=\"3509\">Un bene per tutti<\/h3>\n<p data-start=\"3510\" data-end=\"3912\">Questi esempi dimostrano come la solidariet\u00e0 familiare non sia un gesto unilaterale, ma un arricchimento reciproco. Essere famiglia solidale significa costruire legami che vanno oltre le difficolt\u00e0 del presente, donando stabilit\u00e0 e fiducia. \u00c8 un modo diverso, ma altrettanto prezioso, di fare affido: un aiuto concreto che non sostituisce, ma integra, il ruolo dei genitori naturali e della comunit\u00e0.<\/p>\n<p>&nbsp;<\/p>\n","protected":false},"excerpt":{"rendered":"<p>Un affido &ldquo;leggero&rdquo; che affianca i genitori naturali e offre ai minori stabilit&agrave;, sostegno e nuove opportunit&agrave; di crescita<\/p>\n","protected":false},"author":12,"featured_media":3934,"comment_status":"open","ping_status":"open","sticky":false,"template":"","format":"standard","meta":{"footnotes":""},"categories":[1],"tags":[30],"class_list":{"0":"post-3933","1":"post","2":"type-post","3":"status-publish","4":"format-standard","5":"has-post-thumbnail","7":"category-news","8":"tag-affido"},"yoast_head":"<!-- This site is optimized with the Yoast SEO plugin v26.1.1 - https:\/\/yoast.com\/wordpress\/plugins\/seo\/ -->\n<title>La forza discreta delle famiglie solidali<\/title>\n<meta name=\"description\" content=\"Un affido \u201cleggero\u201d che affianca i genitori naturali e offre ai minori stabilit\u00e0, sostegno e nuove opportunit\u00e0 di crescita\" \/>\n<meta name=\"robots\" content=\"index, follow, max-snippet:-1, max-image-preview:large, max-video-preview:-1\" \/>\n<link rel=\"canonical\" href=\"https:\/\/www.aibi.it\/coopaibc\/forza-famiglie-solidali\/\" \/>\n<meta property=\"og:locale\" content=\"it_IT\" \/>\n<meta property=\"og:type\" content=\"article\" \/>\n<meta property=\"og:title\" content=\"La forza discreta delle famiglie solidali\" \/>\n<meta property=\"og:description\" content=\"Un affido \u201cleggero\u201d che affianca i genitori naturali e offre ai minori stabilit\u00e0, sostegno e nuove opportunit\u00e0 di crescita\" \/>\n<meta property=\"og:url\" content=\"https:\/\/www.aibi.it\/coopaibc\/forza-famiglie-solidali\/\" \/>\n<meta property=\"og:site_name\" content=\"AIBC\" \/>\n<meta property=\"article:published_time\" content=\"2025-09-06T13:26:44+00:00\" \/>\n<meta property=\"article:modified_time\" content=\"2025-09-12T13:30:22+00:00\" \/>\n<meta property=\"og:image\" content=\"https:\/\/www.aibi.it\/coopaibc\/wp-content\/uploads\/2025\/09\/famiglie-solidali-affido.jpg\" \/>\n\t<meta property=\"og:image:width\" content=\"1000\" \/>\n\t<meta property=\"og:image:height\" content=\"500\" \/>\n\t<meta property=\"og:image:type\" content=\"image\/jpeg\" \/>\n<meta name=\"author\" content=\"antonio.rubinetti@aibi.it\" \/>\n<meta name=\"twitter:card\" content=\"summary_large_image\" \/>\n<meta name=\"twitter:label1\" content=\"Scritto da\" \/>\n\t<meta name=\"twitter:data1\" content=\"antonio.rubinetti@aibi.it\" \/>\n\t<meta name=\"twitter:label2\" content=\"Tempo di lettura stimato\" \/>\n\t<meta name=\"twitter:data2\" content=\"4 minuti\" \/>\n<script type=\"application\/ld+json\" class=\"yoast-schema-graph\">{\"@context\":\"https:\/\/schema.org\",\"@graph\":[{\"@type\":\"Article\",\"@id\":\"https:\/\/www.aibi.it\/coopaibc\/forza-famiglie-solidali\/#article\",\"isPartOf\":{\"@id\":\"https:\/\/www.aibi.it\/coopaibc\/forza-famiglie-solidali\/\"},\"author\":{\"name\":\"antonio.rubinetti@aibi.it\",\"@id\":\"https:\/\/www.aibi.it\/coopaibc\/#\/schema\/person\/259fe086fa939f87aeb41c32c1af956d\"},\"headline\":\"La forza discreta delle famiglie solidali\",\"datePublished\":\"2025-09-06T13:26:44+00:00\",\"dateModified\":\"2025-09-12T13:30:22+00:00\",\"mainEntityOfPage\":{\"@id\":\"https:\/\/www.aibi.it\/coopaibc\/forza-famiglie-solidali\/\"},\"wordCount\":577,\"commentCount\":0,\"publisher\":{\"@id\":\"https:\/\/www.aibi.it\/coopaibc\/#organization\"},\"image\":{\"@id\":\"https:\/\/www.aibi.it\/coopaibc\/forza-famiglie-solidali\/#primaryimage\"},\"thumbnailUrl\":\"https:\/\/www.aibi.it\/coopaibc\/wp-content\/uploads\/2025\/09\/famiglie-solidali-affido.jpg\",\"keywords\":[\"affido\"],\"articleSection\":[\"News\"],\"inLanguage\":\"it-IT\",\"potentialAction\":[{\"@type\":\"CommentAction\",\"name\":\"Comment\",\"target\":[\"https:\/\/www.aibi.it\/coopaibc\/forza-famiglie-solidali\/#respond\"]}]},{\"@type\":\"WebPage\",\"@id\":\"https:\/\/www.aibi.it\/coopaibc\/forza-famiglie-solidali\/\",\"url\":\"https:\/\/www.aibi.it\/coopaibc\/forza-famiglie-solidali\/\",\"name\":\"La forza discreta delle famiglie solidali\",\"isPartOf\":{\"@id\":\"https:\/\/www.aibi.it\/coopaibc\/#website\"},\"primaryImageOfPage\":{\"@id\":\"https:\/\/www.aibi.it\/coopaibc\/forza-famiglie-solidali\/#primaryimage\"},\"image\":{\"@id\":\"https:\/\/www.aibi.it\/coopaibc\/forza-famiglie-solidali\/#primaryimage\"},\"thumbnailUrl\":\"https:\/\/www.aibi.it\/coopaibc\/wp-content\/uploads\/2025\/09\/famiglie-solidali-affido.jpg\",\"datePublished\":\"2025-09-06T13:26:44+00:00\",\"dateModified\":\"2025-09-12T13:30:22+00:00\",\"description\":\"Un affido \u201cleggero\u201d che affianca i genitori naturali e offre ai minori stabilit\u00e0, sostegno e nuove opportunit\u00e0 di crescita\",\"breadcrumb\":{\"@id\":\"https:\/\/www.aibi.it\/coopaibc\/forza-famiglie-solidali\/#breadcrumb\"},\"inLanguage\":\"it-IT\",\"potentialAction\":[{\"@type\":\"ReadAction\",\"target\":[\"https:\/\/www.aibi.it\/coopaibc\/forza-famiglie-solidali\/\"]}]},{\"@type\":\"ImageObject\",\"inLanguage\":\"it-IT\",\"@id\":\"https:\/\/www.aibi.it\/coopaibc\/forza-famiglie-solidali\/#primaryimage\",\"url\":\"https:\/\/www.aibi.it\/coopaibc\/wp-content\/uploads\/2025\/09\/famiglie-solidali-affido.jpg\",\"contentUrl\":\"https:\/\/www.aibi.it\/coopaibc\/wp-content\/uploads\/2025\/09\/famiglie-solidali-affido.jpg\",\"width\":1000,\"height\":500},{\"@type\":\"BreadcrumbList\",\"@id\":\"https:\/\/www.aibi.it\/coopaibc\/forza-famiglie-solidali\/#breadcrumb\",\"itemListElement\":[{\"@type\":\"ListItem\",\"position\":1,\"name\":\"Home\",\"item\":\"https:\/\/www.aibi.it\/coopaibc\/\"},{\"@type\":\"ListItem\",\"position\":2,\"name\":\"La forza discreta delle famiglie solidali\"}]},{\"@type\":\"WebSite\",\"@id\":\"https:\/\/www.aibi.it\/coopaibc\/#website\",\"url\":\"https:\/\/www.aibi.it\/coopaibc\/\",\"name\":\"AIBC\",\"description\":\"Cooperativa Sociale\",\"publisher\":{\"@id\":\"https:\/\/www.aibi.it\/coopaibc\/#organization\"},\"potentialAction\":[{\"@type\":\"SearchAction\",\"target\":{\"@type\":\"EntryPoint\",\"urlTemplate\":\"https:\/\/www.aibi.it\/coopaibc\/?s={search_term_string}\"},\"query-input\":{\"@type\":\"PropertyValueSpecification\",\"valueRequired\":true,\"valueName\":\"search_term_string\"}}],\"inLanguage\":\"it-IT\"},{\"@type\":\"Organization\",\"@id\":\"https:\/\/www.aibi.it\/coopaibc\/#organization\",\"name\":\"AIBC\",\"url\":\"https:\/\/www.aibi.it\/coopaibc\/\",\"logo\":{\"@type\":\"ImageObject\",\"inLanguage\":\"it-IT\",\"@id\":\"https:\/\/www.aibi.it\/coopaibc\/#\/schema\/logo\/image\/\",\"url\":\"https:\/\/www.aibi.it\/coopaibc\/wp-content\/uploads\/2016\/11\/cropped-logo-aibc-arancio-neg-150-1.png\",\"contentUrl\":\"https:\/\/www.aibi.it\/coopaibc\/wp-content\/uploads\/2016\/11\/cropped-logo-aibc-arancio-neg-150-1.png\",\"width\":150,\"height\":88,\"caption\":\"AIBC\"},\"image\":{\"@id\":\"https:\/\/www.aibi.it\/coopaibc\/#\/schema\/logo\/image\/\"}},{\"@type\":\"Person\",\"@id\":\"https:\/\/www.aibi.it\/coopaibc\/#\/schema\/person\/259fe086fa939f87aeb41c32c1af956d\",\"name\":\"antonio.rubinetti@aibi.it\",\"image\":{\"@type\":\"ImageObject\",\"inLanguage\":\"it-IT\",\"@id\":\"https:\/\/www.aibi.it\/coopaibc\/#\/schema\/person\/image\/\",\"url\":\"https:\/\/secure.gravatar.com\/avatar\/2aaaeed07e35259e31c96b2b25bddab18d2578fdea29e74b114077a66a97f537?s=96&d=mm&r=g\",\"contentUrl\":\"https:\/\/secure.gravatar.com\/avatar\/2aaaeed07e35259e31c96b2b25bddab18d2578fdea29e74b114077a66a97f537?s=96&d=mm&r=g\",\"caption\":\"antonio.rubinetti@aibi.it\"},\"url\":\"https:\/\/www.aibi.it\/coopaibc\/author\/antonio-rubinettiaibi-it\/\"}]}<\/script>\n<!-- \/ Yoast SEO plugin. -->","yoast_head_json":{"title":"La forza discreta delle famiglie solidali","description":"Un affido \u201cleggero\u201d che affianca i genitori naturali e offre ai minori stabilit\u00e0, sostegno e nuove opportunit\u00e0 di crescita","robots":{"index":"index","follow":"follow","max-snippet":"max-snippet:-1","max-image-preview":"max-image-preview:large","max-video-preview":"max-video-preview:-1"},"canonical":"https:\/\/www.aibi.it\/coopaibc\/forza-famiglie-solidali\/","og_locale":"it_IT","og_type":"article","og_title":"La forza discreta delle famiglie solidali","og_description":"Un affido \u201cleggero\u201d che affianca i genitori naturali e offre ai minori stabilit\u00e0, sostegno e nuove opportunit\u00e0 di crescita","og_url":"https:\/\/www.aibi.it\/coopaibc\/forza-famiglie-solidali\/","og_site_name":"AIBC","article_published_time":"2025-09-06T13:26:44+00:00","article_modified_time":"2025-09-12T13:30:22+00:00","og_image":[{"width":1000,"height":500,"url":"https:\/\/www.aibi.it\/coopaibc\/wp-content\/uploads\/2025\/09\/famiglie-solidali-affido.jpg","type":"image\/jpeg"}],"author":"antonio.rubinetti@aibi.it","twitter_card":"summary_large_image","twitter_misc":{"Scritto da":"antonio.rubinetti@aibi.it","Tempo di lettura stimato":"4 minuti"},"schema":{"@context":"https:\/\/schema.org","@graph":[{"@type":"Article","@id":"https:\/\/www.aibi.it\/coopaibc\/forza-famiglie-solidali\/#article","isPartOf":{"@id":"https:\/\/www.aibi.it\/coopaibc\/forza-famiglie-solidali\/"},"author":{"name":"antonio.rubinetti@aibi.it","@id":"https:\/\/www.aibi.it\/coopaibc\/#\/schema\/person\/259fe086fa939f87aeb41c32c1af956d"},"headline":"La forza discreta delle famiglie solidali","datePublished":"2025-09-06T13:26:44+00:00","dateModified":"2025-09-12T13:30:22+00:00","mainEntityOfPage":{"@id":"https:\/\/www.aibi.it\/coopaibc\/forza-famiglie-solidali\/"},"wordCount":577,"commentCount":0,"publisher":{"@id":"https:\/\/www.aibi.it\/coopaibc\/#organization"},"image":{"@id":"https:\/\/www.aibi.it\/coopaibc\/forza-famiglie-solidali\/#primaryimage"},"thumbnailUrl":"https:\/\/www.aibi.it\/coopaibc\/wp-content\/uploads\/2025\/09\/famiglie-solidali-affido.jpg","keywords":["affido"],"articleSection":["News"],"inLanguage":"it-IT","potentialAction":[{"@type":"CommentAction","name":"Comment","target":["https:\/\/www.aibi.it\/coopaibc\/forza-famiglie-solidali\/#respond"]}]},{"@type":"WebPage","@id":"https:\/\/www.aibi.it\/coopaibc\/forza-famiglie-solidali\/","url":"https:\/\/www.aibi.it\/coopaibc\/forza-famiglie-solidali\/","name":"La forza discreta delle famiglie solidali","isPartOf":{"@id":"https:\/\/www.aibi.it\/coopaibc\/#website"},"primaryImageOfPage":{"@id":"https:\/\/www.aibi.it\/coopaibc\/forza-famiglie-solidali\/#primaryimage"},"image":{"@id":"https:\/\/www.aibi.it\/coopaibc\/forza-famiglie-solidali\/#primaryimage"},"thumbnailUrl":"https:\/\/www.aibi.it\/coopaibc\/wp-content\/uploads\/2025\/09\/famiglie-solidali-affido.jpg","datePublished":"2025-09-06T13:26:44+00:00","dateModified":"2025-09-12T13:30:22+00:00","description":"Un affido \u201cleggero\u201d che affianca i genitori naturali e offre ai minori stabilit\u00e0, sostegno e nuove opportunit\u00e0 di crescita","breadcrumb":{"@id":"https:\/\/www.aibi.it\/coopaibc\/forza-famiglie-solidali\/#breadcrumb"},"inLanguage":"it-IT","potentialAction":[{"@type":"ReadAction","target":["https:\/\/www.aibi.it\/coopaibc\/forza-famiglie-solidali\/"]}]},{"@type":"ImageObject","inLanguage":"it-IT","@id":"https:\/\/www.aibi.it\/coopaibc\/forza-famiglie-solidali\/#primaryimage","url":"https:\/\/www.aibi.it\/coopaibc\/wp-content\/uploads\/2025\/09\/famiglie-solidali-affido.jpg","contentUrl":"https:\/\/www.aibi.it\/coopaibc\/wp-content\/uploads\/2025\/09\/famiglie-solidali-affido.jpg","width":1000,"height":500},{"@type":"BreadcrumbList","@id":"https:\/\/www.aibi.it\/coopaibc\/forza-famiglie-solidali\/#breadcrumb","itemListElement":[{"@type":"ListItem","position":1,"name":"Home","item":"https:\/\/www.aibi.it\/coopaibc\/"},{"@type":"ListItem","position":2,"name":"La forza discreta delle famiglie solidali"}]},{"@type":"WebSite","@id":"https:\/\/www.aibi.it\/coopaibc\/#website","url":"https:\/\/www.aibi.it\/coopaibc\/","name":"AIBC","description":"Cooperativa Sociale","publisher":{"@id":"https:\/\/www.aibi.it\/coopaibc\/#organization"},"potentialAction":[{"@type":"SearchAction","target":{"@type":"EntryPoint","urlTemplate":"https:\/\/www.aibi.it\/coopaibc\/?s={search_term_string}"},"query-input":{"@type":"PropertyValueSpecification","valueRequired":true,"valueName":"search_term_string"}}],"inLanguage":"it-IT"},{"@type":"Organization","@id":"https:\/\/www.aibi.it\/coopaibc\/#organization","name":"AIBC","url":"https:\/\/www.aibi.it\/coopaibc\/","logo":{"@type":"ImageObject","inLanguage":"it-IT","@id":"https:\/\/www.aibi.it\/coopaibc\/#\/schema\/logo\/image\/","url":"https:\/\/www.aibi.it\/coopaibc\/wp-content\/uploads\/2016\/11\/cropped-logo-aibc-arancio-neg-150-1.png","contentUrl":"https:\/\/www.aibi.it\/coopaibc\/wp-content\/uploads\/2016\/11\/cropped-logo-aibc-arancio-neg-150-1.png","width":150,"height":88,"caption":"AIBC"},"image":{"@id":"https:\/\/www.aibi.it\/coopaibc\/#\/schema\/logo\/image\/"}},{"@type":"Person","@id":"https:\/\/www.aibi.it\/coopaibc\/#\/schema\/person\/259fe086fa939f87aeb41c32c1af956d","name":"antonio.rubinetti@aibi.it","image":{"@type":"ImageObject","inLanguage":"it-IT","@id":"https:\/\/www.aibi.it\/coopaibc\/#\/schema\/person\/image\/","url":"https:\/\/secure.gravatar.com\/avatar\/2aaaeed07e35259e31c96b2b25bddab18d2578fdea29e74b114077a66a97f537?s=96&d=mm&r=g","contentUrl":"https:\/\/secure.gravatar.com\/avatar\/2aaaeed07e35259e31c96b2b25bddab18d2578fdea29e74b114077a66a97f537?s=96&d=mm&r=g","caption":"antonio.rubinetti@aibi.it"},"url":"https:\/\/www.aibi.it\/coopaibc\/author\/antonio-rubinettiaibi-it\/"}]}},"_links":{"self":[{"href":"https:\/\/www.aibi.it\/coopaibc\/wp-json\/wp\/v2\/posts\/3933","targetHints":{"allow":["GET"]}}],"collection":[{"href":"https:\/\/www.aibi.it\/coopaibc\/wp-json\/wp\/v2\/posts"}],"about":[{"href":"https:\/\/www.aibi.it\/coopaibc\/wp-json\/wp\/v2\/types\/post"}],"author":[{"embeddable":true,"href":"https:\/\/www.aibi.it\/coopaibc\/wp-json\/wp\/v2\/users\/12"}],"replies":[{"embeddable":true,"href":"https:\/\/www.aibi.it\/coopaibc\/wp-json\/wp\/v2\/comments?post=3933"}],"version-history":[{"count":1,"href":"https:\/\/www.aibi.it\/coopaibc\/wp-json\/wp\/v2\/posts\/3933\/revisions"}],"predecessor-version":[{"id":3935,"href":"https:\/\/www.aibi.it\/coopaibc\/wp-json\/wp\/v2\/posts\/3933\/revisions\/3935"}],"wp:featuredmedia":[{"embeddable":true,"href":"https:\/\/www.aibi.it\/coopaibc\/wp-json\/wp\/v2\/media\/3934"}],"wp:attachment":[{"href":"https:\/\/www.aibi.it\/coopaibc\/wp-json\/wp\/v2\/media?parent=3933"}],"wp:term":[{"taxonomy":"category","embeddable":true,"href":"https:\/\/www.aibi.it\/coopaibc\/wp-json\/wp\/v2\/categories?post=3933"},{"taxonomy":"post_tag","embeddable":true,"href":"https:\/\/www.aibi.it\/coopaibc\/wp-json\/wp\/v2\/tags?post=3933"}],"curies":[{"name":"wp","href":"https:\/\/api.w.org\/{rel}","templated":true}]}}