{"id":3971,"date":"2025-11-05T17:13:31","date_gmt":"2025-11-05T16:13:31","guid":{"rendered":"https:\/\/www.aibi.it\/coopaibc\/?p=3971"},"modified":"2025-11-05T17:13:31","modified_gmt":"2025-11-05T16:13:31","slug":"biennale-accoglienza-carta-affido","status":"publish","type":"post","link":"https:\/\/www.aibi.it\/coopaibc\/biennale-accoglienza-carta-affido\/","title":{"rendered":"Biennale dell\u2019Accoglienza, firmata la Carta dell\u2019Affido"},"content":{"rendered":"<h2 data-start=\"252\" data-end=\"561\">Semplificazione, collaborazione e sostegno alle famiglie al centro del documento presentato dal Forum delle Associazioni Familiari<\/h2>\n<p><!--more--><\/p>\n<p data-start=\"252\" data-end=\"561\">Alla prima Biennale dell\u2019Accoglienza, organizzata a Milano dal Forum delle Associazioni Familiari, prende forma la <strong data-start=\"367\" data-end=\"388\">Carta dell\u2019Affido<\/strong>, un documento in cinque punti pensato per promuovere una nuova cultura dell\u2019accoglienza e rafforzare le famiglie che scelgono di aprire la propria casa a chi ne ha bisogno.<\/p>\n<h3 data-start=\"563\" data-end=\"588\">La Carta dell\u2019Affido<\/h3>\n<p data-start=\"589\" data-end=\"853\">Due intense giornate di incontri, esperienze e confronti hanno portato alla nascita della <strong data-start=\"679\" data-end=\"700\">Carta dell\u2019Affido<\/strong>, che delinea il percorso per i prossimi due anni. Le parole chiave sono cinque: <strong data-start=\"781\" data-end=\"852\">semplificare, accompagnare, condividere, sensibilizzare e sorridere<\/strong>.<\/p>\n<ul data-start=\"855\" data-end=\"1621\">\n<li data-start=\"855\" data-end=\"997\">\n<p data-start=\"857\" data-end=\"997\"><strong data-start=\"857\" data-end=\"873\">Semplificare<\/strong> significa ridurre la complessit\u00e0 burocratica, rendendo affido e adozione pi\u00f9 accessibili e parte della normalit\u00e0 sociale.<\/p>\n<\/li>\n<li data-start=\"998\" data-end=\"1133\">\n<p data-start=\"1000\" data-end=\"1133\"><strong data-start=\"1000\" data-end=\"1016\">Accompagnare<\/strong> vuol dire garantire sostegno continuo alle famiglie affidatarie attraverso competenze professionali e reti solide.<\/p>\n<\/li>\n<li data-start=\"1134\" data-end=\"1317\">\n<p data-start=\"1136\" data-end=\"1317\"><strong data-start=\"1136\" data-end=\"1151\">Condividere<\/strong> richiama la necessit\u00e0 di una collaborazione reale tra associazioni, servizi sociali e Centri per la famiglia, che devono diventare strutture operative e dinamiche.<\/p>\n<\/li>\n<li data-start=\"1318\" data-end=\"1473\">\n<p data-start=\"1320\" data-end=\"1473\"><strong data-start=\"1320\" data-end=\"1338\">Sensibilizzare<\/strong> comporta la conoscenza dei dati reali su minori fuori famiglia e famiglie affidatarie, attraverso registri aggiornati e trasparenti.<\/p>\n<\/li>\n<li data-start=\"1474\" data-end=\"1621\">\n<p data-start=\"1476\" data-end=\"1621\"><strong data-start=\"1476\" data-end=\"1489\">Sorridere<\/strong>, infine, invita a raccontare l\u2019affido con un linguaggio positivo: un racconto sereno incoraggia, mentre la tristezza crea distanza.<\/p>\n<\/li>\n<\/ul>\n<h3 data-start=\"1623\" data-end=\"1670\">Nuove misure per l\u2019adozione internazionale<\/h3>\n<p data-start=\"1671\" data-end=\"2276\">La Biennale ha anche portato annunci concreti. La ministra per la Famiglia <strong data-start=\"1746\" data-end=\"1766\">Eugenia Roccella<\/strong> ha comunicato l\u2019intenzione di rendere <strong data-start=\"1805\" data-end=\"1843\">gratuita l\u2019adozione internazionale<\/strong>, mentre la viceministra <strong data-start=\"1868\" data-end=\"1893\">Maria Teresa Bellucci<\/strong> ha annunciato la creazione di un <strong data-start=\"1927\" data-end=\"1963\">Tavolo sui minori fuori famiglia<\/strong> e l\u2019assunzione di <strong data-start=\"1982\" data-end=\"2024\">3.300 nuovi operatori dell\u2019accoglienza<\/strong>.<br data-start=\"2025\" data-end=\"2028\" \/>Un passo decisivo verso quel sistema di welfare integrato che <strong data-start=\"2090\" data-end=\"2115\">Claudio Cottatellucci<\/strong>, presidente dell\u2019Aimmf, ha definito \u201cuna svolta storica\u201d, capace di trasformare l\u2019affido da esperienza temporanea a percorso fondato sulla continuit\u00e0 affettiva.<\/p>\n<p data-start=\"2278\" data-end=\"2868\">Le famiglie affidatarie, tuttavia, chiedono di avere un ruolo attivo nei processi decisionali che riguardano i loro figli. <strong data-start=\"2401\" data-end=\"2419\">Walter Martini<\/strong>, presidente del Tavolo Nazionale Affido, ha lanciato un appello per un <strong data-start=\"2491\" data-end=\"2536\">Piano straordinario sull\u2019affido familiare<\/strong> e per l\u2019istituzione di una <strong data-start=\"2564\" data-end=\"2598\">Giornata nazionale dell\u2019affido<\/strong>, da celebrare il <strong data-start=\"2616\" data-end=\"2628\">4 maggio<\/strong>.<br data-start=\"2629\" data-end=\"2632\" \/>Un\u2019idea accolta con favore dal Forum, la cui vicepresidente <strong data-start=\"2692\" data-end=\"2713\">Cristina Riccardi<\/strong> ha proposto di trasformare i Centri \u201c<strong data-start=\"2751\" data-end=\"2758\">per<\/strong> la famiglia\u201d in Centri \u201c<strong data-start=\"2783\" data-end=\"2792\">della<\/strong> famiglia\u201d: spazi aperti, partecipati, capaci di generare legami e comunit\u00e0.<\/p>\n<p data-start=\"2870\" data-end=\"3119\">Come ha ricordato in chiusura il presidente del Forum, <strong data-start=\"2925\" data-end=\"2946\">Adriano Bordignon<\/strong>, sostenere chi accoglie non \u00e8 solo un atto di solidariet\u00e0, ma una scelta di <strong data-start=\"3023\" data-end=\"3036\">giustizia<\/strong> e un <strong data-start=\"3042\" data-end=\"3074\">investimento nel bene comune<\/strong>, anche quando comporta impegno e sacrificio.<\/p>\n","protected":false},"excerpt":{"rendered":"<p>Semplificazione, collaborazione e sostegno alle famiglie al centro del documento presentato dal Forum delle Associazioni Familiari<\/p>\n","protected":false},"author":12,"featured_media":3972,"comment_status":"open","ping_status":"open","sticky":false,"template":"","format":"standard","meta":{"footnotes":""},"categories":[1],"tags":[49,30],"class_list":{"0":"post-3971","1":"post","2":"type-post","3":"status-publish","4":"format-standard","5":"has-post-thumbnail","7":"category-news","8":"tag-accoglienza","9":"tag-affido"},"yoast_head":"<!-- This site is optimized with the Yoast SEO plugin v26.1.1 - https:\/\/yoast.com\/wordpress\/plugins\/seo\/ -->\n<title>Biennale dell\u2019Accoglienza, firmata la Carta dell\u2019Affido - AIBC<\/title>\n<meta name=\"robots\" content=\"index, follow, max-snippet:-1, max-image-preview:large, max-video-preview:-1\" \/>\n<link rel=\"canonical\" href=\"https:\/\/www.aibi.it\/coopaibc\/biennale-accoglienza-carta-affido\/\" \/>\n<meta property=\"og:locale\" content=\"it_IT\" \/>\n<meta property=\"og:type\" content=\"article\" \/>\n<meta property=\"og:title\" content=\"Biennale dell\u2019Accoglienza, firmata la Carta dell\u2019Affido - AIBC\" \/>\n<meta property=\"og:description\" content=\"Semplificazione, collaborazione e sostegno alle famiglie al centro del documento presentato dal Forum delle Associazioni Familiari\" \/>\n<meta property=\"og:url\" content=\"https:\/\/www.aibi.it\/coopaibc\/biennale-accoglienza-carta-affido\/\" \/>\n<meta property=\"og:site_name\" content=\"AIBC\" \/>\n<meta property=\"article:published_time\" content=\"2025-11-05T16:13:31+00:00\" \/>\n<meta property=\"og:image\" content=\"https:\/\/www.aibi.it\/coopaibc\/wp-content\/uploads\/2025\/11\/Affido.jpg\" \/>\n\t<meta property=\"og:image:width\" content=\"1000\" \/>\n\t<meta property=\"og:image:height\" content=\"500\" \/>\n\t<meta property=\"og:image:type\" content=\"image\/jpeg\" \/>\n<meta name=\"author\" content=\"antonio.rubinetti@aibi.it\" \/>\n<meta name=\"twitter:card\" content=\"summary_large_image\" \/>\n<meta name=\"twitter:label1\" content=\"Scritto da\" \/>\n\t<meta name=\"twitter:data1\" content=\"antonio.rubinetti@aibi.it\" \/>\n\t<meta name=\"twitter:label2\" content=\"Tempo di lettura stimato\" \/>\n\t<meta name=\"twitter:data2\" content=\"3 minuti\" \/>\n<script type=\"application\/ld+json\" class=\"yoast-schema-graph\">{\"@context\":\"https:\/\/schema.org\",\"@graph\":[{\"@type\":\"Article\",\"@id\":\"https:\/\/www.aibi.it\/coopaibc\/biennale-accoglienza-carta-affido\/#article\",\"isPartOf\":{\"@id\":\"https:\/\/www.aibi.it\/coopaibc\/biennale-accoglienza-carta-affido\/\"},\"author\":{\"name\":\"antonio.rubinetti@aibi.it\",\"@id\":\"https:\/\/www.aibi.it\/coopaibc\/#\/schema\/person\/259fe086fa939f87aeb41c32c1af956d\"},\"headline\":\"Biennale dell\u2019Accoglienza, firmata la Carta dell\u2019Affido\",\"datePublished\":\"2025-11-05T16:13:31+00:00\",\"mainEntityOfPage\":{\"@id\":\"https:\/\/www.aibi.it\/coopaibc\/biennale-accoglienza-carta-affido\/\"},\"wordCount\":417,\"commentCount\":0,\"publisher\":{\"@id\":\"https:\/\/www.aibi.it\/coopaibc\/#organization\"},\"image\":{\"@id\":\"https:\/\/www.aibi.it\/coopaibc\/biennale-accoglienza-carta-affido\/#primaryimage\"},\"thumbnailUrl\":\"https:\/\/www.aibi.it\/coopaibc\/wp-content\/uploads\/2025\/11\/Affido.jpg\",\"keywords\":[\"accoglienza\",\"affido\"],\"articleSection\":[\"News\"],\"inLanguage\":\"it-IT\",\"potentialAction\":[{\"@type\":\"CommentAction\",\"name\":\"Comment\",\"target\":[\"https:\/\/www.aibi.it\/coopaibc\/biennale-accoglienza-carta-affido\/#respond\"]}]},{\"@type\":\"WebPage\",\"@id\":\"https:\/\/www.aibi.it\/coopaibc\/biennale-accoglienza-carta-affido\/\",\"url\":\"https:\/\/www.aibi.it\/coopaibc\/biennale-accoglienza-carta-affido\/\",\"name\":\"Biennale dell\u2019Accoglienza, firmata la Carta dell\u2019Affido - AIBC\",\"isPartOf\":{\"@id\":\"https:\/\/www.aibi.it\/coopaibc\/#website\"},\"primaryImageOfPage\":{\"@id\":\"https:\/\/www.aibi.it\/coopaibc\/biennale-accoglienza-carta-affido\/#primaryimage\"},\"image\":{\"@id\":\"https:\/\/www.aibi.it\/coopaibc\/biennale-accoglienza-carta-affido\/#primaryimage\"},\"thumbnailUrl\":\"https:\/\/www.aibi.it\/coopaibc\/wp-content\/uploads\/2025\/11\/Affido.jpg\",\"datePublished\":\"2025-11-05T16:13:31+00:00\",\"breadcrumb\":{\"@id\":\"https:\/\/www.aibi.it\/coopaibc\/biennale-accoglienza-carta-affido\/#breadcrumb\"},\"inLanguage\":\"it-IT\",\"potentialAction\":[{\"@type\":\"ReadAction\",\"target\":[\"https:\/\/www.aibi.it\/coopaibc\/biennale-accoglienza-carta-affido\/\"]}]},{\"@type\":\"ImageObject\",\"inLanguage\":\"it-IT\",\"@id\":\"https:\/\/www.aibi.it\/coopaibc\/biennale-accoglienza-carta-affido\/#primaryimage\",\"url\":\"https:\/\/www.aibi.it\/coopaibc\/wp-content\/uploads\/2025\/11\/Affido.jpg\",\"contentUrl\":\"https:\/\/www.aibi.it\/coopaibc\/wp-content\/uploads\/2025\/11\/Affido.jpg\",\"width\":1000,\"height\":500},{\"@type\":\"BreadcrumbList\",\"@id\":\"https:\/\/www.aibi.it\/coopaibc\/biennale-accoglienza-carta-affido\/#breadcrumb\",\"itemListElement\":[{\"@type\":\"ListItem\",\"position\":1,\"name\":\"Home\",\"item\":\"https:\/\/www.aibi.it\/coopaibc\/\"},{\"@type\":\"ListItem\",\"position\":2,\"name\":\"Biennale dell\u2019Accoglienza, firmata la Carta dell\u2019Affido\"}]},{\"@type\":\"WebSite\",\"@id\":\"https:\/\/www.aibi.it\/coopaibc\/#website\",\"url\":\"https:\/\/www.aibi.it\/coopaibc\/\",\"name\":\"AIBC\",\"description\":\"Cooperativa Sociale\",\"publisher\":{\"@id\":\"https:\/\/www.aibi.it\/coopaibc\/#organization\"},\"potentialAction\":[{\"@type\":\"SearchAction\",\"target\":{\"@type\":\"EntryPoint\",\"urlTemplate\":\"https:\/\/www.aibi.it\/coopaibc\/?s={search_term_string}\"},\"query-input\":{\"@type\":\"PropertyValueSpecification\",\"valueRequired\":true,\"valueName\":\"search_term_string\"}}],\"inLanguage\":\"it-IT\"},{\"@type\":\"Organization\",\"@id\":\"https:\/\/www.aibi.it\/coopaibc\/#organization\",\"name\":\"AIBC\",\"url\":\"https:\/\/www.aibi.it\/coopaibc\/\",\"logo\":{\"@type\":\"ImageObject\",\"inLanguage\":\"it-IT\",\"@id\":\"https:\/\/www.aibi.it\/coopaibc\/#\/schema\/logo\/image\/\",\"url\":\"https:\/\/www.aibi.it\/coopaibc\/wp-content\/uploads\/2016\/11\/cropped-logo-aibc-arancio-neg-150-1.png\",\"contentUrl\":\"https:\/\/www.aibi.it\/coopaibc\/wp-content\/uploads\/2016\/11\/cropped-logo-aibc-arancio-neg-150-1.png\",\"width\":150,\"height\":88,\"caption\":\"AIBC\"},\"image\":{\"@id\":\"https:\/\/www.aibi.it\/coopaibc\/#\/schema\/logo\/image\/\"}},{\"@type\":\"Person\",\"@id\":\"https:\/\/www.aibi.it\/coopaibc\/#\/schema\/person\/259fe086fa939f87aeb41c32c1af956d\",\"name\":\"antonio.rubinetti@aibi.it\",\"image\":{\"@type\":\"ImageObject\",\"inLanguage\":\"it-IT\",\"@id\":\"https:\/\/www.aibi.it\/coopaibc\/#\/schema\/person\/image\/\",\"url\":\"https:\/\/secure.gravatar.com\/avatar\/2aaaeed07e35259e31c96b2b25bddab18d2578fdea29e74b114077a66a97f537?s=96&d=mm&r=g\",\"contentUrl\":\"https:\/\/secure.gravatar.com\/avatar\/2aaaeed07e35259e31c96b2b25bddab18d2578fdea29e74b114077a66a97f537?s=96&d=mm&r=g\",\"caption\":\"antonio.rubinetti@aibi.it\"},\"url\":\"https:\/\/www.aibi.it\/coopaibc\/author\/antonio-rubinettiaibi-it\/\"}]}<\/script>\n<!-- \/ Yoast SEO plugin. -->","yoast_head_json":{"title":"Biennale dell\u2019Accoglienza, firmata la Carta dell\u2019Affido - AIBC","robots":{"index":"index","follow":"follow","max-snippet":"max-snippet:-1","max-image-preview":"max-image-preview:large","max-video-preview":"max-video-preview:-1"},"canonical":"https:\/\/www.aibi.it\/coopaibc\/biennale-accoglienza-carta-affido\/","og_locale":"it_IT","og_type":"article","og_title":"Biennale dell\u2019Accoglienza, firmata la Carta dell\u2019Affido - AIBC","og_description":"Semplificazione, collaborazione e sostegno alle famiglie al centro del documento presentato dal Forum delle Associazioni Familiari","og_url":"https:\/\/www.aibi.it\/coopaibc\/biennale-accoglienza-carta-affido\/","og_site_name":"AIBC","article_published_time":"2025-11-05T16:13:31+00:00","og_image":[{"width":1000,"height":500,"url":"https:\/\/www.aibi.it\/coopaibc\/wp-content\/uploads\/2025\/11\/Affido.jpg","type":"image\/jpeg"}],"author":"antonio.rubinetti@aibi.it","twitter_card":"summary_large_image","twitter_misc":{"Scritto da":"antonio.rubinetti@aibi.it","Tempo di lettura stimato":"3 minuti"},"schema":{"@context":"https:\/\/schema.org","@graph":[{"@type":"Article","@id":"https:\/\/www.aibi.it\/coopaibc\/biennale-accoglienza-carta-affido\/#article","isPartOf":{"@id":"https:\/\/www.aibi.it\/coopaibc\/biennale-accoglienza-carta-affido\/"},"author":{"name":"antonio.rubinetti@aibi.it","@id":"https:\/\/www.aibi.it\/coopaibc\/#\/schema\/person\/259fe086fa939f87aeb41c32c1af956d"},"headline":"Biennale dell\u2019Accoglienza, firmata la Carta dell\u2019Affido","datePublished":"2025-11-05T16:13:31+00:00","mainEntityOfPage":{"@id":"https:\/\/www.aibi.it\/coopaibc\/biennale-accoglienza-carta-affido\/"},"wordCount":417,"commentCount":0,"publisher":{"@id":"https:\/\/www.aibi.it\/coopaibc\/#organization"},"image":{"@id":"https:\/\/www.aibi.it\/coopaibc\/biennale-accoglienza-carta-affido\/#primaryimage"},"thumbnailUrl":"https:\/\/www.aibi.it\/coopaibc\/wp-content\/uploads\/2025\/11\/Affido.jpg","keywords":["accoglienza","affido"],"articleSection":["News"],"inLanguage":"it-IT","potentialAction":[{"@type":"CommentAction","name":"Comment","target":["https:\/\/www.aibi.it\/coopaibc\/biennale-accoglienza-carta-affido\/#respond"]}]},{"@type":"WebPage","@id":"https:\/\/www.aibi.it\/coopaibc\/biennale-accoglienza-carta-affido\/","url":"https:\/\/www.aibi.it\/coopaibc\/biennale-accoglienza-carta-affido\/","name":"Biennale dell\u2019Accoglienza, firmata la Carta dell\u2019Affido - AIBC","isPartOf":{"@id":"https:\/\/www.aibi.it\/coopaibc\/#website"},"primaryImageOfPage":{"@id":"https:\/\/www.aibi.it\/coopaibc\/biennale-accoglienza-carta-affido\/#primaryimage"},"image":{"@id":"https:\/\/www.aibi.it\/coopaibc\/biennale-accoglienza-carta-affido\/#primaryimage"},"thumbnailUrl":"https:\/\/www.aibi.it\/coopaibc\/wp-content\/uploads\/2025\/11\/Affido.jpg","datePublished":"2025-11-05T16:13:31+00:00","breadcrumb":{"@id":"https:\/\/www.aibi.it\/coopaibc\/biennale-accoglienza-carta-affido\/#breadcrumb"},"inLanguage":"it-IT","potentialAction":[{"@type":"ReadAction","target":["https:\/\/www.aibi.it\/coopaibc\/biennale-accoglienza-carta-affido\/"]}]},{"@type":"ImageObject","inLanguage":"it-IT","@id":"https:\/\/www.aibi.it\/coopaibc\/biennale-accoglienza-carta-affido\/#primaryimage","url":"https:\/\/www.aibi.it\/coopaibc\/wp-content\/uploads\/2025\/11\/Affido.jpg","contentUrl":"https:\/\/www.aibi.it\/coopaibc\/wp-content\/uploads\/2025\/11\/Affido.jpg","width":1000,"height":500},{"@type":"BreadcrumbList","@id":"https:\/\/www.aibi.it\/coopaibc\/biennale-accoglienza-carta-affido\/#breadcrumb","itemListElement":[{"@type":"ListItem","position":1,"name":"Home","item":"https:\/\/www.aibi.it\/coopaibc\/"},{"@type":"ListItem","position":2,"name":"Biennale dell\u2019Accoglienza, firmata la Carta dell\u2019Affido"}]},{"@type":"WebSite","@id":"https:\/\/www.aibi.it\/coopaibc\/#website","url":"https:\/\/www.aibi.it\/coopaibc\/","name":"AIBC","description":"Cooperativa Sociale","publisher":{"@id":"https:\/\/www.aibi.it\/coopaibc\/#organization"},"potentialAction":[{"@type":"SearchAction","target":{"@type":"EntryPoint","urlTemplate":"https:\/\/www.aibi.it\/coopaibc\/?s={search_term_string}"},"query-input":{"@type":"PropertyValueSpecification","valueRequired":true,"valueName":"search_term_string"}}],"inLanguage":"it-IT"},{"@type":"Organization","@id":"https:\/\/www.aibi.it\/coopaibc\/#organization","name":"AIBC","url":"https:\/\/www.aibi.it\/coopaibc\/","logo":{"@type":"ImageObject","inLanguage":"it-IT","@id":"https:\/\/www.aibi.it\/coopaibc\/#\/schema\/logo\/image\/","url":"https:\/\/www.aibi.it\/coopaibc\/wp-content\/uploads\/2016\/11\/cropped-logo-aibc-arancio-neg-150-1.png","contentUrl":"https:\/\/www.aibi.it\/coopaibc\/wp-content\/uploads\/2016\/11\/cropped-logo-aibc-arancio-neg-150-1.png","width":150,"height":88,"caption":"AIBC"},"image":{"@id":"https:\/\/www.aibi.it\/coopaibc\/#\/schema\/logo\/image\/"}},{"@type":"Person","@id":"https:\/\/www.aibi.it\/coopaibc\/#\/schema\/person\/259fe086fa939f87aeb41c32c1af956d","name":"antonio.rubinetti@aibi.it","image":{"@type":"ImageObject","inLanguage":"it-IT","@id":"https:\/\/www.aibi.it\/coopaibc\/#\/schema\/person\/image\/","url":"https:\/\/secure.gravatar.com\/avatar\/2aaaeed07e35259e31c96b2b25bddab18d2578fdea29e74b114077a66a97f537?s=96&d=mm&r=g","contentUrl":"https:\/\/secure.gravatar.com\/avatar\/2aaaeed07e35259e31c96b2b25bddab18d2578fdea29e74b114077a66a97f537?s=96&d=mm&r=g","caption":"antonio.rubinetti@aibi.it"},"url":"https:\/\/www.aibi.it\/coopaibc\/author\/antonio-rubinettiaibi-it\/"}]}},"_links":{"self":[{"href":"https:\/\/www.aibi.it\/coopaibc\/wp-json\/wp\/v2\/posts\/3971","targetHints":{"allow":["GET"]}}],"collection":[{"href":"https:\/\/www.aibi.it\/coopaibc\/wp-json\/wp\/v2\/posts"}],"about":[{"href":"https:\/\/www.aibi.it\/coopaibc\/wp-json\/wp\/v2\/types\/post"}],"author":[{"embeddable":true,"href":"https:\/\/www.aibi.it\/coopaibc\/wp-json\/wp\/v2\/users\/12"}],"replies":[{"embeddable":true,"href":"https:\/\/www.aibi.it\/coopaibc\/wp-json\/wp\/v2\/comments?post=3971"}],"version-history":[{"count":1,"href":"https:\/\/www.aibi.it\/coopaibc\/wp-json\/wp\/v2\/posts\/3971\/revisions"}],"predecessor-version":[{"id":3973,"href":"https:\/\/www.aibi.it\/coopaibc\/wp-json\/wp\/v2\/posts\/3971\/revisions\/3973"}],"wp:featuredmedia":[{"embeddable":true,"href":"https:\/\/www.aibi.it\/coopaibc\/wp-json\/wp\/v2\/media\/3972"}],"wp:attachment":[{"href":"https:\/\/www.aibi.it\/coopaibc\/wp-json\/wp\/v2\/media?parent=3971"}],"wp:term":[{"taxonomy":"category","embeddable":true,"href":"https:\/\/www.aibi.it\/coopaibc\/wp-json\/wp\/v2\/categories?post=3971"},{"taxonomy":"post_tag","embeddable":true,"href":"https:\/\/www.aibi.it\/coopaibc\/wp-json\/wp\/v2\/tags?post=3971"}],"curies":[{"name":"wp","href":"https:\/\/api.w.org\/{rel}","templated":true}]}}