{"id":4051,"date":"2026-04-27T17:55:06","date_gmt":"2026-04-27T15:55:06","guid":{"rendered":"https:\/\/www.aibi.it\/coopaibc\/?p=4051"},"modified":"2026-04-27T17:55:06","modified_gmt":"2026-04-27T15:55:06","slug":"calore-accoglienza-vera","status":"publish","type":"post","link":"https:\/\/www.aibi.it\/coopaibc\/calore-accoglienza-vera\/","title":{"rendered":"Il calore dell\u2019accoglienza vera"},"content":{"rendered":"<h2>Intervista a Ettorina, la \u201ccustode dell\u2019accoglienza\u201d della\u00a0comunit\u00e0 familiare di Amici dei Bambini e della Cooperativa AIBC &#8220;L\u2019albero dei Koala&#8221;<\/h2>\n<p><!--more--><\/p>\n<p>\u201cL\u2019albero dei Koala\u201d \u00e8 una casa molto colorata e nelal quale l&#8217;amore lo si respira appena entrando. C&#8217;\u00e8 un muro in particolare, per\u00f2, che \u00e8 quello che porta incisi, fisicamente, i segni di tutto le storie che sono passate tra queste mura. \u00c8 il muro dove sono segnate le altezze dei bambini: una tacca dopo l&#8217;altra a testioniare una crescita fisica e non solo.<\/p>\n<h3>Disegni colorari<\/h3>\n<p>Oltre alle altezze, su un altro muro ci sono decine di disegni fatti da chi in questa comunit\u00e0 di accoglienza ha trovato un luogo sicuro e accogliente dove poter spiccare il volo verso una nuova vita: in una famiglia affidataria, adottiva, o in quella di origine, quando possibile.<br \/>\nA sovrintendere a tutte queste storie c&#8217;\u00e8 Ettorina, una persona che ha imparato da &#8220;aprire le porte&#8221; fin da quando era bambina: \u201cMia madre &#8211; racconta &#8211; mi ha sempre spinta a lavorare per la mia indipendenza ma anche ad avere cura degli altri. Cos\u00ec, il senso del dovere \u00e8 diventato una parte di me.<br \/>\nLei, a sua volta, ha condiviso tutto questo con le sue figlie che, oggi, diventate una infermiera e l&#8217;altra psicologa, condividono con lei la missione dell&#8217;accoglienza.<br \/>\nIn questa storia di generosit\u00e0, un fatto in particolare ha rappresentato una svolta importante: l\u2019accoglienza di un bambino di 8 anni con un disagio cognitivo. Sono state le figlie a dire, senza esitare: \u201cLo aiutiamo noi\u201d, e, oggi, quel bambino \u00e8 un giovane di 24 anni, <strong>figlio a tutti gli effetti <\/strong>e colonna portante di una casa che non smette di allargarsi.<\/p>\n<h3>Una &#8220;tappa&#8221; della vita che non si dimentica<\/h3>\n<p>La comunit\u00e0 familiare \u201cKoala\u201d, infatti, \u00e8 costituita da <strong>una famiglia che accoglie fino a cinque bambini<\/strong>, dai neonati di pochi mesi fino ai cinque anni di et\u00e0. Insieme agli educatori che supportano quotidianamente le attivit\u00e0, Ettorina vive le fatiche e le gioie di una <strong>genitorialit\u00e0 condivisa<\/strong>. Un ruolo delicato e prezioso che deve, da un lato, accompagnare bambine e bambini che gi\u00e0 hanno sofferto traumi e separazioni dalle figure adulte di riferimento, dall&#8217;altro restare anche, dove \u00e8 possibile, accanto alle famiglie d\u2019origine per favorire il rientro dei minori.<br \/>\n\u201cNoi siamo <strong>una specie di ponte<\/strong>\u201d precisa Ettorina, perch\u00e9 con la famiglia e le operatrici si contribuisce a preparare il terreno per futuri affidi, l\u2019adozione o il rientro a casa, garantendo ai bambini la serenit\u00e0 necessaria per affrontare il domani.<\/p>\n<p>E la bont\u00e0 di quanto si vive in questa casa \u00e8 testimoniato dai tanti bambini che, cresiuti, tornano per un saluto. &#8220;E la prima cosa che fanno &#8211; racconta Ettorina &#8211; \u00e8 correre nella stanza delle altezze per guardare quelle tacche sul muro, o rivedere il proprio disegno appeso nella stanza dei giochi\u201d.<br \/>\nSono tutti segni concreti di <strong>un\u2019accoglienza che non finisce mai<\/strong>. Sono la prova che ogni bambino passato\u00a0 da &#8220;L&#8217;albero dei Koala&#8221; rimarr\u00e0 per sempre, parte di una grande famiglia che sa guardare al futuro con fiducia.<\/p>\n","protected":false},"excerpt":{"rendered":"<p>Intervista a Ettorina, la &ldquo;custode dell&rsquo;accoglienza&rdquo; della&nbsp;comunit&agrave; familiare di Amici dei Bambini e della Cooperativa AIBC &ldquo;L&rsquo;albero dei Koala&rdquo;<\/p>\n","protected":false},"author":10,"featured_media":4052,"comment_status":"open","ping_status":"open","sticky":false,"template":"","format":"standard","meta":{"footnotes":""},"categories":[1],"tags":[49,68],"class_list":{"0":"post-4051","1":"post","2":"type-post","3":"status-publish","4":"format-standard","5":"has-post-thumbnail","7":"category-news","8":"tag-accoglienza","9":"tag-casa-famiglia"},"yoast_head":"<!-- This site is optimized with the Yoast SEO plugin v26.1.1 - https:\/\/yoast.com\/wordpress\/plugins\/seo\/ -->\n<title>Il calore dell\u2019accoglienza vera<\/title>\n<meta name=\"description\" content=\"Intervista a Ettorina, la \u201ccustode dell\u2019accoglienza\u201d della\u00a0comunit\u00e0 familiare di Ai.Bi. e della Cooperativa AIBC &quot;L\u2019albero dei Koala&quot;. Luogo di accoglienza vera\" \/>\n<meta name=\"robots\" content=\"index, follow, max-snippet:-1, max-image-preview:large, max-video-preview:-1\" \/>\n<link rel=\"canonical\" href=\"https:\/\/www.aibi.it\/coopaibc\/calore-accoglienza-vera\/\" \/>\n<meta property=\"og:locale\" content=\"it_IT\" \/>\n<meta property=\"og:type\" content=\"article\" \/>\n<meta property=\"og:title\" content=\"Il calore dell\u2019accoglienza vera\" \/>\n<meta property=\"og:description\" content=\"Intervista a Ettorina, la \u201ccustode dell\u2019accoglienza\u201d della\u00a0comunit\u00e0 familiare di Ai.Bi. e della Cooperativa AIBC &quot;L\u2019albero dei Koala&quot;. Luogo di accoglienza vera\" \/>\n<meta property=\"og:url\" content=\"https:\/\/www.aibi.it\/coopaibc\/calore-accoglienza-vera\/\" \/>\n<meta property=\"og:site_name\" content=\"AIBC\" \/>\n<meta property=\"article:published_time\" content=\"2026-04-27T15:55:06+00:00\" \/>\n<meta property=\"og:image\" content=\"https:\/\/www.aibi.it\/coopaibc\/wp-content\/uploads\/2026\/04\/albero-dei-koala-accoglienza-vera-AIBC.jpg\" \/>\n\t<meta property=\"og:image:width\" content=\"1200\" \/>\n\t<meta property=\"og:image:height\" content=\"630\" \/>\n\t<meta property=\"og:image:type\" content=\"image\/jpeg\" \/>\n<meta name=\"author\" content=\"francescoE\" \/>\n<meta name=\"twitter:card\" content=\"summary_large_image\" \/>\n<meta name=\"twitter:label1\" content=\"Scritto da\" \/>\n\t<meta name=\"twitter:data1\" content=\"francescoE\" \/>\n\t<meta name=\"twitter:label2\" content=\"Tempo di lettura stimato\" \/>\n\t<meta name=\"twitter:data2\" content=\"3 minuti\" \/>\n<script type=\"application\/ld+json\" class=\"yoast-schema-graph\">{\"@context\":\"https:\/\/schema.org\",\"@graph\":[{\"@type\":\"Article\",\"@id\":\"https:\/\/www.aibi.it\/coopaibc\/calore-accoglienza-vera\/#article\",\"isPartOf\":{\"@id\":\"https:\/\/www.aibi.it\/coopaibc\/calore-accoglienza-vera\/\"},\"author\":{\"name\":\"francescoE\",\"@id\":\"https:\/\/www.aibi.it\/coopaibc\/#\/schema\/person\/29ad36869e080d9e3fe4cf7707235543\"},\"headline\":\"Il calore dell\u2019accoglienza vera\",\"datePublished\":\"2026-04-27T15:55:06+00:00\",\"mainEntityOfPage\":{\"@id\":\"https:\/\/www.aibi.it\/coopaibc\/calore-accoglienza-vera\/\"},\"wordCount\":503,\"commentCount\":0,\"publisher\":{\"@id\":\"https:\/\/www.aibi.it\/coopaibc\/#organization\"},\"image\":{\"@id\":\"https:\/\/www.aibi.it\/coopaibc\/calore-accoglienza-vera\/#primaryimage\"},\"thumbnailUrl\":\"https:\/\/www.aibi.it\/coopaibc\/wp-content\/uploads\/2026\/04\/albero-dei-koala-accoglienza-vera-AIBC.jpg\",\"keywords\":[\"accoglienza\",\"casa famiglia\"],\"articleSection\":[\"News\"],\"inLanguage\":\"it-IT\",\"potentialAction\":[{\"@type\":\"CommentAction\",\"name\":\"Comment\",\"target\":[\"https:\/\/www.aibi.it\/coopaibc\/calore-accoglienza-vera\/#respond\"]}]},{\"@type\":\"WebPage\",\"@id\":\"https:\/\/www.aibi.it\/coopaibc\/calore-accoglienza-vera\/\",\"url\":\"https:\/\/www.aibi.it\/coopaibc\/calore-accoglienza-vera\/\",\"name\":\"Il calore dell\u2019accoglienza vera\",\"isPartOf\":{\"@id\":\"https:\/\/www.aibi.it\/coopaibc\/#website\"},\"primaryImageOfPage\":{\"@id\":\"https:\/\/www.aibi.it\/coopaibc\/calore-accoglienza-vera\/#primaryimage\"},\"image\":{\"@id\":\"https:\/\/www.aibi.it\/coopaibc\/calore-accoglienza-vera\/#primaryimage\"},\"thumbnailUrl\":\"https:\/\/www.aibi.it\/coopaibc\/wp-content\/uploads\/2026\/04\/albero-dei-koala-accoglienza-vera-AIBC.jpg\",\"datePublished\":\"2026-04-27T15:55:06+00:00\",\"description\":\"Intervista a Ettorina, la \u201ccustode dell\u2019accoglienza\u201d della\u00a0comunit\u00e0 familiare di Ai.Bi. e della Cooperativa AIBC \\\"L\u2019albero dei Koala\\\". Luogo di accoglienza vera\",\"breadcrumb\":{\"@id\":\"https:\/\/www.aibi.it\/coopaibc\/calore-accoglienza-vera\/#breadcrumb\"},\"inLanguage\":\"it-IT\",\"potentialAction\":[{\"@type\":\"ReadAction\",\"target\":[\"https:\/\/www.aibi.it\/coopaibc\/calore-accoglienza-vera\/\"]}]},{\"@type\":\"ImageObject\",\"inLanguage\":\"it-IT\",\"@id\":\"https:\/\/www.aibi.it\/coopaibc\/calore-accoglienza-vera\/#primaryimage\",\"url\":\"https:\/\/www.aibi.it\/coopaibc\/wp-content\/uploads\/2026\/04\/albero-dei-koala-accoglienza-vera-AIBC.jpg\",\"contentUrl\":\"https:\/\/www.aibi.it\/coopaibc\/wp-content\/uploads\/2026\/04\/albero-dei-koala-accoglienza-vera-AIBC.jpg\",\"width\":1200,\"height\":630},{\"@type\":\"BreadcrumbList\",\"@id\":\"https:\/\/www.aibi.it\/coopaibc\/calore-accoglienza-vera\/#breadcrumb\",\"itemListElement\":[{\"@type\":\"ListItem\",\"position\":1,\"name\":\"Home\",\"item\":\"https:\/\/www.aibi.it\/coopaibc\/\"},{\"@type\":\"ListItem\",\"position\":2,\"name\":\"Il calore dell\u2019accoglienza vera\"}]},{\"@type\":\"WebSite\",\"@id\":\"https:\/\/www.aibi.it\/coopaibc\/#website\",\"url\":\"https:\/\/www.aibi.it\/coopaibc\/\",\"name\":\"AIBC\",\"description\":\"Cooperativa Sociale\",\"publisher\":{\"@id\":\"https:\/\/www.aibi.it\/coopaibc\/#organization\"},\"potentialAction\":[{\"@type\":\"SearchAction\",\"target\":{\"@type\":\"EntryPoint\",\"urlTemplate\":\"https:\/\/www.aibi.it\/coopaibc\/?s={search_term_string}\"},\"query-input\":{\"@type\":\"PropertyValueSpecification\",\"valueRequired\":true,\"valueName\":\"search_term_string\"}}],\"inLanguage\":\"it-IT\"},{\"@type\":\"Organization\",\"@id\":\"https:\/\/www.aibi.it\/coopaibc\/#organization\",\"name\":\"AIBC\",\"url\":\"https:\/\/www.aibi.it\/coopaibc\/\",\"logo\":{\"@type\":\"ImageObject\",\"inLanguage\":\"it-IT\",\"@id\":\"https:\/\/www.aibi.it\/coopaibc\/#\/schema\/logo\/image\/\",\"url\":\"https:\/\/www.aibi.it\/coopaibc\/wp-content\/uploads\/2016\/11\/cropped-logo-aibc-arancio-neg-150-1.png\",\"contentUrl\":\"https:\/\/www.aibi.it\/coopaibc\/wp-content\/uploads\/2016\/11\/cropped-logo-aibc-arancio-neg-150-1.png\",\"width\":150,\"height\":88,\"caption\":\"AIBC\"},\"image\":{\"@id\":\"https:\/\/www.aibi.it\/coopaibc\/#\/schema\/logo\/image\/\"}},{\"@type\":\"Person\",\"@id\":\"https:\/\/www.aibi.it\/coopaibc\/#\/schema\/person\/29ad36869e080d9e3fe4cf7707235543\",\"name\":\"francescoE\",\"image\":{\"@type\":\"ImageObject\",\"inLanguage\":\"it-IT\",\"@id\":\"https:\/\/www.aibi.it\/coopaibc\/#\/schema\/person\/image\/\",\"url\":\"https:\/\/secure.gravatar.com\/avatar\/eb25bc3259115f3cc20fd1978e06816ae94cd44934e33996da7a734be3641d43?s=96&d=mm&r=g\",\"contentUrl\":\"https:\/\/secure.gravatar.com\/avatar\/eb25bc3259115f3cc20fd1978e06816ae94cd44934e33996da7a734be3641d43?s=96&d=mm&r=g\",\"caption\":\"francescoE\"},\"url\":\"https:\/\/www.aibi.it\/coopaibc\/author\/francescoe\/\"}]}<\/script>\n<!-- \/ Yoast SEO plugin. -->","yoast_head_json":{"title":"Il calore dell\u2019accoglienza vera","description":"Intervista a Ettorina, la \u201ccustode dell\u2019accoglienza\u201d della\u00a0comunit\u00e0 familiare di Ai.Bi. e della Cooperativa AIBC \"L\u2019albero dei Koala\". Luogo di accoglienza vera","robots":{"index":"index","follow":"follow","max-snippet":"max-snippet:-1","max-image-preview":"max-image-preview:large","max-video-preview":"max-video-preview:-1"},"canonical":"https:\/\/www.aibi.it\/coopaibc\/calore-accoglienza-vera\/","og_locale":"it_IT","og_type":"article","og_title":"Il calore dell\u2019accoglienza vera","og_description":"Intervista a Ettorina, la \u201ccustode dell\u2019accoglienza\u201d della\u00a0comunit\u00e0 familiare di Ai.Bi. e della Cooperativa AIBC \"L\u2019albero dei Koala\". Luogo di accoglienza vera","og_url":"https:\/\/www.aibi.it\/coopaibc\/calore-accoglienza-vera\/","og_site_name":"AIBC","article_published_time":"2026-04-27T15:55:06+00:00","og_image":[{"width":1200,"height":630,"url":"https:\/\/www.aibi.it\/coopaibc\/wp-content\/uploads\/2026\/04\/albero-dei-koala-accoglienza-vera-AIBC.jpg","type":"image\/jpeg"}],"author":"francescoE","twitter_card":"summary_large_image","twitter_misc":{"Scritto da":"francescoE","Tempo di lettura stimato":"3 minuti"},"schema":{"@context":"https:\/\/schema.org","@graph":[{"@type":"Article","@id":"https:\/\/www.aibi.it\/coopaibc\/calore-accoglienza-vera\/#article","isPartOf":{"@id":"https:\/\/www.aibi.it\/coopaibc\/calore-accoglienza-vera\/"},"author":{"name":"francescoE","@id":"https:\/\/www.aibi.it\/coopaibc\/#\/schema\/person\/29ad36869e080d9e3fe4cf7707235543"},"headline":"Il calore dell\u2019accoglienza vera","datePublished":"2026-04-27T15:55:06+00:00","mainEntityOfPage":{"@id":"https:\/\/www.aibi.it\/coopaibc\/calore-accoglienza-vera\/"},"wordCount":503,"commentCount":0,"publisher":{"@id":"https:\/\/www.aibi.it\/coopaibc\/#organization"},"image":{"@id":"https:\/\/www.aibi.it\/coopaibc\/calore-accoglienza-vera\/#primaryimage"},"thumbnailUrl":"https:\/\/www.aibi.it\/coopaibc\/wp-content\/uploads\/2026\/04\/albero-dei-koala-accoglienza-vera-AIBC.jpg","keywords":["accoglienza","casa famiglia"],"articleSection":["News"],"inLanguage":"it-IT","potentialAction":[{"@type":"CommentAction","name":"Comment","target":["https:\/\/www.aibi.it\/coopaibc\/calore-accoglienza-vera\/#respond"]}]},{"@type":"WebPage","@id":"https:\/\/www.aibi.it\/coopaibc\/calore-accoglienza-vera\/","url":"https:\/\/www.aibi.it\/coopaibc\/calore-accoglienza-vera\/","name":"Il calore dell\u2019accoglienza vera","isPartOf":{"@id":"https:\/\/www.aibi.it\/coopaibc\/#website"},"primaryImageOfPage":{"@id":"https:\/\/www.aibi.it\/coopaibc\/calore-accoglienza-vera\/#primaryimage"},"image":{"@id":"https:\/\/www.aibi.it\/coopaibc\/calore-accoglienza-vera\/#primaryimage"},"thumbnailUrl":"https:\/\/www.aibi.it\/coopaibc\/wp-content\/uploads\/2026\/04\/albero-dei-koala-accoglienza-vera-AIBC.jpg","datePublished":"2026-04-27T15:55:06+00:00","description":"Intervista a Ettorina, la \u201ccustode dell\u2019accoglienza\u201d della\u00a0comunit\u00e0 familiare di Ai.Bi. e della Cooperativa AIBC \"L\u2019albero dei Koala\". Luogo di accoglienza vera","breadcrumb":{"@id":"https:\/\/www.aibi.it\/coopaibc\/calore-accoglienza-vera\/#breadcrumb"},"inLanguage":"it-IT","potentialAction":[{"@type":"ReadAction","target":["https:\/\/www.aibi.it\/coopaibc\/calore-accoglienza-vera\/"]}]},{"@type":"ImageObject","inLanguage":"it-IT","@id":"https:\/\/www.aibi.it\/coopaibc\/calore-accoglienza-vera\/#primaryimage","url":"https:\/\/www.aibi.it\/coopaibc\/wp-content\/uploads\/2026\/04\/albero-dei-koala-accoglienza-vera-AIBC.jpg","contentUrl":"https:\/\/www.aibi.it\/coopaibc\/wp-content\/uploads\/2026\/04\/albero-dei-koala-accoglienza-vera-AIBC.jpg","width":1200,"height":630},{"@type":"BreadcrumbList","@id":"https:\/\/www.aibi.it\/coopaibc\/calore-accoglienza-vera\/#breadcrumb","itemListElement":[{"@type":"ListItem","position":1,"name":"Home","item":"https:\/\/www.aibi.it\/coopaibc\/"},{"@type":"ListItem","position":2,"name":"Il calore dell\u2019accoglienza vera"}]},{"@type":"WebSite","@id":"https:\/\/www.aibi.it\/coopaibc\/#website","url":"https:\/\/www.aibi.it\/coopaibc\/","name":"AIBC","description":"Cooperativa Sociale","publisher":{"@id":"https:\/\/www.aibi.it\/coopaibc\/#organization"},"potentialAction":[{"@type":"SearchAction","target":{"@type":"EntryPoint","urlTemplate":"https:\/\/www.aibi.it\/coopaibc\/?s={search_term_string}"},"query-input":{"@type":"PropertyValueSpecification","valueRequired":true,"valueName":"search_term_string"}}],"inLanguage":"it-IT"},{"@type":"Organization","@id":"https:\/\/www.aibi.it\/coopaibc\/#organization","name":"AIBC","url":"https:\/\/www.aibi.it\/coopaibc\/","logo":{"@type":"ImageObject","inLanguage":"it-IT","@id":"https:\/\/www.aibi.it\/coopaibc\/#\/schema\/logo\/image\/","url":"https:\/\/www.aibi.it\/coopaibc\/wp-content\/uploads\/2016\/11\/cropped-logo-aibc-arancio-neg-150-1.png","contentUrl":"https:\/\/www.aibi.it\/coopaibc\/wp-content\/uploads\/2016\/11\/cropped-logo-aibc-arancio-neg-150-1.png","width":150,"height":88,"caption":"AIBC"},"image":{"@id":"https:\/\/www.aibi.it\/coopaibc\/#\/schema\/logo\/image\/"}},{"@type":"Person","@id":"https:\/\/www.aibi.it\/coopaibc\/#\/schema\/person\/29ad36869e080d9e3fe4cf7707235543","name":"francescoE","image":{"@type":"ImageObject","inLanguage":"it-IT","@id":"https:\/\/www.aibi.it\/coopaibc\/#\/schema\/person\/image\/","url":"https:\/\/secure.gravatar.com\/avatar\/eb25bc3259115f3cc20fd1978e06816ae94cd44934e33996da7a734be3641d43?s=96&d=mm&r=g","contentUrl":"https:\/\/secure.gravatar.com\/avatar\/eb25bc3259115f3cc20fd1978e06816ae94cd44934e33996da7a734be3641d43?s=96&d=mm&r=g","caption":"francescoE"},"url":"https:\/\/www.aibi.it\/coopaibc\/author\/francescoe\/"}]}},"_links":{"self":[{"href":"https:\/\/www.aibi.it\/coopaibc\/wp-json\/wp\/v2\/posts\/4051","targetHints":{"allow":["GET"]}}],"collection":[{"href":"https:\/\/www.aibi.it\/coopaibc\/wp-json\/wp\/v2\/posts"}],"about":[{"href":"https:\/\/www.aibi.it\/coopaibc\/wp-json\/wp\/v2\/types\/post"}],"author":[{"embeddable":true,"href":"https:\/\/www.aibi.it\/coopaibc\/wp-json\/wp\/v2\/users\/10"}],"replies":[{"embeddable":true,"href":"https:\/\/www.aibi.it\/coopaibc\/wp-json\/wp\/v2\/comments?post=4051"}],"version-history":[{"count":1,"href":"https:\/\/www.aibi.it\/coopaibc\/wp-json\/wp\/v2\/posts\/4051\/revisions"}],"predecessor-version":[{"id":4053,"href":"https:\/\/www.aibi.it\/coopaibc\/wp-json\/wp\/v2\/posts\/4051\/revisions\/4053"}],"wp:featuredmedia":[{"embeddable":true,"href":"https:\/\/www.aibi.it\/coopaibc\/wp-json\/wp\/v2\/media\/4052"}],"wp:attachment":[{"href":"https:\/\/www.aibi.it\/coopaibc\/wp-json\/wp\/v2\/media?parent=4051"}],"wp:term":[{"taxonomy":"category","embeddable":true,"href":"https:\/\/www.aibi.it\/coopaibc\/wp-json\/wp\/v2\/categories?post=4051"},{"taxonomy":"post_tag","embeddable":true,"href":"https:\/\/www.aibi.it\/coopaibc\/wp-json\/wp\/v2\/tags?post=4051"}],"curies":[{"name":"wp","href":"https:\/\/api.w.org\/{rel}","templated":true}]}}