{"id":4162,"date":"2026-09-01T09:57:03","date_gmt":"2026-09-01T07:57:03","guid":{"rendered":"https:\/\/www.aibi.it\/coopaibc\/?p=4162"},"modified":"2026-09-01T09:57:03","modified_gmt":"2026-09-01T07:57:03","slug":"appello-affido-sogno-famiglia","status":"publish","type":"post","link":"https:\/\/www.aibi.it\/coopaibc\/appello-affido-sogno-famiglia\/","title":{"rendered":"Appello Affido. Il sogno di Margherita, 4 anni, \u00e8 una famiglia"},"content":{"rendered":"<h2>Dopo tanti bambini accolti, un\u2019operatrice racconta l\u2019attesa di una bambina che cerca una mamma e un pap\u00e0 capaci di accompagnarla nel suo percorso di crescita<\/h2>\n<p><!--more--><\/p>\n<p>Lavoro nel sociale da molti anni. Mi sono occupata di sistemare case di accoglienza, avviare progetti di sostegno e accompagnare tante realt\u00e0 familiari. Ho incontrato moltissimi bambini, famiglie fragili e famiglie accoglienti. Dovrei essere un po\u2019 corazzata\u2026 e invece no.<br \/>\nOgni volta che non si riesce a trovare una soluzione per un bambino che aspetta una famiglia, non riesco a darmi pace.<br \/>\nSta succedendo anche con Margherita. Ha 4 anni e la conosco da sempre. \u00c8 una bambina speciale, ma per lei non siamo ancora riusciti a trovare la risorsa giusta.<br \/>\nQuando vado a trovarla, mi corre incontro, mi salta in braccio e appoggia la testa sulla mia spalla. Accetta volentieri qualche coccola, poi solleva lo sguardo e mi fissa con due occhi che sembrano chiedere: \u201cHai trovato qualcuno per me?\u201d.<br \/>\nOgni volta che un altro bambino trova una famiglia e \u201cparte\u201d, lei domanda quando arriver\u00e0 anche il suo momento.<br \/>\nAbbiamo gi\u00e0 lanciato un appello per lei, ma ancora non si \u00e8 fatta avanti la persona giusta. Cos\u00ec ho pensato di riscriverlo, provando a raccontarla attraverso i momenti vissuti insieme e immaginando le parole con cui lei stessa potrebbe presentarsi.<\/p>\n<blockquote><p>Mi chiamo Margherita e sono carina e delicata come un fiore.<br \/>\nHo quattro anni, anche se \u00e8 un po\u2019 come se ne avessi tre\u2026 perch\u00e9 il mio primo anno di vita \u00e8 stato difficile.<br \/>\nSono nata molto piccola e ho fatto fatica a crescere. Forse anche perch\u00e9 sono un po\u2019 testona e mangiare non \u00e8 proprio la mia attivit\u00e0 preferita. Io preferisco parlare, stare con gli altri bambini e scoprire il mondo.<br \/>\nMi piace colorare, ballare, saltare e cantare. Mi piace anche fare la nanna: ho bisogno di dormire tanto per avere tutte le energie necessarie per giocare.<br \/>\nFrequento la scuola dell\u2019infanzia e faccio anche psicomotricit\u00e0. Mi piace molto andarci: \u00e8 un po\u2019 come fare ginnastica e quando torno mi sento stanca, ma anche libera e felice.<br \/>\nVedo i miei genitori ogni settimana. A loro voglio bene, ma so che per il momento non posso vivere con loro, perch\u00e9 non riescono a prendersi cura di me come avrei bisogno.<br \/>\nVorrei per\u00f2 avere una mamma e un pap\u00e0 \u201cnuovi\u201d, che mi siano accanto, mi proteggano e mi accompagnino mentre divento grande.<\/p><\/blockquote>\n<p>Queste sono le parole che ho immaginato per lei. Le ho scritte, rilette e poi\u2026 anche se mi considero una persona \u201ccorazzata\u201d, mi \u00e8 scappato un sorriso pieno di affetto. Un sorriso che ha trattenuto a fatica quel nodo in gola che arriva ogni volta che penso a quanto Margherita stia aspettando.<\/p>\n<h3>Un appello per trovare la famiglia giusta<\/h3>\n<p>Per Margherita si cerca una famiglia affidataria residente nelle province di Milano, Pavia, Varese o Como.<br \/>\nChi desidera offrire la propria disponibilit\u00e0 pu\u00f2 contattare il servizio di riferimento scrivendo a:\u00a0<a href=\"mailto:affidi.saronno@proges.it\">affidi.saronno@proges.it<\/a><\/p>\n","protected":false},"excerpt":{"rendered":"<p>Dopo tanti bambini accolti, un&rsquo;operatrice racconta l&rsquo;attesa di una bambina che cerca una mamma e un pap&agrave; capaci di accompagnarla nel suo percorso di crescita<\/p>\n","protected":false},"author":10,"featured_media":4164,"comment_status":"open","ping_status":"open","sticky":false,"template":"","format":"standard","meta":{"footnotes":""},"categories":[1],"tags":[30],"class_list":{"0":"post-4162","1":"post","2":"type-post","3":"status-publish","4":"format-standard","5":"has-post-thumbnail","7":"category-news","8":"tag-affido"},"yoast_head":"<!-- This site is optimized with the Yoast SEO plugin v26.1.1 - https:\/\/yoast.com\/wordpress\/plugins\/seo\/ -->\n<title>Appello Affido. Il sogno di Margherita, 4 anni, \u00e8 una famiglia<\/title>\n<meta name=\"robots\" content=\"noindex, nofollow\" \/>\n<meta property=\"og:locale\" content=\"it_IT\" \/>\n<meta property=\"og:type\" content=\"article\" \/>\n<meta property=\"og:title\" content=\"Appello Affido. Il sogno di Margherita, 4 anni, \u00e8 una famiglia\" \/>\n<meta property=\"og:description\" content=\"Dopo tanti bambini accolti, un&rsquo;operatrice racconta l&rsquo;attesa di una bambina che cerca una mamma e un pap&agrave; capaci di accompagnarla nel suo percorso di crescita\" \/>\n<meta property=\"og:url\" content=\"https:\/\/www.aibi.it\/ita\/appello-affido-sogno-margherita-famiglia\/\" \/>\n<meta property=\"og:site_name\" content=\"AIBC\" \/>\n<meta property=\"article:published_time\" content=\"2026-09-01T07:57:03+00:00\" \/>\n<meta property=\"og:image\" content=\"https:\/\/www.aibi.it\/coopaibc\/wp-content\/uploads\/2026\/09\/appello-affido-bambina_Margherita.jpg\" \/>\n\t<meta property=\"og:image:width\" content=\"1200\" \/>\n\t<meta property=\"og:image:height\" content=\"630\" \/>\n\t<meta property=\"og:image:type\" content=\"image\/jpeg\" \/>\n<meta name=\"author\" content=\"francescoE\" \/>\n<meta name=\"twitter:card\" content=\"summary_large_image\" \/>\n<meta name=\"twitter:label1\" content=\"Scritto da\" \/>\n\t<meta name=\"twitter:data1\" content=\"francescoE\" \/>\n\t<meta name=\"twitter:label2\" content=\"Tempo di lettura stimato\" \/>\n\t<meta name=\"twitter:data2\" content=\"2 minuti\" \/>\n<script type=\"application\/ld+json\" class=\"yoast-schema-graph\">{\"@context\":\"https:\/\/schema.org\",\"@graph\":[{\"@type\":\"Article\",\"@id\":\"https:\/\/www.aibi.it\/ita\/appello-affido-sogno-margherita-famiglia\/#article\",\"isPartOf\":{\"@id\":\"https:\/\/www.aibi.it\/coopaibc\/appello-affido-sogno-famiglia\/\"},\"author\":{\"name\":\"francescoE\",\"@id\":\"https:\/\/www.aibi.it\/coopaibc\/#\/schema\/person\/29ad36869e080d9e3fe4cf7707235543\"},\"headline\":\"Appello Affido. Il sogno di Margherita, 4 anni, \u00e8 una famiglia\",\"datePublished\":\"2026-09-01T07:57:03+00:00\",\"mainEntityOfPage\":{\"@id\":\"https:\/\/www.aibi.it\/coopaibc\/appello-affido-sogno-famiglia\/\"},\"wordCount\":492,\"commentCount\":0,\"publisher\":{\"@id\":\"https:\/\/www.aibi.it\/coopaibc\/#organization\"},\"image\":{\"@id\":\"https:\/\/www.aibi.it\/ita\/appello-affido-sogno-margherita-famiglia\/#primaryimage\"},\"thumbnailUrl\":\"https:\/\/www.aibi.it\/coopaibc\/wp-content\/uploads\/2026\/09\/appello-affido-bambina_Margherita.jpg\",\"keywords\":[\"affido\"],\"articleSection\":[\"News\"],\"inLanguage\":\"it-IT\",\"potentialAction\":[{\"@type\":\"CommentAction\",\"name\":\"Comment\",\"target\":[\"https:\/\/www.aibi.it\/ita\/appello-affido-sogno-margherita-famiglia\/#respond\"]}]},{\"@type\":\"WebPage\",\"@id\":\"https:\/\/www.aibi.it\/coopaibc\/appello-affido-sogno-famiglia\/\",\"url\":\"https:\/\/www.aibi.it\/ita\/appello-affido-sogno-margherita-famiglia\/\",\"name\":\"Appello Affido. Il sogno di Margherita, 4 anni, \u00e8 una famiglia\",\"isPartOf\":{\"@id\":\"https:\/\/www.aibi.it\/coopaibc\/#website\"},\"primaryImageOfPage\":{\"@id\":\"https:\/\/www.aibi.it\/ita\/appello-affido-sogno-margherita-famiglia\/#primaryimage\"},\"image\":{\"@id\":\"https:\/\/www.aibi.it\/ita\/appello-affido-sogno-margherita-famiglia\/#primaryimage\"},\"thumbnailUrl\":\"https:\/\/www.aibi.it\/coopaibc\/wp-content\/uploads\/2026\/09\/appello-affido-bambina_Margherita.jpg\",\"datePublished\":\"2026-09-01T07:57:03+00:00\",\"breadcrumb\":{\"@id\":\"https:\/\/www.aibi.it\/ita\/appello-affido-sogno-margherita-famiglia\/#breadcrumb\"},\"inLanguage\":\"it-IT\",\"potentialAction\":[{\"@type\":\"ReadAction\",\"target\":[\"https:\/\/www.aibi.it\/ita\/appello-affido-sogno-margherita-famiglia\/\"]}]},{\"@type\":\"ImageObject\",\"inLanguage\":\"it-IT\",\"@id\":\"https:\/\/www.aibi.it\/ita\/appello-affido-sogno-margherita-famiglia\/#primaryimage\",\"url\":\"https:\/\/www.aibi.it\/coopaibc\/wp-content\/uploads\/2026\/09\/appello-affido-bambina_Margherita.jpg\",\"contentUrl\":\"https:\/\/www.aibi.it\/coopaibc\/wp-content\/uploads\/2026\/09\/appello-affido-bambina_Margherita.jpg\",\"width\":1200,\"height\":630},{\"@type\":\"BreadcrumbList\",\"@id\":\"https:\/\/www.aibi.it\/ita\/appello-affido-sogno-margherita-famiglia\/#breadcrumb\",\"itemListElement\":[{\"@type\":\"ListItem\",\"position\":1,\"name\":\"Home\",\"item\":\"https:\/\/www.aibi.it\/coopaibc\/\"},{\"@type\":\"ListItem\",\"position\":2,\"name\":\"Appello Affido. Il sogno di Margherita, 4 anni, \u00e8 una famiglia\"}]},{\"@type\":\"WebSite\",\"@id\":\"https:\/\/www.aibi.it\/coopaibc\/#website\",\"url\":\"https:\/\/www.aibi.it\/coopaibc\/\",\"name\":\"AIBC\",\"description\":\"Cooperativa Sociale\",\"publisher\":{\"@id\":\"https:\/\/www.aibi.it\/coopaibc\/#organization\"},\"potentialAction\":[{\"@type\":\"SearchAction\",\"target\":{\"@type\":\"EntryPoint\",\"urlTemplate\":\"https:\/\/www.aibi.it\/coopaibc\/?s={search_term_string}\"},\"query-input\":{\"@type\":\"PropertyValueSpecification\",\"valueRequired\":true,\"valueName\":\"search_term_string\"}}],\"inLanguage\":\"it-IT\"},{\"@type\":\"Organization\",\"@id\":\"https:\/\/www.aibi.it\/coopaibc\/#organization\",\"name\":\"AIBC\",\"url\":\"https:\/\/www.aibi.it\/coopaibc\/\",\"logo\":{\"@type\":\"ImageObject\",\"inLanguage\":\"it-IT\",\"@id\":\"https:\/\/www.aibi.it\/coopaibc\/#\/schema\/logo\/image\/\",\"url\":\"https:\/\/www.aibi.it\/coopaibc\/wp-content\/uploads\/2016\/11\/cropped-logo-aibc-arancio-neg-150-1.png\",\"contentUrl\":\"https:\/\/www.aibi.it\/coopaibc\/wp-content\/uploads\/2016\/11\/cropped-logo-aibc-arancio-neg-150-1.png\",\"width\":150,\"height\":88,\"caption\":\"AIBC\"},\"image\":{\"@id\":\"https:\/\/www.aibi.it\/coopaibc\/#\/schema\/logo\/image\/\"}},{\"@type\":\"Person\",\"@id\":\"https:\/\/www.aibi.it\/coopaibc\/#\/schema\/person\/29ad36869e080d9e3fe4cf7707235543\",\"name\":\"francescoE\",\"image\":{\"@type\":\"ImageObject\",\"inLanguage\":\"it-IT\",\"@id\":\"https:\/\/www.aibi.it\/coopaibc\/#\/schema\/person\/image\/\",\"url\":\"https:\/\/secure.gravatar.com\/avatar\/eb25bc3259115f3cc20fd1978e06816ae94cd44934e33996da7a734be3641d43?s=96&d=mm&r=g\",\"contentUrl\":\"https:\/\/secure.gravatar.com\/avatar\/eb25bc3259115f3cc20fd1978e06816ae94cd44934e33996da7a734be3641d43?s=96&d=mm&r=g\",\"caption\":\"francescoE\"},\"url\":\"https:\/\/www.aibi.it\/coopaibc\/author\/francescoe\/\"}]}<\/script>\n<!-- \/ Yoast SEO plugin. -->","yoast_head_json":{"title":"Appello Affido. Il sogno di Margherita, 4 anni, \u00e8 una famiglia","robots":{"index":"noindex","follow":"nofollow"},"og_locale":"it_IT","og_type":"article","og_title":"Appello Affido. Il sogno di Margherita, 4 anni, \u00e8 una famiglia","og_description":"Dopo tanti bambini accolti, un&rsquo;operatrice racconta l&rsquo;attesa di una bambina che cerca una mamma e un pap&agrave; capaci di accompagnarla nel suo percorso di crescita","og_url":"https:\/\/www.aibi.it\/ita\/appello-affido-sogno-margherita-famiglia\/","og_site_name":"AIBC","article_published_time":"2026-09-01T07:57:03+00:00","og_image":[{"width":1200,"height":630,"url":"https:\/\/www.aibi.it\/coopaibc\/wp-content\/uploads\/2026\/09\/appello-affido-bambina_Margherita.jpg","type":"image\/jpeg"}],"author":"francescoE","twitter_card":"summary_large_image","twitter_misc":{"Scritto da":"francescoE","Tempo di lettura stimato":"2 minuti"},"schema":{"@context":"https:\/\/schema.org","@graph":[{"@type":"Article","@id":"https:\/\/www.aibi.it\/ita\/appello-affido-sogno-margherita-famiglia\/#article","isPartOf":{"@id":"https:\/\/www.aibi.it\/coopaibc\/appello-affido-sogno-famiglia\/"},"author":{"name":"francescoE","@id":"https:\/\/www.aibi.it\/coopaibc\/#\/schema\/person\/29ad36869e080d9e3fe4cf7707235543"},"headline":"Appello Affido. Il sogno di Margherita, 4 anni, \u00e8 una famiglia","datePublished":"2026-09-01T07:57:03+00:00","mainEntityOfPage":{"@id":"https:\/\/www.aibi.it\/coopaibc\/appello-affido-sogno-famiglia\/"},"wordCount":492,"commentCount":0,"publisher":{"@id":"https:\/\/www.aibi.it\/coopaibc\/#organization"},"image":{"@id":"https:\/\/www.aibi.it\/ita\/appello-affido-sogno-margherita-famiglia\/#primaryimage"},"thumbnailUrl":"https:\/\/www.aibi.it\/coopaibc\/wp-content\/uploads\/2026\/09\/appello-affido-bambina_Margherita.jpg","keywords":["affido"],"articleSection":["News"],"inLanguage":"it-IT","potentialAction":[{"@type":"CommentAction","name":"Comment","target":["https:\/\/www.aibi.it\/ita\/appello-affido-sogno-margherita-famiglia\/#respond"]}]},{"@type":"WebPage","@id":"https:\/\/www.aibi.it\/coopaibc\/appello-affido-sogno-famiglia\/","url":"https:\/\/www.aibi.it\/ita\/appello-affido-sogno-margherita-famiglia\/","name":"Appello Affido. Il sogno di Margherita, 4 anni, \u00e8 una famiglia","isPartOf":{"@id":"https:\/\/www.aibi.it\/coopaibc\/#website"},"primaryImageOfPage":{"@id":"https:\/\/www.aibi.it\/ita\/appello-affido-sogno-margherita-famiglia\/#primaryimage"},"image":{"@id":"https:\/\/www.aibi.it\/ita\/appello-affido-sogno-margherita-famiglia\/#primaryimage"},"thumbnailUrl":"https:\/\/www.aibi.it\/coopaibc\/wp-content\/uploads\/2026\/09\/appello-affido-bambina_Margherita.jpg","datePublished":"2026-09-01T07:57:03+00:00","breadcrumb":{"@id":"https:\/\/www.aibi.it\/ita\/appello-affido-sogno-margherita-famiglia\/#breadcrumb"},"inLanguage":"it-IT","potentialAction":[{"@type":"ReadAction","target":["https:\/\/www.aibi.it\/ita\/appello-affido-sogno-margherita-famiglia\/"]}]},{"@type":"ImageObject","inLanguage":"it-IT","@id":"https:\/\/www.aibi.it\/ita\/appello-affido-sogno-margherita-famiglia\/#primaryimage","url":"https:\/\/www.aibi.it\/coopaibc\/wp-content\/uploads\/2026\/09\/appello-affido-bambina_Margherita.jpg","contentUrl":"https:\/\/www.aibi.it\/coopaibc\/wp-content\/uploads\/2026\/09\/appello-affido-bambina_Margherita.jpg","width":1200,"height":630},{"@type":"BreadcrumbList","@id":"https:\/\/www.aibi.it\/ita\/appello-affido-sogno-margherita-famiglia\/#breadcrumb","itemListElement":[{"@type":"ListItem","position":1,"name":"Home","item":"https:\/\/www.aibi.it\/coopaibc\/"},{"@type":"ListItem","position":2,"name":"Appello Affido. Il sogno di Margherita, 4 anni, \u00e8 una famiglia"}]},{"@type":"WebSite","@id":"https:\/\/www.aibi.it\/coopaibc\/#website","url":"https:\/\/www.aibi.it\/coopaibc\/","name":"AIBC","description":"Cooperativa Sociale","publisher":{"@id":"https:\/\/www.aibi.it\/coopaibc\/#organization"},"potentialAction":[{"@type":"SearchAction","target":{"@type":"EntryPoint","urlTemplate":"https:\/\/www.aibi.it\/coopaibc\/?s={search_term_string}"},"query-input":{"@type":"PropertyValueSpecification","valueRequired":true,"valueName":"search_term_string"}}],"inLanguage":"it-IT"},{"@type":"Organization","@id":"https:\/\/www.aibi.it\/coopaibc\/#organization","name":"AIBC","url":"https:\/\/www.aibi.it\/coopaibc\/","logo":{"@type":"ImageObject","inLanguage":"it-IT","@id":"https:\/\/www.aibi.it\/coopaibc\/#\/schema\/logo\/image\/","url":"https:\/\/www.aibi.it\/coopaibc\/wp-content\/uploads\/2016\/11\/cropped-logo-aibc-arancio-neg-150-1.png","contentUrl":"https:\/\/www.aibi.it\/coopaibc\/wp-content\/uploads\/2016\/11\/cropped-logo-aibc-arancio-neg-150-1.png","width":150,"height":88,"caption":"AIBC"},"image":{"@id":"https:\/\/www.aibi.it\/coopaibc\/#\/schema\/logo\/image\/"}},{"@type":"Person","@id":"https:\/\/www.aibi.it\/coopaibc\/#\/schema\/person\/29ad36869e080d9e3fe4cf7707235543","name":"francescoE","image":{"@type":"ImageObject","inLanguage":"it-IT","@id":"https:\/\/www.aibi.it\/coopaibc\/#\/schema\/person\/image\/","url":"https:\/\/secure.gravatar.com\/avatar\/eb25bc3259115f3cc20fd1978e06816ae94cd44934e33996da7a734be3641d43?s=96&d=mm&r=g","contentUrl":"https:\/\/secure.gravatar.com\/avatar\/eb25bc3259115f3cc20fd1978e06816ae94cd44934e33996da7a734be3641d43?s=96&d=mm&r=g","caption":"francescoE"},"url":"https:\/\/www.aibi.it\/coopaibc\/author\/francescoe\/"}]}},"_links":{"self":[{"href":"https:\/\/www.aibi.it\/coopaibc\/wp-json\/wp\/v2\/posts\/4162","targetHints":{"allow":["GET"]}}],"collection":[{"href":"https:\/\/www.aibi.it\/coopaibc\/wp-json\/wp\/v2\/posts"}],"about":[{"href":"https:\/\/www.aibi.it\/coopaibc\/wp-json\/wp\/v2\/types\/post"}],"author":[{"embeddable":true,"href":"https:\/\/www.aibi.it\/coopaibc\/wp-json\/wp\/v2\/users\/10"}],"replies":[{"embeddable":true,"href":"https:\/\/www.aibi.it\/coopaibc\/wp-json\/wp\/v2\/comments?post=4162"}],"version-history":[{"count":1,"href":"https:\/\/www.aibi.it\/coopaibc\/wp-json\/wp\/v2\/posts\/4162\/revisions"}],"predecessor-version":[{"id":4165,"href":"https:\/\/www.aibi.it\/coopaibc\/wp-json\/wp\/v2\/posts\/4162\/revisions\/4165"}],"wp:featuredmedia":[{"embeddable":true,"href":"https:\/\/www.aibi.it\/coopaibc\/wp-json\/wp\/v2\/media\/4164"}],"wp:attachment":[{"href":"https:\/\/www.aibi.it\/coopaibc\/wp-json\/wp\/v2\/media?parent=4162"}],"wp:term":[{"taxonomy":"category","embeddable":true,"href":"https:\/\/www.aibi.it\/coopaibc\/wp-json\/wp\/v2\/categories?post=4162"},{"taxonomy":"post_tag","embeddable":true,"href":"https:\/\/www.aibi.it\/coopaibc\/wp-json\/wp\/v2\/tags?post=4162"}],"curies":[{"name":"wp","href":"https:\/\/api.w.org\/{rel}","templated":true}]}}